{"id":657430,"date":"2026-08-31T09:16:13","date_gmt":"2026-08-31T09:16:13","guid":{"rendered":"https:\/\/www.europesays.com\/pl\/657430\/"},"modified":"2026-08-31T09:16:13","modified_gmt":"2026-08-31T09:16:13","slug":"5-mln-zlotych-na-przebudowe-infrastruktury-dworcowej-w-regionie-zmiany-jeszcze-w-tym-roku","status":"publish","type":"post","link":"https:\/\/www.europesays.com\/pl\/657430\/","title":{"rendered":"5 mln z\u0142otych na przebudow\u0119 infrastruktury dworcowej w regionie. Zmiany jeszcze w tym roku"},"content":{"rendered":"<p>    Prace ruszaj\u0105 w \u015arodzie Wielkopolskiej.<\/p>\n<p>PKP Polskie Linie Kolejowe rozpoczynaj\u0105 wyczekiwan\u0105 inwestycj\u0119 na peronie 2 w \u015arodzie Wielkopolskiej, na linii kolejowej Kluczbork &#8211; Pozna\u0144. &#8211; W miejscu dotychczasowej platformy powstanie nowa: wy\u017csza, bardziej komfortowa i ca\u0142kowicie dostosowana do potrzeb wszystkich podr\u00f3\u017cnych. Przebudowany obiekt b\u0119dzie mie\u0107 55 cm wysoko\u015bci oraz 250 m d\u0142ugo\u015bci (tyle samo co s\u0105siednia, wcze\u015bniej przebudowana platforma). Dla oczekiwanego komfortu na zmodernizowanym peronie u\u0142o\u017cymy antypo\u015blizgow\u0105 nawierzchni\u0119 z wypuk\u0142\u0105 faktur\u0105. B\u0119d\u0105 \u015bcie\u017cki naprowadzaj\u0105ce, pomocne osobom niewidomym i niedowidz\u0105cym. Przygotujemy chroni\u0105ce przed z\u0142ymi warunkami atmosferycznymi wiaty. Ustawimy wygodne \u0142awki, zamontujemy nowe o\u015bwietlenie, a tak\u017ce zapewnimy czyteln\u0105 informacj\u0119 w postaci tablic oraz gablot z rozk\u0142adami jazdy &#8211; informuj\u0105 kolejarze.<\/p>\n<p><a href=\"https:\/\/epoznan.pl\/adsysClick?id=21462\" target=\"_blank\" rel=\"nofollow noopener\">Kup Renault Symbioz fullhybrid ETech i zyskaj do 27000 z\u0142 w finansowaniu Renault z E-Tech bonusem na auta dost\u0119pne od r\u0119ki. Dost\u0119pne z fabryczn\u0105 LPG. Auto Compol tel. 61 8465112<\/a><\/p>\n<p>REKLAMA<\/p>\n<p>Ca\u0142o\u015b\u0107 prac ma si\u0119 odbywa\u0107 etapami, by jak najmniej wp\u0142ywa\u0107 na rozk\u0142ad jazdy poci\u0105g\u00f3w. Najpierw modernizowany b\u0119dzie jeden tor, a nast\u0119pnie drugi. W czasie inwestycji pasa\u017cerowie b\u0119d\u0105 korzysta\u0107 g\u0142\u00f3wnie z peronu 1, a nast\u0119pnie z jednej wyremontowanej kraw\u0119dzi peronu 2. <\/p>\n<p>&#8211; Na nasze zlecenie prace zrealizuje Zak\u0142ad Rob\u00f3t Komunikacyjnych DOM Sp. z o.o. za ponad 4,2 mln z\u0142 (netto; ok. 5 mln z\u0142 brutto) ze \u015brodk\u00f3w bud\u017cetowych. Obecnie przewidujemy, \u017ce zasadnicze prace przeprowadzimy do ko\u0144ca roku i w\u00f3wczas podr\u00f3\u017cni zyskaj\u0105 na stacji \u015aroda Wielkopolska nowy peron &#8211; dodaj\u0105.<\/p>\n","protected":false},"excerpt":{"rendered":"Prace ruszaj\u0105 w \u015arodzie Wielkopolskiej. PKP Polskie Linie Kolejowe rozpoczynaj\u0105 wyczekiwan\u0105 inwestycj\u0119 na peronie 2 w \u015arodzie Wielkopolskiej,&hellip;\n","protected":false},"author":2,"featured_media":657431,"comment_status":"","ping_status":"","sticky":false,"template":"","format":"standard","meta":{"footnotes":"","_share_on_mastodon":"0"},"categories":[16],"tags":[113,112,128118,3511,1205,1075,42,38,40,39,41],"class_list":["post-657430","post","type-post","status-publish","format-standard","has-post-thumbnail","category-biznes","tag-biznes","tag-business","tag-dworzec-sroda-wielkopolska","tag-inwestycje","tag-kolej","tag-komunikacja","tag-pl","tag-poland","tag-polish","tag-polska","tag-polski"],"share_on_mastodon":{"url":"https:\/\/pubeurope.com\/@pl\/117189370435590241","error":""},"_links":{"self":[{"href":"https:\/\/www.europesays.com\/pl\/wp-json\/wp\/v2\/posts\/657430","targetHints":{"allow":["GET"]}}],"collection":[{"href":"https:\/\/www.europesays.com\/pl\/wp-json\/wp\/v2\/posts"}],"about":[{"href":"https:\/\/www.europesays.com\/pl\/wp-json\/wp\/v2\/types\/post"}],"author":[{"embeddable":true,"href":"https:\/\/www.europesays.com\/pl\/wp-json\/wp\/v2\/users\/2"}],"replies":[{"embeddable":true,"href":"https:\/\/www.europesays.com\/pl\/wp-json\/wp\/v2\/comments?post=657430"}],"version-history":[{"count":0,"href":"https:\/\/www.europesays.com\/pl\/wp-json\/wp\/v2\/posts\/657430\/revisions"}],"wp:featuredmedia":[{"embeddable":true,"href":"https:\/\/www.europesays.com\/pl\/wp-json\/wp\/v2\/media\/657431"}],"wp:attachment":[{"href":"https:\/\/www.europesays.com\/pl\/wp-json\/wp\/v2\/media?parent=657430"}],"wp:term":[{"taxonomy":"category","embeddable":true,"href":"https:\/\/www.europesays.com\/pl\/wp-json\/wp\/v2\/categories?post=657430"},{"taxonomy":"post_tag","embeddable":true,"href":"https:\/\/www.europesays.com\/pl\/wp-json\/wp\/v2\/tags?post=657430"}],"curies":[{"name":"wp","href":"https:\/\/api.w.org\/{rel}","templated":true}]}}