{"id":657458,"date":"2026-08-31T09:36:16","date_gmt":"2026-08-31T09:36:16","guid":{"rendered":"https:\/\/www.europesays.com\/pl\/657458\/"},"modified":"2026-08-31T09:36:16","modified_gmt":"2026-08-31T09:36:16","slug":"wazny-dla-kierowcow-rowerzystow-i-pieszych-remont-ulicy-na-wielkiej-wyspie-we-wroclawiu","status":"publish","type":"post","link":"https:\/\/www.europesays.com\/pl\/657458\/","title":{"rendered":"Wa\u017cny dla kierowc\u00f3w, rowerzyst\u00f3w i pieszych remont ulicy na Wielkiej Wyspie we Wroc\u0142awiu"},"content":{"rendered":"<p>Wroc\u0142aw rozpoczyna kolejny remont drogowy w ramach programu \u201eWroc\u0142aw na Dobrej Drodze\u201d. Tym razem ekipy remontowe wkraczaj\u0105 na ul. Dembowskiego, gdzie opr\u00f3cz nowej nawierzchni jezdni wyremontuj\u0105 tak\u017ce ci\u0105g pieszo-rowerowy. Inwestycja obejmie \u0142\u0105cznie 1200 metr\u00f3w drogi, a jej warto\u015b\u0107 wyniesie oko\u0142o 6,2 mln z\u0142.<br \/>\n&#13;<\/p>\n<p>W tym artykule przeczytasz:<\/p>\n<p>                Kiedy rozpocznie si\u0119 remont ulicy Dembowskiego we Wroc\u0142awiu.Co zmieni si\u0119 na ul. Dembowskiego po pracach remontowych.Jakie utrudnienia czekaj\u0105 kierowc\u00f3w, pieszych i rowerzyst\u00f3w na Wielkiej Wyspie.<br \/>\n            &#13;<\/p>\n<p>Kiedy rozpocznie si\u0119 remont ulicy Dembowskiego we Wroc\u0142awiu?<\/p>\n<p>\u2013 Przyst\u0119pujemy do rob\u00f3t na kolejnej ulicy uj\u0119tej w tegorocznej edycji programu Wroc\u0142aw na Dobrej Drodze. Ulica Dembowskiego to ju\u017c \u00f3sma z wytypowanych do wymiany nawierzchni dr\u00f3g. Roboty trwaj\u0105 obecnie na ul. Ignuta, Szybowcowej, Redstowej, Redyckiej, Gajowickiej, Kleci\u0144skiej oraz na al. Wi\u015bniowej. Na pierwszych trzech planujemy je zako\u0144czy\u0107 we wrze\u015bniu \u2013 informuje Damian Kret, rzecznik prasowy ZDiUM we Wroc\u0142awiu.<\/p>\n<p>Drogowcy zast\u0119pcz\u0105 organizacj\u0119 ruchu wdro\u017cyli w miniony weekend. Nast\u0119pnie wykonawca rozpocznie prace etapami. W pierwszej kolejno\u015bci zajmie si\u0119 regulacj\u0105 urz\u0105dze\u0144 odwodnienia oraz wymian\u0105 nawierzchni ci\u0105gu pieszo-rowerowego. Co istotne, ten etap nie wp\u0142ynie na ruch samochodowy ani komunikacj\u0119 pasa\u017cersk\u0105.<\/p>\n<p>Ponadto na pocz\u0105tku wrze\u015bnia ekipy rozpoczn\u0105 rozbi\u00f3rki i rewizje studni w rejonie posesji nr 112 i 124. Kierowcy musz\u0105 tam liczy\u0107 si\u0119 z lokalnym zw\u0119\u017ceniem jezdni do jednego pasa ruchu.<\/p>\n<p>Co zmieni si\u0119 na ul. Dembowskiego po pracach remontowych?<\/p>\n<p>\u2013 Na ul. Dembowskiego rozszerzamy zakres inwestycji, opr\u00f3cz jezdni przeprowadzimy tak\u017ce remont ci\u0105gu pieszo-rowerowego biegn\u0105cego po po\u0142udniowej stronie ulicy. Planujemy wymian\u0119 nawierzchni jezdni na odcinku od Alei Wielkiej Wyspy do ul. Bacciarellego oraz nawierzchni traktu dla pieszych i rowerzyst\u00f3w na tym samym odcinku, czyli na ca\u0142ej jego d\u0142ugo\u015bci \u2013 uzupe\u0142nia Damian Kret.<\/p>\n<p>Remont obejmie odcinek od Alei Wielkiej Wyspy do ul. Bacciarellego. \u0141\u0105cznie drogowcy odnowi\u0105 1200 metr\u00f3w infrastruktury, a powierzchnia wymienianych nawierzchni jezdni, ci\u0105gu pieszo-rowerowego, poboczy i miejsc postojowych przekroczy 20 tys. mkw.<\/p>\n<p>Zakres inwestycji obejmie r\u00f3wnie\u017c regulacj\u0119 wysoko\u015bciow\u0105 w\u0142az\u00f3w, studzienek, zawor\u00f3w i \u015bcieku. Dodatkowo wykonawca przeprowadzi lokalne wymiany podbudowy, wzmocni pod\u0142o\u017ce, a tak\u017ce wymieni lub wyreguluje kraw\u0119\u017cniki.<\/p>\n<p>Jakie utrudnienia czekaj\u0105 kierowc\u00f3w, pieszych i rowerzyst\u00f3w na Wielkiej Wyspie?<\/p>\n<p>Pierwszy etap prac nie powinien znacz\u0105co wp\u0142yn\u0105\u0107 na ruch. Roboty na ci\u0105gu pieszo-rowerowym wykonawca podzieli na odcinki i poprowadzi przy po\u0142\u00f3wkowym zaj\u0119ciu jego szeroko\u015bci. Dzi\u0119ki temu piesi oraz rowerzy\u015bci zachowaj\u0105 mo\u017cliwo\u015b\u0107 przejazdu i przej\u015bcia. Jednocze\u015bnie drogowcy wyznacz\u0105 tymczasowe przej\u015bcia dla pieszych przez drog\u0119 dla rower\u00f3w.<br \/>W pierwszych dniach wrze\u015bnia kierowcy odczuj\u0105 natomiast niewielkie zw\u0119\u017cenia jezdni w dw\u00f3ch miejscach, przy posesjach nr 112 i 124.<\/p>\n<p>Prace na jezdni rozpoczn\u0105 si\u0119 w p\u00f3\u017aniejszym terminie. O ich zakresie, terminie rozpocz\u0119cia i utrudnieniach b\u0119dziemy informowa\u0107 w odr\u0119bnym komunikacie.<\/p>\n<p>Za realizacj\u0119 inwestycji odpowiada firma APCOM Development, kt\u00f3r\u0105 wybrano w przetargu. Miasto przeznaczy na remont oko\u0142o 6,2 mln z\u0142.<\/p>\n<p><img fetchpriority=\"high\" decoding=\"async\" class=\"size-full wp-image-67877\" src=\"https:\/\/www.europesays.com\/pl\/wp-content\/uploads\/2026\/08\/grafika-ul.-Dembowskiego.jpg\" alt=\"Ulica Dembowskiego.\" width=\"1081\" height=\"1350\"  \/>Fot. ZDiUM.<\/p>\n","protected":false},"excerpt":{"rendered":"Wroc\u0142aw rozpoczyna kolejny remont drogowy w ramach programu \u201eWroc\u0142aw na Dobrej Drodze\u201d. Tym razem ekipy remontowe wkraczaj\u0105 na&hellip;\n","protected":false},"author":2,"featured_media":657459,"comment_status":"","ping_status":"","sticky":false,"template":"","format":"standard","meta":{"footnotes":"","_share_on_mastodon":"0"},"categories":[51607],"tags":[127608,64527,33958,27737,42,38,40,39,41,8994,3813,128124,128125,79477,1853,56683,79959,56684],"class_list":["post-657458","post","type-post","status-publish","format-standard","has-post-thumbnail","category-wroclaw","tag-damian-kret","tag-drogowcy","tag-jezdnia","tag-naprawa","tag-pl","tag-poland","tag-polish","tag-polska","tag-polski","tag-prace","tag-remont","tag-remont-dembowskiego","tag-ulica-dembowskiego","tag-wielka-wyspa","tag-wroclaw","tag-zarzad-drog-i-utrzymania-miasta","tag-zarzad-drog-i-utrzymania-miasta-we-wroclawiu","tag-zdium"],"share_on_mastodon":{"url":"https:\/\/pubeurope.com\/@pl\/117189450570462729","error":""},"_links":{"self":[{"href":"https:\/\/www.europesays.com\/pl\/wp-json\/wp\/v2\/posts\/657458","targetHints":{"allow":["GET"]}}],"collection":[{"href":"https:\/\/www.europesays.com\/pl\/wp-json\/wp\/v2\/posts"}],"about":[{"href":"https:\/\/www.europesays.com\/pl\/wp-json\/wp\/v2\/types\/post"}],"author":[{"embeddable":true,"href":"https:\/\/www.europesays.com\/pl\/wp-json\/wp\/v2\/users\/2"}],"replies":[{"embeddable":true,"href":"https:\/\/www.europesays.com\/pl\/wp-json\/wp\/v2\/comments?post=657458"}],"version-history":[{"count":0,"href":"https:\/\/www.europesays.com\/pl\/wp-json\/wp\/v2\/posts\/657458\/revisions"}],"wp:featuredmedia":[{"embeddable":true,"href":"https:\/\/www.europesays.com\/pl\/wp-json\/wp\/v2\/media\/657459"}],"wp:attachment":[{"href":"https:\/\/www.europesays.com\/pl\/wp-json\/wp\/v2\/media?parent=657458"}],"wp:term":[{"taxonomy":"category","embeddable":true,"href":"https:\/\/www.europesays.com\/pl\/wp-json\/wp\/v2\/categories?post=657458"},{"taxonomy":"post_tag","embeddable":true,"href":"https:\/\/www.europesays.com\/pl\/wp-json\/wp\/v2\/tags?post=657458"}],"curies":[{"name":"wp","href":"https:\/\/api.w.org\/{rel}","templated":true}]}}