{"id":657466,"date":"2026-08-31T09:41:11","date_gmt":"2026-08-31T09:41:11","guid":{"rendered":"https:\/\/www.europesays.com\/pl\/657466\/"},"modified":"2026-08-31T09:41:11","modified_gmt":"2026-08-31T09:41:11","slug":"informator-stolicy-warszawski-przewodnik-po-wydarzeniach-od-historycznych-spacerow-po-plenerowe-festiwale-filmowe","status":"publish","type":"post","link":"https:\/\/www.europesays.com\/pl\/657466\/","title":{"rendered":"Informator Stolicy &#8211; Warszawski przewodnik po wydarzeniach: Od historycznych spacer\u00f3w po plenerowe festiwale filmowe"},"content":{"rendered":"<p>                AKCJA POD ARSENA\u0141EM I INNE AKCJE POLSKIEGO\u00a0PODZIEMIA\u00a0<\/p>\n<p style=\"text-align:justify\">We wtorek, 1 wrze\u015bnia, o godzinie 19:00, przy Pomniku Powstania Warszawskiego na placu Krasi\u0144skich rozpocznie si\u0119 historyczny spacer z przewodnikiem po\u015bwi\u0119cony akcjom polskiego podziemia oraz obronie stolicy. Wydarzenie to zosta\u0142o zaplanowane na symboliczn\u0105 87. rocznic\u0119 wybuchu II wojny \u015bwiatowej, co nadaje mu wyj\u0105tkowy i refleksyjny charakter. Trasa spaceru po\u0142\u0105czy opowie\u015bci o brawurowych dzia\u0142aniach konspiracyjnych z dramatycznymi wspomnieniami wrze\u015bniowych dni 1939 roku, naznaczonych bombardowaniami i pocz\u0105tkiem zniszcze\u0144 miasta. Uczestnicy us\u0142ysz\u0105 nie tylko o najg\u0142o\u015bniejszych operacjach, takich jak legendarna Akcja pod Arsena\u0142em, lecz r\u00f3wnie\u017c o mniej znanych epizodach z \u017cycia okupowanej Warszawy. Program przewiduje zg\u0142\u0119bienie tematyki zamach\u00f3w, akcji dywersyjnych oraz sabota\u017cu, a tak\u017ce ukazanie ogromnego ryzyka, jakie ponosili zar\u00f3wno sami podziemni \u017co\u0142nierze, jak i ich bliscy. Przewodnik przybli\u017cy uczestnikom motywy stoj\u0105ce za likwidacj\u0105 niemieckich funkcjonariuszy, kulisy realizacji planu Pabsta oraz historyczne zagadki, w tym tajemnic\u0119 \u015blubu z nieboszczykiem czy powody chwilowego aresztowania pomnika Jana Kili\u0144skiego. Udzia\u0142 w tym edukacyjnym wydarzeniu ma charakter otwarty, a na miejscu prowadzona b\u0119dzie dobrowolna zrzutka przeznaczona na wynagrodzenie pracy przewodnika. Inicjatywa stanowi doskona\u0142\u0105 okazj\u0119 do pog\u0142\u0119bienia wiedzy o warszawskiej historii w rocznicowym dniu.<\/p>\n<p><a rel=\"nofollow noopener\" target=\"_blank\" href=\"https:\/\/www.facebook.com\/events\/1098317449286414\/?acontext=%7B%22ref%22%3A%2252%22%2C%22action_history%22%3A%22%5b%7B%5C%22surface%5C%22%3A%5C%22share_link%5C%22%2C%5C%22mechanism%5C%22%3A%5C%22share_link%5C%22%2C%5C%22extra_data%5C%22%3A%7B%5C%22invite_link_id%5C%22%3A931981399330606%7D%7D%5d%22%7D\">https:\/\/www.facebook.com\/events\/1098317449286414\/?acontext=%7B%22ref%22%3A%2252%22%2C%22action_history%22%3A%22[%7B%5C%22surface%5C%22%3A%5C%22share_link%5C%22%2C%5C%22mechanism%5C%22%3A%5C%22share_link%5C%22%2C%5C%22extra_data%5C%22%3A%7B%5C%22invite_link_id%5C%22%3A931981399330606%7D%7D]%22%7D<\/a><\/p>\n<p>\u00a0<\/p>\n<p>ONE EARTH\u00a0<\/p>\n<p style=\"text-align:justify\">W dniach od 1 do 3 wrze\u015bnia w Parku Pi\u0119ciu Si\u00f3str odb\u0119d\u0105 si\u0119 Pokazy Fina\u0142owe Festiwalu Filmowego OnEarth, stanowi\u0105ce unikalne wydarzenie \u0142\u0105cz\u0105ce sztuk\u0119 kinow\u0105 z refleksj\u0105 nad stanem \u015brodowiska naturalnego. Ka\u017cdego dnia o godzinie 20:00 przestrze\u0144 parku oraz s\u0105siaduj\u0105ce Chono Lulu Bistro &amp; Bar zamieni\u0105 si\u0119 w plenerow\u0105 sal\u0119 kinow\u0105 pod chmurk\u0105, dedykowan\u0105 mi\u0142o\u015bnikom ekologii i ambitnej kinematografii. Program imprezy skupia si\u0119 wok\u00f3\u0142 relacji pomi\u0119dzy cz\u0142owiekiem, klimatem a otaczaj\u0105c\u0105 przyrod\u0105, oferuj\u0105c widzom starannie wyselekcjonowane filmy zaanga\u017cowane, dokumenty oraz kr\u00f3tkie metra\u017ce. Inicjatywa ta stawia na kino o wysokich walorach wizualnych, kt\u00f3re jednocze\u015bnie sk\u0142ania do g\u0142\u0119bokich przemy\u015ble\u0144 na temat przysz\u0142o\u015bci naszej planety. Udzia\u0142 w pokazach stanowi doskona\u0142\u0105 okazj\u0119 do po\u0142\u0105czenia wieczornego relaksu w parkowej zieleni z pog\u0142\u0119bianiem \u015bwiadomo\u015bci ekologicznej na progu nadchodz\u0105cej jesieni. Wst\u0119p na wszystkie seanse jest ca\u0142kowicie wolny, co pozwala ka\u017cdemu zainteresowanemu na swobodny udzia\u0142 w tym kulturalnym przedsi\u0119wzi\u0119ciu. Organizatorzy zach\u0119caj\u0105 uczestnik\u00f3w do zabrania w\u0142asnych koc\u00f3w oraz sp\u0119dzenia czasu w gronie znajomych w proekologicznej atmosferze. Wydarzenie wpisuje si\u0119 w cykl miejskich inicjatyw promuj\u0105cych zr\u00f3wnowa\u017cony rozw\u00f3j oraz wa\u017cne debaty spo\u0142eczne za po\u015brednictwem \u015brodk\u00f3w wyrazu artystycznego. Trzydniowy festiwal filmowy w dzielnicy Ochota stanowi kluczowy punkt podsumowania tegorocznych dzia\u0142a\u0144 ekologiczno-kulturalnych w regionie. Szczeg\u00f3\u0142owe informacje oraz ewentualne zmiany w harmonogramie mo\u017cna na bie\u017c\u0105co sprawdza\u0107 bezpo\u015brednio na oficjalnej stronie internetowej organizator\u00f3w.<\/p>\n<p><a rel=\"nofollow noopener\" target=\"_blank\" href=\"https:\/\/www.facebook.com\/events\/1454986299738536\/1454986303071869\/?active_tab=about\">https:\/\/www.facebook.com\/events\/1454986299738536\/1454986303071869\/?active_tab=about<\/a><\/p>\n<p>\u00a0<\/p>\n<p>JOGA W PARKU G\u00d3RCZEWSKA\u00a0<\/p>\n<p style=\"text-align:justify\">R\u00f3wnie\u017c w \u015brod\u0119 w Parku G\u00f3rczewska na Bemowie odb\u0119d\u0105 si\u0119 bezp\u0142atne, plenerowe zaj\u0119cia jogi, skierowane do wszystkich mi\u0142o\u015bnik\u00f3w relaksu i aktywno\u015bci fizycznej na \u015bwie\u017cym powietrzu. Wydarzenie zaplanowano w dw\u00f3ch dogodnych przedzia\u0142ach czasowych, ze startem pierwszej tury o godzinie 17:30 oraz drugiej o godzinie 18:40 w pobli\u017cu miejskiego placu zabaw. Spotkania te stanowi\u0105 doskona\u0142\u0105 okazj\u0119 do kompleksowego zadbania o kondycj\u0119 fizyczn\u0105 oraz wyciszenia umys\u0142u po\u015br\u00f3d miejskiej zieleni. Program \u0107wicze\u0144 zosta\u0142 zaprojektowany z my\u015bl\u0105 o osobach na ka\u017cdym poziomie zaawansowania, niezale\u017cnie od wieku czy dotychczasowego do\u015bwiadczenia w praktykowaniu jogi. Udzia\u0142 w zaj\u0119ciach ma charakter ca\u0142kowicie otwarty i bezp\u0142atny, co pozwala na swobodny udzia\u0142 bez konieczno\u015bci wcze\u015bniejszych zapis\u00f3w. Uczestnicy powinni jedynie pami\u0119ta\u0107 o zabraniu w\u0142asnej maty do \u0107wicze\u0144, wygodnego stroju sportowego oraz pozytywnego nastawienia. Organizatorzy zalecaj\u0105 wcze\u015bniejsze sprawdzenie ewentualnych aktualizacji informacji bezpo\u015brednio na stronie \u017ar\u00f3d\u0142owej przed przybyciem na miejsce.\u00a0<\/p>\n<p><a rel=\"nofollow noopener\" target=\"_blank\" href=\"https:\/\/www.facebook.com\/photo?fbid=1461886005981238&amp;amp%3Bset=a.628649225971591\">https:\/\/www.facebook.com\/photo?fbid=1461886005981238&amp;amp%3Bset=a.628649225971591<\/a><\/p>\n<p>\u00a0<\/p>\n<p>WARSZTATY R\u0118KODZIELNICZE<\/p>\n<p style=\"text-align:justify\">3 wrze\u015bnia o godzinie 18:00 w lokalu P\u00f3\u0142 na Pu\u0142 przy ulicy Pu\u0142awskiej 20 na Mokotowie odb\u0119d\u0105 si\u0119 cykliczne warsztaty r\u0119kodzielnicze. Inauguracyjne spotkanie we wrze\u015bniowym harmonogramie zostanie w ca\u0142o\u015bci po\u015bwi\u0119cone nauce szycia w\u0142asnych pluszak\u00f3w z materia\u0142\u00f3w pochodz\u0105cych z recyklingu. Wydarzenie to skierowane jest do wszystkich mi\u0142o\u015bnik\u00f3w rob\u00f3tek r\u0119cznych oraz techniki DIY, kt\u00f3rzy chc\u0105 rozwija\u0107 swoje zdolno\u015bci manualne w kreatywnej atmosferze. Udzia\u0142 w zaj\u0119ciach jest ca\u0142kowicie bezp\u0142atny pod wzgl\u0119dem wst\u0119pu, jednak uczestnicy zobowi\u0105zani s\u0105 do z\u0142o\u017cenia zam\u00f3wienia na dowolne jedzenie lub napoje z menu miejsca. Poniewa\u017c liczba miejsc jest ograniczona, na wydarzenie obowi\u0105zuj\u0105 wcze\u015bniejsze zapisy za po\u015brednictwem specjalnego formularza zg\u0142oszeniowego dost\u0119pnego online. Spotkania te stanowi\u0105 doskona\u0142\u0105 okazj\u0119 do ciekawej formy sp\u0119dzenia wolnego czasu i rozwijania artystycznych pasji w gronie innych tw\u00f3rczych os\u00f3b. Inicjatywa ta wpisuje si\u0119 w popularny nurt ekologicznego rzemios\u0142a oraz kreatywnego upcyclingu materia\u0142\u00f3w tekstylnych.<\/p>\n<p><a rel=\"nofollow noopener\" target=\"_blank\" href=\"https:\/\/www.facebook.com\/events\/1664365178687908\/1675621370895622\/\">https:\/\/www.facebook.com\/events\/1664365178687908\/1675621370895622\/<\/a><\/p>\n<p>\u00a0<\/p>\n<p>JESIENNE TARGI KSI\u0104\u017bKI\u00a0<\/p>\n<p style=\"text-align:justify\">W dniach od 4 do 6 wrze\u015bnia na Placu Centralnym odb\u0119d\u0105 si\u0119 Jesienne Targi Ksi\u0105\u017cki, stanowi\u0105ce wyj\u0105tkowe wydarzenie kulturalne dla wszystkich mi\u0142o\u015bnik\u00f3w literatury. Oficjalne otwarcie imprezy zaplanowano na pi\u0105tek na godzin\u0119 11:00, a stoiska b\u0119d\u0105 dost\u0119pne dla odwiedzaj\u0105cych a\u017c do niedzielnego popo\u0142udnia. W tegorocznej edycji targ\u00f3w we\u017amie udzia\u0142 szerokie grono wystawc\u00f3w, w tym czo\u0142owi wydawcy literatury pi\u0119knej, krymina\u0142\u00f3w, reporta\u017cy, ksi\u0105\u017cek dzieci\u0119cych, a tak\u017ce publikacji z popularnych gatunk\u00f3w young adult. Swoj\u0105 ofert\u0119 zaprezentuj\u0105 r\u00f3wnie\u017c tw\u00f3rcze antykwariaty oraz producenci nowoczesnych gier planszowych. Prezentacji bogatego asortymentu wydawniczego towarzyszy\u0107 b\u0119dzie rozbudowany program paneli dyskusyjnych, spotka\u0144 z autorskimi s\u0142awami oraz specjalnych sesji sk\u0142adania podpis\u00f3w. Wydarzenie to potrwa trzy dni, oferuj\u0105c uczestnikom okazj\u0119 do odkrywania literackich nowo\u015bci i bezpo\u015brednich rozm\u00f3w z tw\u00f3rcami. Wst\u0119p na teren targ\u00f3w jest ca\u0142kowicie bezp\u0142atny dla wszystkich zainteresowanych czytelnik\u00f3w. Godziny otwarcia przewidziano w pi\u0105tek od 11:00 do 18:00, w sobot\u0119 od 10:00 do 18:00 oraz w niedziel\u0119 od 10:00 do 17:00. Szczeg\u00f3\u0142owy harmonogram spotka\u0144 oraz pe\u0142na lista wystawc\u00f3w zostan\u0105 opublikowane wkr\u00f3tce na oficjalnych kana\u0142ach informacyjnych organizator\u00f3w. Wydarzenie w sercu stolicy stanowi idealn\u0105 okazj\u0119 do kulturalnego powitania jesieni w otoczeniu tysi\u0119cy ksi\u0105\u017cek.<\/p>\n<p><a rel=\"nofollow noopener\" target=\"_blank\" href=\"https:\/\/www.facebook.com\/events\/4505119279804233\/\">https:\/\/www.facebook.com\/events\/4505119279804233\/<\/a><\/p>\n<p>\u00a0<\/p>\n<p>BACK TO SCHOOL NA BEMOWIE\u00a0<\/p>\n<p style=\"text-align:justify\">W pi\u0105tek, 4 wrze\u015bnia, o godzinie 18:00, przed budynkiem Urz\u0119du Dzielnicy Bemowo przy ulicy Powsta\u0144c\u00f3w \u015al\u0105skich 70 odb\u0119dzie si\u0119 wyj\u0105tkowy koncert plenerowy pod has\u0142em \u201eBack to school\u201d. Wydarzenie to zosta\u0142o przygotowane z my\u015bl\u0105 o m\u0142odzie\u017cy oraz wszystkich mieszka\u0144cach pragn\u0105cych w muzycznej atmosferze po\u017cegna\u0107 minione wakacje i symbolicznie przywita\u0107 powracaj\u0105cy rok szkolny. Na specjalnie przygotowanej scenie zaprezentuj\u0105 si\u0119 popularni arty\u015bci m\u0142odego pokolenia, ciesz\u0105cy si\u0119 du\u017cym uznaniem w\u015br\u00f3d fan\u00f3w wsp\u00f3\u0142czesnej sceny muzycznej. Jako pierwszy, punktualnie o godzinie 18:00, wyst\u0105pi Eryk Moczko, wprowadzaj\u0105c uczestnik\u00f3w w energetyczny nastr\u00f3j wieczoru. Nast\u0119pnie, o godzinie 19:15, na scenie pojawi si\u0119 Blanka, kt\u00f3rej wyst\u0119py zawsze przyci\u0105gaj\u0105 licznych wielbicieli dynamicznych, radiowych brzmie\u0144. Muzyczn\u0105 kulminacj\u0105 imprezy b\u0119dzie koncert Tymka, zaplanowany na godzin\u0119 20:45, stanowi\u0105cy g\u0142\u00f3wn\u0105 atrakcj\u0119 ca\u0142ego wydarzenia. Udzia\u0142 we wszystkich zaplanowanych koncertach jest ca\u0142kowicie bezp\u0142atny, co czyni t\u0119 inicjatyw\u0119 dost\u0119pn\u0105 dla ka\u017cdego zainteresowanego uczestnika. Organizatorzy zach\u0119caj\u0105 do wcze\u015bniejszego przybycia na miejsce ze wzgl\u0119du na spodziewan\u0105 du\u017c\u0105 frekwencj\u0119 i entuzjastyczne przyj\u0119cie ze strony publiczno\u015bci. Przed wzi\u0119ciem udzia\u0142u w wydarzeniu warto upewni\u0107 si\u0119 co do ewentualnych zmian w harmonogramie, sprawdzaj\u0105c bie\u017c\u0105ce informacje bezpo\u015brednio na oficjalnych stronach \u017ar\u00f3d\u0142owych.<\/p>\n<p><a rel=\"nofollow noopener\" target=\"_blank\" href=\"https:\/\/www.facebook.com\/events\/2875339949510993\/\">https:\/\/www.facebook.com\/events\/2875339949510993\/<\/a><\/p>\n<p>\u00a0<\/p>\n<p>fot. pixabay\u00a0<\/p>\n","protected":false},"excerpt":{"rendered":"AKCJA POD ARSENA\u0141EM I INNE AKCJE POLSKIEGO\u00a0PODZIEMIA\u00a0 We wtorek, 1 wrze\u015bnia, o godzinie 19:00, przy Pomniku Powstania Warszawskiego&hellip;\n","protected":false},"author":2,"featured_media":657467,"comment_status":"","ping_status":"","sticky":false,"template":"","format":"standard","meta":{"footnotes":"","_share_on_mastodon":"0"},"categories":[51605],"tags":[1088,44112,54791,53997,128127,60236,63970,71476,3622,123721,7936,111899,85447,109237,75327,99149,8590,12172,85623,75329,42,65657,128111,38,40,39,41,128112,60237,60248,60246,35371,128128,435,60238,67416],"class_list":["post-657466","post","type-post","status-publish","format-standard","has-post-thumbnail","category-warszawa","tag-aktualne-wydarzenia","tag-aktywnosc-fizyczna","tag-alicja-jaryczewska","tag-bezplatne-warsztaty","tag-bezplatne-wydarzenia-bemowo","tag-bezplatne-wydarzenia-warszawa","tag-cykliczne-wydarzenia","tag-darmowy-koncert","tag-edukacja","tag-eko-warsztaty","tag-ekologia","tag-festiwal-filmowy","tag-impreza-plenerowa","tag-joga-dla-wszystkich","tag-kino-plenerowe","tag-kino-pod-chmurka","tag-literatura","tag-ochrona-przyrody","tag-park-gorczewska","tag-park-pieciu-siostr","tag-pl","tag-plac-centralny","tag-plac-krasinskich","tag-poland","tag-polish","tag-polska","tag-polski","tag-pomnik-powstancow","tag-przewodnik-po-wydarzeniach","tag-spacer-historyczny","tag-spacer-z-przewodnikiem","tag-targi-ksiazki","tag-urzad-dzielnicy-bemowo","tag-warszawa","tag-warszawa-wydarzenia","tag-warsztaty-artystyczne"],"share_on_mastodon":{"url":"","error":"Validation failed: Text character limit of 500 exceeded"},"_links":{"self":[{"href":"https:\/\/www.europesays.com\/pl\/wp-json\/wp\/v2\/posts\/657466","targetHints":{"allow":["GET"]}}],"collection":[{"href":"https:\/\/www.europesays.com\/pl\/wp-json\/wp\/v2\/posts"}],"about":[{"href":"https:\/\/www.europesays.com\/pl\/wp-json\/wp\/v2\/types\/post"}],"author":[{"embeddable":true,"href":"https:\/\/www.europesays.com\/pl\/wp-json\/wp\/v2\/users\/2"}],"replies":[{"embeddable":true,"href":"https:\/\/www.europesays.com\/pl\/wp-json\/wp\/v2\/comments?post=657466"}],"version-history":[{"count":0,"href":"https:\/\/www.europesays.com\/pl\/wp-json\/wp\/v2\/posts\/657466\/revisions"}],"wp:featuredmedia":[{"embeddable":true,"href":"https:\/\/www.europesays.com\/pl\/wp-json\/wp\/v2\/media\/657467"}],"wp:attachment":[{"href":"https:\/\/www.europesays.com\/pl\/wp-json\/wp\/v2\/media?parent=657466"}],"wp:term":[{"taxonomy":"category","embeddable":true,"href":"https:\/\/www.europesays.com\/pl\/wp-json\/wp\/v2\/categories?post=657466"},{"taxonomy":"post_tag","embeddable":true,"href":"https:\/\/www.europesays.com\/pl\/wp-json\/wp\/v2\/tags?post=657466"}],"curies":[{"name":"wp","href":"https:\/\/api.w.org\/{rel}","templated":true}]}}