{"id":657484,"date":"2026-08-31T09:50:16","date_gmt":"2026-08-31T09:50:16","guid":{"rendered":"https:\/\/www.europesays.com\/pl\/657484\/"},"modified":"2026-08-31T09:50:16","modified_gmt":"2026-08-31T09:50:16","slug":"donald-tusk-i-zondacrypto-co-naprawde-laczy-premiera-z-gielda-wyjasniamy","status":"publish","type":"post","link":"https:\/\/www.europesays.com\/pl\/657484\/","title":{"rendered":"Donald Tusk i Zondacrypto. Co naprawd\u0119 \u0142\u0105czy premiera z gie\u0142d\u0105? Wyja\u015bniamy"},"content":{"rendered":"<p>Sk\u0105d wzi\u0119\u0142a si\u0119 koszulka Tuska z Zondacrypto?<\/p>\n<p>W lutym br. Donald Tusk odwiedzi\u0142 m\u0142odych zawodnik\u00f3w Lechii Gda\u0144sk. Podczas spotkania otrzyma\u0142 od nich klubow\u0105 koszulk\u0119 z nazwiskiem &#8222;Tusk&#8221; oraz numerem 1945, nawi\u0105zuj\u0105cym do roku powstania Lechii. Polityk pochwali\u0142 si\u0119 tym prezentem w mediach spo\u0142eczno\u015bciowych.<\/p>\n<p>W tamtym czasie jednym ze sponsor\u00f3w Lechii Gda\u0144sk by\u0142a w\u0142a\u015bnie Zondacrypto. Gie\u0142da rozpocz\u0119\u0142a wsp\u00f3\u0142prac\u0119 z klubem w sierpniu 2025 r. Jej logo by\u0142o eksponowane na koszulkach zawodnik\u00f3w. W zwi\u0105zku z tym znalaz\u0142o si\u0119 r\u00f3wnie\u017c na koszulce wr\u0119czonej premierowi. Ju\u017c wtedy wykorzystali to politycy i komentatorzy zwi\u0105zani z prawic\u0105.<\/p>\n<p><a href=\"https:\/\/www.onet.pl\/\" title=\"Strona G\u0142\u00f3wna\" aria-label=\"Strona G\u0142\u00f3wna\" data-astro-prefetch=\"tap\" class=\"ods-a-logo-main-desktop\" rel=\"nofollow noopener\" target=\"_blank\"><img src=\"https:\/\/cdn.wiadomosci.onet.pl\/img\/Logo_desktop_Onet.svg\" class=\"ods-a-logo-main-desktop__image\" alt=\"Logo\" width=\"107\" height=\"60\" fetchpriority=\"high\" decoding=\"sync\" style=\"height:60px\"\/><\/a><\/p>\n<p class=\"ods-m-google-article__text\">Czytaj nas cz\u0119\u015bciej w Google<\/p>\n<p><a href=\"https:\/\/google.com\/preferences\/source?q=wiadomosci.onet.pl\" target=\"_blank\" rel=\"noopener noreferrer nofollow\" aria-label=\"Dodaj w Google\" title=\"Dodaj w Google\" class=\"ods-a-button ods-a-button__primary ods-a-button__default ods-a-button-l\">Dodaj w Google<\/a>Umowa sponsorska mia\u0142a obowi\u0105zywa\u0107 do ko\u0144ca sezonu 2026\/27. Jednak <a href=\"https:\/\/przegladsportowy.onet.pl\/pilka-nozna\/ekstraklasa\/lechia-gdansk-podjela-decyzje-w-sprawie-wspolpracy-z-zondacrypto\/ny85kr1\" id=\"974dd2ca-55e4-47fb-937c-5ca64162b797\" rel=\"nofollow noopener\" target=\"_blank\">w maju br. klub usun\u0105\u0142 Zond\u0119 ze swoich trykot\u00f3w i rozpocz\u0105\u0142 procedur\u0119 wypowiedzenia umowy<\/a>.Dalszy ci\u0105g artyku\u0142u pod materia\u0142em wideoZdj\u0119cie Tuska zosta\u0142o przerobione?<\/p>\n<p>Po wybuchu afery wok\u00f3\u0142 Zondacrypto pose\u0142 Janusz Kowalski wykorzysta\u0142 zdj\u0119cie premiera trzymaj\u0105cego koszulk\u0119 Lechii jako argument w politycznym sporze. Problem polega na tym, \u017ce zdj\u0119cie rozpowszechniane przez polityka nie jest oryginalne.<\/p>\n<p>Fotografi\u0119 zweryfikowa\u0142 serwis Demagog zajmuj\u0105cy si\u0119 fact-checkingiem. Okaza\u0142o si\u0119, \u017ce zosta\u0142a ona zmodyfikowana przy pomocy sztucznej inteligencji tak, aby reklama Zondacrypto na koszulce by\u0142a lepiej widoczna. Mimo to zdj\u0119cie nadal jest wykorzystywane przez polityk\u00f3w PiS.<\/p>\n<p>Dlaczego temat wr\u00f3ci\u0142 w\u0142a\u015bnie teraz?Powodem jest nowa ods\u0142ona \u015bledztwa dotycz\u0105cego Zondacrypto. Prokurator generalny Waldemar \u017burek poinformowa\u0142 o \u201eistotnym prze\u0142omie\u201d w post\u0119powaniu. Jak ujawnili\u015bmy w Onecie, szef gie\u0142dy Przemys\u0142aw Kral <a href=\"https:\/\/wiadomosci.onet.pl\/tylko-w-onecie\/przemyslaw-kral-szef-upadlej-gieldy-zondacrypto-negocjuje-warunki-przyjecia-statusu\/mvs190l\" id=\"7bf44284-451e-45df-a97f-8ee543b44e1b\" rel=\"nofollow noopener\" target=\"_blank\">od kilku miesi\u0119cy negocjowa\u0142 z prokuratur\u0105 warunki przyj\u0119cia statusu \u015bwiadka koronnego<\/a>.O co dok\u0142adnie chodzi w aferze Zondacrypto [WYJA\u015aNIAMY]<img class=\"ods-a-photo ods-a-photo--background\" src=\"https:\/\/www.europesays.com\/pl\/wp-content\/uploads\/2026\/08\/1788169816_764_qKuk9lBaHR0cHM6Ly9vY2RuLmV1L3B1bHNjbXMvTURBXy8wMTUwMTFjZTA1ZmRmYTE1YzJiMmJiNTBlOGU2YmM0OS5qcGeRlQLNA.jpeg\" height=\"254\" width=\"450\" alt=\"Przemys\u0142aw Kral\" loading=\"lazy\" fetchpriority=\"low\" decoding=\"async\"\/>Czy koszulka jest wi\u0119c dowodem na zwi\u0105zki Tuska z Zondacrypto?<\/p>\n<p>Koszulka Lechii Gda\u0144sk to jedyny publicznie udokumentowany zwi\u0105zek mi\u0119dzy Donaldem Tuskiem a Zondacrypto. Jednak sam fakt kibicowania klubowi sponsorowanemu przez dan\u0105 firm\u0119 nie oznacza, \u017ce polityk pozostaje z ni\u0105 w \u015bcis\u0142ej relacji.<\/p>\n<p>Z drugiej strony wiadomo, \u017ce premier ju\u017c w grudniu ub.r. podczas niejawnego posiedzenia Sejmu m\u00f3wi\u0142 o zagro\u017ceniach zwi\u0105zanych z Zondacrypto. Tymczasem koszulk\u0119 z logo firmy otrzyma\u0142 oko\u0142o dw\u00f3ch miesi\u0119cy p\u00f3\u017aniej. Niewyja\u015bnione s\u0105 powody, dla kt\u00f3rych zdecydowa\u0142 si\u0119 pochwali\u0107 otrzymanym prezentem.<\/p>\n","protected":false},"excerpt":{"rendered":"Sk\u0105d wzi\u0119\u0142a si\u0119 koszulka Tuska z Zondacrypto? W lutym br. Donald Tusk odwiedzi\u0142 m\u0142odych zawodnik\u00f3w Lechii Gda\u0144sk. Podczas&hellip;\n","protected":false},"author":2,"featured_media":657485,"comment_status":"","ping_status":"","sticky":false,"template":"","format":"standard","meta":{"footnotes":"","_share_on_mastodon":"0"},"categories":[62713],"tags":[61195,1345,212,49,551,48,46,47,10441,17994],"class_list":["post-657484","post","type-post","status-publish","format-standard","has-post-thumbnail","category-donald-tusk","tag-bottomfeed_styl","tag-donald-tusk","tag-donald_tusk","tag-kraj","tag-lechia_gdansk","tag-nat_styl","tag-omp","tag-screening_general","tag-sztuczna_inteligencja","tag-zondacrypto"],"share_on_mastodon":{"url":"https:\/\/pubeurope.com\/@pl\/117189504235040294","error":""},"_links":{"self":[{"href":"https:\/\/www.europesays.com\/pl\/wp-json\/wp\/v2\/posts\/657484","targetHints":{"allow":["GET"]}}],"collection":[{"href":"https:\/\/www.europesays.com\/pl\/wp-json\/wp\/v2\/posts"}],"about":[{"href":"https:\/\/www.europesays.com\/pl\/wp-json\/wp\/v2\/types\/post"}],"author":[{"embeddable":true,"href":"https:\/\/www.europesays.com\/pl\/wp-json\/wp\/v2\/users\/2"}],"replies":[{"embeddable":true,"href":"https:\/\/www.europesays.com\/pl\/wp-json\/wp\/v2\/comments?post=657484"}],"version-history":[{"count":0,"href":"https:\/\/www.europesays.com\/pl\/wp-json\/wp\/v2\/posts\/657484\/revisions"}],"wp:featuredmedia":[{"embeddable":true,"href":"https:\/\/www.europesays.com\/pl\/wp-json\/wp\/v2\/media\/657485"}],"wp:attachment":[{"href":"https:\/\/www.europesays.com\/pl\/wp-json\/wp\/v2\/media?parent=657484"}],"wp:term":[{"taxonomy":"category","embeddable":true,"href":"https:\/\/www.europesays.com\/pl\/wp-json\/wp\/v2\/categories?post=657484"},{"taxonomy":"post_tag","embeddable":true,"href":"https:\/\/www.europesays.com\/pl\/wp-json\/wp\/v2\/tags?post=657484"}],"curies":[{"name":"wp","href":"https:\/\/api.w.org\/{rel}","templated":true}]}}