{"id":657504,"date":"2026-08-31T10:04:12","date_gmt":"2026-08-31T10:04:12","guid":{"rendered":"https:\/\/www.europesays.com\/pl\/657504\/"},"modified":"2026-08-31T10:04:12","modified_gmt":"2026-08-31T10:04:12","slug":"reakcja24-mkna-po-szynach-niebieskie-tramwaje-z-witoldem-woznym-prezesem-mpk-wroclaw","status":"publish","type":"post","link":"https:\/\/www.europesays.com\/pl\/657504\/","title":{"rendered":"Reakcja24: \u201eMkn\u0105 po szynach niebieskie tramwaje\u2026\u201d z Witoldem Wo\u017anym, prezesem MPK Wroc\u0142aw"},"content":{"rendered":"<p>Witold Wo\u017any go\u015bciem Reakcji24.<\/p>\n<p>Fot. Krzysztof Milewski (RW)<\/p>\n<p style=\"text-align: justify;\">Sezon wakacyjny dobiega ko\u0144ca, wi\u0119c wracaj\u0105 standardowe rozk\u0142ady jazdy komunikacji miejskiej. A czy powr\u00f3c\u0105 te\u017c codzienne uci\u0105\u017cliwo\u015bci zwi\u0105zane z przejazdem z punktu A do punktu B: t\u0142ok w godzinach szczytu, op\u00f3\u017anienia, awarie, odwo\u0142ane kursy\u2026? Porozmawiamy o tym z Witoldem Wo\u017anym \u2013 Prezesem Zarz\u0105du MPK we Wroc\u0142awiu.<\/p>\n<p style=\"text-align: justify;\">Zapytamy te\u017c o to, jak przebieg\u0142y prace remontowe zaplanowane na sezon letni i co nas czeka w najbli\u017cszych miesi\u0105cach. Porozmawiamy o planach zakupu nowych tramwaj\u00f3w i autobus\u00f3w, ale tak\u017ce poruszymy zagadnienia zwi\u0105zane z utrzymaniem ju\u017c eksploatowanego taboru.<\/p>\n<p style=\"text-align: justify;\">Jakie s\u0105 dzi\u015b najwi\u0119ksze koszty funkcjonowania MPK? Czy jest mo\u017cliwo\u015b\u0107 oszcz\u0119dno\u015bci bez pogorszenia jako\u015bci komunikacji dla mieszka\u0144c\u00f3w? Co trzeba zmieni\u0107, \u017ceby mieszka\u0144cy rzeczywi\u015bcie wybierali tramwaj lub autobus zamiast auta? Dlaczego obecna jako\u015b\u0107 komunikacji miejskiej we Wroc\u0142awiu budzi emocje w\u015br\u00f3d pasa\u017cer\u00f3w i co konkretnie wymaga najwi\u0119kszej poprawy? Te pytania padn\u0105, ale te\u017c mamy nadziej\u0119 na g\u0142osy naszych s\u0142uchaczek i s\u0142uchaczy.<\/p>\n<p style=\"text-align: justify;\">Odpowiemy na pytania, wnioski i postulaty zg\u0142aszane pod numerem telefonu: 71\u00a0391 00 00, adresem mailowym: <a href=\"http:\/\/www.radiowroclaw.pl\/cdn-cgi\/l\/email-protection#d1a3b4b0bab2bbb0e3e591a3b0b5b8bea6a3beb2bdb0a6ffa1bd\" rel=\"nofollow noopener\" target=\"_blank\">[email\u00a0protected]<\/a> i w poni\u017cszym miejscu na komentarze.<\/p>\n<p style=\"text-align: justify;\">Do us\u0142yszenia po 12:00.<\/p>\n","protected":false},"excerpt":{"rendered":"Witold Wo\u017any go\u015bciem Reakcji24. Fot. Krzysztof Milewski (RW) Sezon wakacyjny dobiega ko\u0144ca, wi\u0119c wracaj\u0105 standardowe rozk\u0142ady jazdy komunikacji&hellip;\n","protected":false},"author":2,"featured_media":657505,"comment_status":"","ping_status":"","sticky":false,"template":"","format":"standard","meta":{"footnotes":"","_share_on_mastodon":"0"},"categories":[51607],"tags":[128132,10538,128134,42,6022,38,40,39,41,58773,58690,128133,10539,83832,83833,1853,44413],"class_list":["post-657504","post","type-post","status-publish","format-standard","has-post-thumbnail","category-wroclaw","tag-mkna","tag-mpk","tag-niebieskie","tag-pl","tag-po","tag-poland","tag-polish","tag-polska","tag-polski","tag-prezesem","tag-reakcja24","tag-szynach","tag-tramwaje","tag-witoldem","tag-woznym","tag-wroclaw","tag-z"],"share_on_mastodon":{"url":"https:\/\/pubeurope.com\/@pl\/117189559387526695","error":""},"_links":{"self":[{"href":"https:\/\/www.europesays.com\/pl\/wp-json\/wp\/v2\/posts\/657504","targetHints":{"allow":["GET"]}}],"collection":[{"href":"https:\/\/www.europesays.com\/pl\/wp-json\/wp\/v2\/posts"}],"about":[{"href":"https:\/\/www.europesays.com\/pl\/wp-json\/wp\/v2\/types\/post"}],"author":[{"embeddable":true,"href":"https:\/\/www.europesays.com\/pl\/wp-json\/wp\/v2\/users\/2"}],"replies":[{"embeddable":true,"href":"https:\/\/www.europesays.com\/pl\/wp-json\/wp\/v2\/comments?post=657504"}],"version-history":[{"count":0,"href":"https:\/\/www.europesays.com\/pl\/wp-json\/wp\/v2\/posts\/657504\/revisions"}],"wp:featuredmedia":[{"embeddable":true,"href":"https:\/\/www.europesays.com\/pl\/wp-json\/wp\/v2\/media\/657505"}],"wp:attachment":[{"href":"https:\/\/www.europesays.com\/pl\/wp-json\/wp\/v2\/media?parent=657504"}],"wp:term":[{"taxonomy":"category","embeddable":true,"href":"https:\/\/www.europesays.com\/pl\/wp-json\/wp\/v2\/categories?post=657504"},{"taxonomy":"post_tag","embeddable":true,"href":"https:\/\/www.europesays.com\/pl\/wp-json\/wp\/v2\/tags?post=657504"}],"curies":[{"name":"wp","href":"https:\/\/api.w.org\/{rel}","templated":true}]}}