{"id":657514,"date":"2026-08-31T10:09:18","date_gmt":"2026-08-31T10:09:18","guid":{"rendered":"https:\/\/www.europesays.com\/pl\/657514\/"},"modified":"2026-08-31T10:09:18","modified_gmt":"2026-08-31T10:09:18","slug":"warszawa-premiera-performansu-syreni-spiew-teatru-akt-na-bulwarach-wislanych","status":"publish","type":"post","link":"https:\/\/www.europesays.com\/pl\/657514\/","title":{"rendered":"Warszawa. Premiera performansu \u201eSyreni \u015bpiew\u201d Teatru Akt na Bulwarach Wi\u015blanych"},"content":{"rendered":"<p>5 wrze\u015bnia na Bulwarach Wi\u015blanych odb\u0119dzie si\u0119 premiera performansu wizualno-muzycznego pt. \u201eSyreni \u015bpiew\u201d w re\u017c. Agnieszki Musia\u0142owicz i Tomasza Musia\u0142owicza, w wykonaniu Teatru Akt.<\/p>\n<p>            <a data-lightbox=\"article-gallery\" href=\"https:\/\/e-teatr.pl\/files\/multimedias\/182498\/Syreni_Spiew_FB_Cover.jpg\" rel=\"nofollow noopener\" target=\"_blank\">&#13;<br \/>\n        <img loading=\"lazy\" decoding=\"async\" src=\"https:\/\/www.europesays.com\/pl\/wp-content\/uploads\/2026\/08\/thumb_Syreni_Spiew_FB_Cover.jpg\" alt=\"\" title=\"\" width=\"1100\" height=\"575\"\/>      <\/a><\/p>\n<p>fot. mat. teatru<\/p>\n<p>W miejscu, gdzie rzeka przecina miasto, rozbrzmiewa pie\u015b\u0144 o wolno\u015bci, sile natury i odwiecznej potrzebie pod\u0105\u017cania za tym, co nieznane. Dawne istoty powracaj\u0105, by przypomnie\u0107, \u017ce \u015bwiat metalu i szk\u0142a ma swoje mity, a ka\u017cda rzeka w\u0142asny g\u0142os. To spotkanie z tym, co ulotne i nieuchwytne \u2013 z g\u0142osem wody, pami\u0119ci\u0105 miejsca i odwiecznym pragnieniem przekraczania granic. Czy odwa\u017cysz si\u0119 zatrzyma\u0107 i ws\u0142ucha\u0107 w pie\u015b\u0144, kt\u00f3rej echo od wiek\u00f3w niesie woda?<\/p>\n<p>Spektakl podejmie temat pami\u0119ci i miejskich legend, relacji cz\u0142owieka z wod\u0105 i natur\u0105, kobiecej si\u0142y i pi\u0119kna, wojowniczo\u015bci i opieku\u0144czo\u015bci, a tak\u017ce transformacji mitu w nowoczesnym \u015bwiecie. Nie b\u0119dzie to rekonstrukcja legend, a raczej poszukiwanie dla nich wsp\u00f3\u0142czesnego j\u0119zyka sztuki wizualnej i performansu. Wydarzenie b\u0119dzie mia\u0142o charakter immersyjny \u2013 publiczno\u015b\u0107 nie b\u0119dzie jedynie widzem, ale uczestnikiem spotkania z mitycznymi istotami, kt\u00f3re \u201ewynurz\u0105 si\u0119\u201d z miejskiej codzienno\u015bci. Postaci pojawi\u0105 si\u0119 w\u015br\u00f3d publiczno\u015bci, tworz\u0105c \u017cywe obrazy i performatywne dzia\u0142ania.<\/p>\n<p>Obok wyst\u0119pu zespo\u0142u Teatru Akt, kluczowymi elementami spektaklu b\u0119dzie autorska, wykonywana na \u017cywo muzyka Dominika Strycharskiego oraz spektakularne kostiumy zaprojektowane przez Monik\u0119 Moskw\u0119, kt\u00f3re wkomponuj\u0105 si\u0119 w nowoczesn\u0105 i industrialn\u0105 architektur\u0119 Warszawy i wi\u015blanego nabrze\u017ca.<\/p>\n<p>***<\/p>\n<p>TEATR AKT \/\/ DOMINIK STRYCHARSKI<br \/>SYRENI \u015aPIEW &#8211; performans wizualno-muzyczny w plenerze<br \/>Premiera &#8211; 5.09.2026 na Bulwarach Wi\u015blanych<br \/>13:00 &#8211; Pomnik Syreny nad Wis\u0142\u0105<br \/>17:00 &#8211; Skwer Kpt. Stanis\u0142awa Skibniewskiego \u201eCubryny\u201d<\/p>\n<p>Re\u017cyseria: Agnieszka Musia\u0142owicz, Tomasz Musia\u0142owicz<br \/>Muzyka: Dominik Strycharski<br \/>\u015apiew: Natalia Kordiak<br \/>Kostiumy: Monika Moskwa<br \/>Wyst\u0119puj\u0105: Karolina Banaszek, Agnieszka Musia\u0142owicz, Katarzyna Stefanowicz, Tomasz Musia\u0142owicz, Marek Kowalski, Krzysztof Skar\u017cy\u0144ski<br \/>Wst\u0119p wolny<br \/>Projekt wsp\u00f3\u0142finansowany przez m. st. Warszaw\u0119.<br \/>Wsp\u00f3\u0142praca z Dzielnic\u0105 Wis\u0142a i Zarz\u0105dem Zieleni m.st. Warszawy<\/p>\n","protected":false},"excerpt":{"rendered":"5 wrze\u015bnia na Bulwarach Wi\u015blanych odb\u0119dzie si\u0119 premiera performansu wizualno-muzycznego pt. \u201eSyreni \u015bpiew\u201d w re\u017c. Agnieszki Musia\u0142owicz i&hellip;\n","protected":false},"author":2,"featured_media":657515,"comment_status":"","ping_status":"","sticky":false,"template":"","format":"standard","meta":{"footnotes":"","_share_on_mastodon":"0"},"categories":[51605],"tags":[2434,8588,6588,17490,16331,51630,42,38,40,39,41,649,650,11541,51629,8815,51631,8767,51628,800,8816,435],"class_list":["post-657514","post","type-post","status-publish","format-standard","has-post-thumbnail","category-warszawa","tag-aktor","tag-aktorzy","tag-festiwal","tag-festiwale","tag-kariera","tag-kariery","tag-pl","tag-poland","tag-polish","tag-polska","tag-polski","tag-premiera","tag-premiery","tag-realizacja","tag-realizacje","tag-repertuar","tag-ruch-teatralny","tag-sztuka","tag-sztuki","tag-teatr","tag-teatry","tag-warszawa"],"share_on_mastodon":{"url":"https:\/\/pubeurope.com\/@pl\/117189580272442810","error":""},"_links":{"self":[{"href":"https:\/\/www.europesays.com\/pl\/wp-json\/wp\/v2\/posts\/657514","targetHints":{"allow":["GET"]}}],"collection":[{"href":"https:\/\/www.europesays.com\/pl\/wp-json\/wp\/v2\/posts"}],"about":[{"href":"https:\/\/www.europesays.com\/pl\/wp-json\/wp\/v2\/types\/post"}],"author":[{"embeddable":true,"href":"https:\/\/www.europesays.com\/pl\/wp-json\/wp\/v2\/users\/2"}],"replies":[{"embeddable":true,"href":"https:\/\/www.europesays.com\/pl\/wp-json\/wp\/v2\/comments?post=657514"}],"version-history":[{"count":0,"href":"https:\/\/www.europesays.com\/pl\/wp-json\/wp\/v2\/posts\/657514\/revisions"}],"wp:featuredmedia":[{"embeddable":true,"href":"https:\/\/www.europesays.com\/pl\/wp-json\/wp\/v2\/media\/657515"}],"wp:attachment":[{"href":"https:\/\/www.europesays.com\/pl\/wp-json\/wp\/v2\/media?parent=657514"}],"wp:term":[{"taxonomy":"category","embeddable":true,"href":"https:\/\/www.europesays.com\/pl\/wp-json\/wp\/v2\/categories?post=657514"},{"taxonomy":"post_tag","embeddable":true,"href":"https:\/\/www.europesays.com\/pl\/wp-json\/wp\/v2\/tags?post=657514"}],"curies":[{"name":"wp","href":"https:\/\/api.w.org\/{rel}","templated":true}]}}