{"id":657537,"date":"2026-08-31T10:24:19","date_gmt":"2026-08-31T10:24:19","guid":{"rendered":"https:\/\/www.europesays.com\/pl\/657537\/"},"modified":"2026-08-31T10:24:19","modified_gmt":"2026-08-31T10:24:19","slug":"skolim-otworzy-stacje-paliw-w-bialymstoku-wiadomo-gdzie-biznes-wiadomosci-bialystok-online-portal-miejski-bialystok-bialystok","status":"publish","type":"post","link":"https:\/\/www.europesays.com\/pl\/657537\/","title":{"rendered":"Skolim otworzy stacj\u0119 paliw w Bia\u0142ymstoku? Wiadomo, gdzie, Biznes, Wiadomo\u015bci Bia\u0142ystok Online Portal Miejski Bia\u0142ystok (Bialystok)"},"content":{"rendered":"\n<p>            <img decoding=\"async\" class=\"art-figimg\" src=\"https:\/\/www.europesays.com\/pl\/wp-content\/uploads\/2026\/08\/150591-e.jpg\" width=\"375\" height=\"250\" alt=\"Skolim otworzy stacj\u0119 paliw w Bia\u0142ymstoku? Wiadomo, gdzie\" loading=\"lazy\" fetchpriority=\"high\"\/><br \/>\n            Fot: Jakub Tomasz Gwiazdowski \/ UM Bia\u0142ystok<\/p>\n<p class=\"art-lid\">Skolim ma kolejny pomys\u0142 na biznes. Po stacji paliw w Czeremsze i zapowiedzi punktu w Olecku przyszed\u0142 czas na Bia\u0142ystok? Wokalista zapowiedzia\u0142, \u017ce jesieni\u0105 b\u0119dzie mo\u017cna spotka\u0107 go na stacji przy ul. Hetma\u0144skiej.<\/p>\n<p class=\"art-cont\">O tym, \u017ce Skolim mo\u017ce otworzy\u0107 stacj\u0119 paliw w Bia\u0142ymstoku, zrobi\u0142o si\u0119 g\u0142o\u015bno po jego ostatnim koncercie. \u201eKr\u00f3l Latino\u201d powiedzia\u0142 ze sceny, \u017ce \u201eza 2 miesi\u0105ce widzimy si\u0119 na stacji na Hetma\u0144skiej\u201d.<\/p>\n<p>To nie jedyna wskaz\u00f3wka. Temat pojawi\u0142 si\u0119 r\u00f3wnie\u017c na profilu Rafa\u0142a Rudnickiego, zast\u0119pcy prezydenta Bia\u0142egostoku. Samorz\u0105dowiec opublikowa\u0142 zdj\u0119cie stacji paliw przy Hetma\u0144skiej. W komentarzu wskazano, \u017ce chodzi o miejsce znajduj\u0105ce si\u0119 obok Auchan.<\/p>\n<p>Czy chodzi o stacj\u0119 Bipol?<\/p>\n<p>Najbardziej prawdopodobna lokalizacja to ul. Hetma\u0144ska 38. Pod tym adresem dzia\u0142a stacja paliw Bipol, znajduj\u0105ca si\u0119 niedaleko Auchan.<\/p>\n<p>Czy to w\u0142a\u015bnie ten obiekt ma przej\u0105\u0107 Skolim? Tego na razie oficjalnie nie wiadomo. Nie ma te\u017c informacji, czy stacja zmieni w\u0142a\u015bciciela, czy wokalista b\u0119dzie prowadzi\u0142 tam dzia\u0142alno\u015b\u0107 na innych zasadach.<\/p>\n<p>Do sprawy odni\u00f3s\u0142 si\u0119 jednak sam Skolim. Pod wpisem Rafa\u0142a Rudnickiego zostawi\u0142 komentarz: \u201eWidzimy si\u0119. Nasze dziewczyny i Ch\u0142opaki\u201d (pisownia org.\/przypis red.).<\/p>\n<p>To mo\u017ce sugerowa\u0107, \u017ce wokalista rzeczywi\u015bcie ma w planach pojawienie si\u0119 przy Hetma\u0144skiej. Na razie nie wiadomo jednak, kiedy dok\u0142adnie mia\u0142oby doj\u015b\u0107 do otwarcia.<\/p>\n<p>Skolim rozwija biznes paliwowy<\/p>\n<p>Skolim od pewnego czasu rozwija dzia\u0142alno\u015b\u0107 poza scen\u0105. Jego pierwsza stacja paliw dzia\u0142a w Czeremsze. W sierpniu poinformowa\u0142 te\u017c o kolejnej, kt\u00f3ra ma powsta\u0107 w Olecku.<br \/>&#13;<br \/>\nWokalista zapowiada\u0142, \u017ce chce rozwija\u0107 sie\u0107 takich punkt\u00f3w. Bia\u0142ystok mo\u017ce wi\u0119c by\u0107 kolejnym miejscem na jego biznesowej mapie.<\/p>\n<p>Je\u015bli zapowied\u017a si\u0119 potwierdzi, stacja przy Hetma\u0144skiej mo\u017ce zacz\u0105\u0107 dzia\u0142a\u0107 jeszcze tej jesieni. Na razie wiadomo przede wszystkim tyle, \u017ce Skolim m\u00f3wi o stacji w tej cz\u0119\u015bci miasta, a jako jej lokalizacja wskazywana jest Hetma\u0144ska 38.<\/p>\n<p class=\"art-autimg\">\n<p>                            <img decoding=\"async\" class=\"art-autimgi\" src=\"https:\/\/www.europesays.com\/pl\/wp-content\/uploads\/2026\/08\/1788171859_359_avatar_1x.jpg\" alt=\"Katarzyna Kozio\u0142\" width=\"64\" height=\"64\" loading=\"lazy\"\/><\/p>\n<p class=\"art-autname\">Katarzyna Kozio\u0142<\/p>\n<p>24@bialystokonline.pl<\/p>\n<p>Przeczytaj tak\u017ce<\/p>\n<p>&#13;<br \/>\n&#13;<br \/>\n&#13;<br \/>\n<img loading=\"lazy\" decoding=\"async\" src=\"https:\/\/www.europesays.com\/pl\/wp-content\/uploads\/2026\/08\/1788171859_972_adlog.gif\" width=\"0\" height=\"0\" alt=\"\" style=\"width: 0px; height: 0px;\"\/><\/p>\n<p>Popularne dzisiaj<\/p>\n","protected":false},"excerpt":{"rendered":"Fot: Jakub Tomasz Gwiazdowski \/ UM Bia\u0142ystok Skolim ma kolejny pomys\u0142 na biznes. Po stacji paliw w Czeremsze&hellip;\n","protected":false},"author":2,"featured_media":657538,"comment_status":"","ping_status":"","sticky":false,"template":"","format":"standard","meta":{"footnotes":"","_share_on_mastodon":"0"},"categories":[51614],"tags":[2151,126751,128139,51731,113,51730,3754,51738,51735,4041,86947,1096,1089,399,17334,51736,2921,3840,51734,8736,1232,120,7116,17265,19285,42,5083,38,40,39,41,6309,1756,60266,8815,38950,123,6566,128138,29126,800,4278,1323,51737,2879,253],"class_list":["post-657537","post","type-post","status-publish","format-standard","has-post-thumbnail","category-bialystok","tag-bialystok","tag-bialystok-pelen-muzyki","tag-bialystokbiznes","tag-bialystokonline","tag-biznes","tag-bstok","tag-dom","tag-drobne","tag-firm","tag-firmy","tag-gdzie","tag-hotele","tag-imprezy","tag-informacje","tag-katalog","tag-kina","tag-koncert","tag-lokale","tag-miejski","tag-mieszkanie","tag-motoryzacja","tag-nauka","tag-ogloszenia","tag-on-line","tag-online","tag-pl","tag-podlasie","tag-poland","tag-polish","tag-polska","tag-polski","tag-portal","tag-praca","tag-rafal-rudnicki","tag-repertuar","tag-rozklad","tag-rozrywka","tag-skolim","tag-skolim-otworzy-stacje-paliw-w-bialymstoku-wiadomo","tag-stacja-paliw","tag-teatr","tag-turystyka","tag-uroda","tag-urzedy","tag-zakupy","tag-zdrowie"],"share_on_mastodon":{"url":"","error":"Validation failed: Text character limit of 500 exceeded"},"_links":{"self":[{"href":"https:\/\/www.europesays.com\/pl\/wp-json\/wp\/v2\/posts\/657537","targetHints":{"allow":["GET"]}}],"collection":[{"href":"https:\/\/www.europesays.com\/pl\/wp-json\/wp\/v2\/posts"}],"about":[{"href":"https:\/\/www.europesays.com\/pl\/wp-json\/wp\/v2\/types\/post"}],"author":[{"embeddable":true,"href":"https:\/\/www.europesays.com\/pl\/wp-json\/wp\/v2\/users\/2"}],"replies":[{"embeddable":true,"href":"https:\/\/www.europesays.com\/pl\/wp-json\/wp\/v2\/comments?post=657537"}],"version-history":[{"count":0,"href":"https:\/\/www.europesays.com\/pl\/wp-json\/wp\/v2\/posts\/657537\/revisions"}],"wp:featuredmedia":[{"embeddable":true,"href":"https:\/\/www.europesays.com\/pl\/wp-json\/wp\/v2\/media\/657538"}],"wp:attachment":[{"href":"https:\/\/www.europesays.com\/pl\/wp-json\/wp\/v2\/media?parent=657537"}],"wp:term":[{"taxonomy":"category","embeddable":true,"href":"https:\/\/www.europesays.com\/pl\/wp-json\/wp\/v2\/categories?post=657537"},{"taxonomy":"post_tag","embeddable":true,"href":"https:\/\/www.europesays.com\/pl\/wp-json\/wp\/v2\/tags?post=657537"}],"curies":[{"name":"wp","href":"https:\/\/api.w.org\/{rel}","templated":true}]}}