{"id":657563,"date":"2026-08-31T10:37:17","date_gmt":"2026-08-31T10:37:17","guid":{"rendered":"https:\/\/www.europesays.com\/pl\/657563\/"},"modified":"2026-08-31T10:37:17","modified_gmt":"2026-08-31T10:37:17","slug":"marcin-prokop-bez-ogrodek-o-zmianach-w-stanach-zjednoczonych-zla-energia","status":"publish","type":"post","link":"https:\/\/www.europesays.com\/pl\/657563\/","title":{"rendered":"Marcin Prokop bez ogr\u00f3dek o zmianach w Stanach Zjednoczonych. &#8222;Z\u0142a energia&#8221;"},"content":{"rendered":"<p>Nie jest \u017cadn\u0105 tajemnic\u0105, \u017ce <a href=\"https:\/\/plejada.pl\/temat\/marcin-prokop-dziennikarz\/j1ykrc4\" id=\"75dfb5f1-413e-4ca4-a4ea-70062a5bc8f5\" rel=\"nofollow noopener\" target=\"_blank\">Marcin Prokop<\/a> od dawna jest zafascynowany wszystkim, co zwi\u0105zane ze Stanami Zjednoczonymi. Dziewi\u0119\u0107 lat temu prezenter postanowi\u0142 po\u0142\u0105czy\u0107 przyjemne z po\u017cytecznym i zacz\u0105\u0142 nagrywa\u0107 show po\u015bwi\u0119cony temu krajowi \u2014 &#8222;Niezwyk\u0142e Stany Prokopa&#8221; to program, w kt\u00f3rym gwiazdor odkrywa kolejne zak\u0105tki i najciekawsze miejsca, a tak\u017ce spotyka si\u0119 z ameryka\u0144skimi obywatelami.Dalszy ci\u0105g artyku\u0142u pod materia\u0142em wideoMarcin Prokop gorzko o ameryka\u0144skiej rzeczywisto\u015bci: \u0142adunek z\u0142ej energii<a href=\"https:\/\/www.onet.pl\/\" title=\"Strona G\u0142\u00f3wna\" aria-label=\"Strona G\u0142\u00f3wna\" data-astro-prefetch=\"tap\" class=\"ods-a-logo-main-desktop\" rel=\"nofollow noopener\" target=\"_blank\"><img src=\"https:\/\/cdn.plejada.pl\/img\/Logo_desktop_Onet.svg\" class=\"ods-a-logo-main-desktop__image\" alt=\"Logo\" width=\"107\" height=\"60\" fetchpriority=\"high\" decoding=\"sync\" style=\"height:60px\"\/><\/a><\/p>\n<p class=\"ods-m-google-article__text\">Czytaj nas cz\u0119\u015bciej w Google<\/p>\n<p><a href=\"https:\/\/google.com\/preferences\/source?q=plejada.pl\" target=\"_blank\" rel=\"noopener noreferrer nofollow\" aria-label=\"Dodaj w Google\" title=\"Dodaj w Google\" class=\"ods-a-button ods-a-button__primary ods-a-button__default ods-a-button-l\">Dodaj w Google<\/a><\/p>\n<p>Okazuje si\u0119, \u017ce to, jak Stany Zjednoczone wygl\u0105da\u0142y jeszcze kilka lat temu i to, jaka sytuacja panuje tam dzisiaj, to dwie zupe\u0142nie inne rzeczywisto\u015bci. Podczas wywiadu dla &#8222;Super Expressu&#8221; Marcin Prokop przyzna\u0142, \u017ce wiele zmieni\u0142o si\u0119 tam na gorsze.<\/p>\n<blockquote class=\"ods-o-quote\">\n<p class=\"ods-o-quote__paragraph\">Dawno ten kraj nie by\u0142 tak podzielony, dawno ludzie nie byli tak agresywni w tematach politycznych i nie tylko politycznych. Czu\u0107 po prostu w powietrzu taki skumulowany \u0142adunek energii, z\u0142ej energii<\/p>\n<\/blockquote>\n<p>\u2014 stwierdzi\u0142, przyznaj\u0105c te\u017c, \u017ce ludzie nie s\u0105 ju\u017c tak ufni i \u017cyczliwi, jak kiedy\u015b.<\/p>\n<p><img class=\"ods-a-photo ods-a-photo--background\" src=\"https:\/\/www.europesays.com\/pl\/wp-content\/uploads\/2026\/08\/l7uk9lBaHR0cHM6Ly9vY2RuLmV1L3B1bHNjbXMvTURBXy9kNjM3NzY0YzFjNTljMmVhNTJlNTc5NGE1ZjRmODJkYy5qcGeRkwXNB.jpeg\" height=\"628\" width=\"940\" alt=\"Marcin Prokop\" loading=\"lazy\" fetchpriority=\"auto\" decoding=\"auto\" url=\"https:\/\/ocdn.eu\/pulscms\/MDA_\/d637764c1c59c2ea52e5794a5f4f82dc.jpg\" description=\"Marcin Prokop\" author=\"Piotr Andrzejczak \/ MW Media\" source=\"\" link=\"\"\/><\/p>\n<p>Piotr Andrzejczak \/ MW Media<\/p>\n<p>Marcin Prokop<\/p>\n<p>Prezenter zauwa\u017cy\u0142, \u017ce w por\u00f3wnaniu do ameryka\u0144skiej sytuacji, w Polsce mamy obecnie do czynienia ze spadaj\u0105cym napi\u0119ciem w\u015br\u00f3d wyborc\u00f3w.<\/p>\n<p>&#8222;Wydaje mi si\u0119, \u017ce to ostrze debaty w Polsce ju\u017c si\u0119 troch\u0119 st\u0119pi\u0142o. Mo\u017ce dlatego, \u017ce ludzie poczuli rozczarowanie jedn\u0105 i drug\u0105 stron\u0105. Mieli swoich faworyt\u00f3w, mieli swoje stronnictwa, w kt\u00f3rych pok\u0142adali jakie\u015b nadzieje. I jedna ekipa, i druga zd\u0105\u017cy\u0142a ju\u017c si\u0119 narz\u0105dzi\u0107 i pokaza\u0107, \u017ce tak naprawd\u0119 jedni s\u0105 warci drugich. I \u017ce jedyne, co si\u0119 nie zmienia, to obietnice wyborcze, kt\u00f3re \u0142ykamy jak pelikany&#8221; \u2014 powiedzia\u0142.<\/p>\n<p><img class=\"ods-a-photo ods-a-photo--background\" src=\"https:\/\/www.europesays.com\/pl\/wp-content\/uploads\/2026\/08\/BWok9lBaHR0cHM6Ly9vY2RuLmV1L3B1bHNjbXMvTURBXy9kZDM0ZjRkNDc0OTU3NGRhZDk4NjE0ZDgzMjdjMmFjYy5qcGeRkwXNB.jpeg\" height=\"627\" width=\"940\" alt=\"Donald Trump\" loading=\"lazy\" fetchpriority=\"auto\" decoding=\"auto\" url=\"https:\/\/ocdn.eu\/pulscms\/MDA_\/dd34f4d4749574dad98614d8327c2acc.jpg\" description=\"Donald Trump\" author=\"Kaua209 \/ Shutterstock\" source=\"\" link=\"\"\/><\/p>\n<p>Kaua209 \/ Shutterstock<\/p>\n<p>Donald Trump<\/p>\n<p class=\"ods-o-frame-in-text__paragraph\">Zobacz tak\u017ce:<\/p>\n<p class=\"ods-o-frame-in-text__paragraph\"><a href=\"https:\/\/kultura.onet.pl\/wywiady-i-artykuly\/piasecki-o-rewinskim-cos-sie-zmienilo-zaczal-lansowac-wlasna-wizje\/2p4efgf?tpcc=202608_bloczek_plejada\" id=\"1f369b89-87ab-47e0-ad42-8b897cca6291\" rel=\"nofollow noopener\" target=\"_blank\">Piasecki o Rewi\u0144skim. &#8222;Co\u015b si\u0119 zmieni\u0142o. Zacz\u0105\u0142 lansowa\u0107 w\u0142asn\u0105 wizj\u0119&#8221;<\/a><\/p>\n<p><img class=\"ods-a-photo ods-a-photo--background\" src=\"https:\/\/www.europesays.com\/pl\/wp-content\/uploads\/2026\/08\/1788172637_180_BPKk9lBaHR0cHM6Ly9vY2RuLmV1L3B1bHNjbXMvTURBXy82MzhhMTgwNzUyZmI2NWZhM2ZkN2RkOWVlNWU1OGFkNy5qcGeRlQLNA.jpeg\" height=\"300\" width=\"450\" alt=\"Krzysztof Piasecki\" loading=\"lazy\" fetchpriority=\"low\" decoding=\"async\"\/>Dzi\u0119kujemy, \u017ce przeczyta\u0142a\u015b\/e\u015b nasz artyku\u0142 do ko\u0144ca. W serwisie Plejada.pl ka\u017cdego dnia piszemy o najwa\u017cniejszych wydarzeniach show-biznesowych. B\u0105d\u017a na bie\u017c\u0105co!<a rel=\"nofollow noopener\" href=\"https:\/\/profile.google.com\/cp\/Cg0vZy8xMWJ6X19wdHBx\" id=\"c0572ef2-64d7-4de4-8436-19f203ca428d\" target=\"_blank\"> Obserwuj<\/a> Plejad\u0119 w Google. Odwied\u017a nas tak\u017ce na<a rel=\"nofollow noopener\" href=\"https:\/\/www.facebook.com\/plejadapl\" id=\"ad308d22-606e-4c9e-aff8-7c416544de20\" target=\"_blank\"> Facebooku<\/a>,<a rel=\"nofollow noopener\" href=\"https:\/\/www.instagram.com\/plejadapl\/\" id=\"78f0af4b-9c35-4742-949a-0c9e43ba915e\" target=\"_blank\"> Instagramie<\/a>,<a rel=\"nofollow noopener\" href=\"https:\/\/www.youtube.com\/c\/plejada\" id=\"f998b031-b5e8-47b1-ba72-0071e98b19b4\" target=\"_blank\"> YouTubie<\/a> oraz<a rel=\"nofollow noopener\" href=\"https:\/\/www.tiktok.com\/@plejada_pl\" id=\"f22796f5-8ad3-4adc-8866-7a653d86a1c3\" target=\"_blank\"> TikToku<\/a>.Chcesz podzieli\u0107 si\u0119 ciekawym newsem lub zaproponowa\u0107 temat? Skontaktuj si\u0119 z nami, pisz\u0105c maila na adres: <a rel=\"nofollow noopener\" href=\"https:\/\/plejada.pl\/newsy\/marcin-prokop-bez-ogrodek-o-zmianach-w-stanach-zjednoczonych-zla-energia\/mailto:plejada@redakcjaonet.pl\" id=\"aa2e02d9-d52f-47a6-b630-e2564fd1c840\" target=\"_blank\">plejada@redakcjaonet.pl<\/a>.<script async src=\"\/\/www.instagram.com\/embed.js\"><\/script><script async src=\"\/\/www.tiktok.com\/embed.js\"><\/script><\/p>\n","protected":false},"excerpt":{"rendered":"Nie jest \u017cadn\u0105 tajemnic\u0105, \u017ce Marcin Prokop od dawna jest zafascynowany wszystkim, co zwi\u0105zane ze Stanami Zjednoczonymi. Dziewi\u0119\u0107&hellip;\n","protected":false},"author":2,"featured_media":657564,"comment_status":"","ping_status":"","sticky":false,"template":"","format":"standard","meta":{"footnotes":"","_share_on_mastodon":"0"},"categories":[24],"tags":[61195,44,2956,48,125,46,42,38,40,39,41,47,127,126,71],"class_list":["post-657563","post","type-post","status-publish","format-standard","has-post-thumbnail","category-sport","tag-bottomfeed_styl","tag-donald_trump","tag-marcin_prokop","tag-nat_styl","tag-newsy","tag-omp","tag-pl","tag-poland","tag-polish","tag-polska","tag-polski","tag-screening_general","tag-sport","tag-sports","tag-usa"],"share_on_mastodon":{"url":"","error":""},"_links":{"self":[{"href":"https:\/\/www.europesays.com\/pl\/wp-json\/wp\/v2\/posts\/657563","targetHints":{"allow":["GET"]}}],"collection":[{"href":"https:\/\/www.europesays.com\/pl\/wp-json\/wp\/v2\/posts"}],"about":[{"href":"https:\/\/www.europesays.com\/pl\/wp-json\/wp\/v2\/types\/post"}],"author":[{"embeddable":true,"href":"https:\/\/www.europesays.com\/pl\/wp-json\/wp\/v2\/users\/2"}],"replies":[{"embeddable":true,"href":"https:\/\/www.europesays.com\/pl\/wp-json\/wp\/v2\/comments?post=657563"}],"version-history":[{"count":0,"href":"https:\/\/www.europesays.com\/pl\/wp-json\/wp\/v2\/posts\/657563\/revisions"}],"wp:featuredmedia":[{"embeddable":true,"href":"https:\/\/www.europesays.com\/pl\/wp-json\/wp\/v2\/media\/657564"}],"wp:attachment":[{"href":"https:\/\/www.europesays.com\/pl\/wp-json\/wp\/v2\/media?parent=657563"}],"wp:term":[{"taxonomy":"category","embeddable":true,"href":"https:\/\/www.europesays.com\/pl\/wp-json\/wp\/v2\/categories?post=657563"},{"taxonomy":"post_tag","embeddable":true,"href":"https:\/\/www.europesays.com\/pl\/wp-json\/wp\/v2\/tags?post=657563"}],"curies":[{"name":"wp","href":"https:\/\/api.w.org\/{rel}","templated":true}]}}