{"id":657567,"date":"2026-08-31T10:39:30","date_gmt":"2026-08-31T10:39:30","guid":{"rendered":"https:\/\/www.europesays.com\/pl\/657567\/"},"modified":"2026-08-31T10:39:30","modified_gmt":"2026-08-31T10:39:30","slug":"wiedzmin-4-w-pudelku-bez-wzgledu-na-wszystko-cd-projekt-red-obiecuje-wydanie-fizyczne-i-broni-ciri","status":"publish","type":"post","link":"https:\/\/www.europesays.com\/pl\/657567\/","title":{"rendered":"Wied\u017amin 4 w pude\u0142ku bez wzgl\u0119du na wszystko. CD Projekt Red obiecuje wydanie fizyczne i broni Ciri"},"content":{"rendered":"<p>Zapowied\u017a rezygnacji z p\u0142yt od 2028 roku przez firm\u0119 Sony od tygodni rodzi wiele pyta\u0144. Jedno z nich brzmi: jak do ca\u0142ej sprawy odnosz\u0105 si\u0119 najwi\u0119ksi wydawcy i deweloperzy gier? Redakcja <a target=\"_blank\" rel=\"noopener nofollow\" href=\"https:\/\/www.thegamebusiness.com\/p\/assassins-creed-creator-patrice-desilets\">The Game Business<\/a> zapyta\u0142a o to polsk\u0105 firm\u0119 CD Projekt Red w kontek\u015bcie premiery <a href=\"https:\/\/www.gry-online.pl\/gry\/the-witcher-4\/z85ef8\" rel=\"nofollow noopener\" target=\"_blank\">Wied\u017amina 4<\/a>.<\/p>\n<p>Tw\u00f3rcy skomentowali te\u017c obawy fan\u00f3w zwi\u0105zane z zast\u0105pieniem Geralta w roli g\u0142\u00f3wnego bohatera przez Ciri.<\/p>\n<p>Fizyczne wydanie pomimo decyzji Sony<\/p>\n<p><a href=\"https:\/\/www.gry-online.pl\/newsroom\/wiedzmin-4-ma-oficjalne-okno-premiery-to-najambitniejsza-gra-cd-p\/z3318eb\" rel=\"nofollow noopener\" target=\"_blank\">Planowana na oko\u0142o 2028 rok<\/a> premiera Wied\u017amina 4 zbiega si\u0119 w czasie z og\u0142oszonym przez Sony <a href=\"https:\/\/www.gry-online.pl\/newsroom\/sony-konczy-z-grami-na-plytach-nowosci-na-konsole-playstation-bed\/zb31322\" rel=\"nofollow noopener\" target=\"_blank\">ko\u0144cem wyda\u0144 na p\u0142ytach dla PlayStation<\/a>. Wsp\u00f3\u0142prezes CD Projekt Red, Micha\u0142 Nowakowski, wyja\u015bni\u0142 w rozmowie z The Game Business, \u017ce studio nie ma wp\u0142ywu na decyzje producenta konsol, ale nie zamierza porzuca\u0107 kolekcjoner\u00f3w.<\/p>\n<ol>\n<li>Nawet je\u015bli wsparcie dla fizycznego no\u015bnika na PlayStation dobiegnie ko\u0144ca (<a href=\"https:\/\/www.gry-online.pl\/newsroom\/to-tylko-plotka-ale-sony-moze-przelozyc-usmiercenie-plyt-z-grami\/z2319bc\" rel=\"nofollow noopener\" target=\"_blank\">cho\u0107 nie brakuje plotek, \u017ce zostanie odroczone<\/a>), Wied\u017amin 4 i tak otrzyma tradycyjne pude\u0142ko.<\/li>\n<li>CDPR zadba o unikalne dodatki (mapy, naklejki, gad\u017cety), z kt\u00f3rych s\u0142yn\u0105 wydania ich gier.<\/li>\n<\/ol>\n<p>Wiemy, co og\u0142osi\u0142a firma PlayStation. Nie mamy jednak \u017cadnego wp\u0142ywu na polityk\u0119 producent\u00f3w first-party. P\u0142yty dla first-party, w tym dla PlayStation, musz\u0105 by\u0107 wytwarzane w ich w\u0142asnych fabrykach. Je\u015bli wi\u0119c rzeczywi\u015bcie zaprzestan\u0105 produkcji do 2028 roku, to tak [nie b\u0119dziemy mieli p\u0142yt].<\/p>\n<p>Jeste\u015bmy jednak wielkimi fanami tego, by ludzie mieli dost\u0119p do fizycznych przedmiot\u00f3w kolekcjonerskich. Sami jeste\u015bmy nerdami i to nam si\u0119 podoba. Zawsze to popierali\u015bmy. Niezale\u017cnie od tego, jak si\u0119 sprawy potocz\u0105, na pewno b\u0119dziemy mieli pude\u0142ko. B\u0119dzie to pude\u0142ko zawieraj\u0105ce r\u00f3\u017cne dodatki. Co\u015b, co b\u0119dziecie chcieli otworzy\u0107 i czym b\u0119dziecie si\u0119 cieszy\u0107. Nie mamy jednak \u017cadnego wp\u0142ywu na to, jak potocz\u0105 si\u0119 sprawy.<\/p>\n<p>Ciri g\u0142\u00f3wn\u0105 bohaterk\u0105, ale Geralt nie znika<\/p>\n<p>Ewolucja wyda\u0144 idzie w parze ze zmianami w samej opowie\u015bci. Postawienie na Ciri jako now\u0105 protagonistk\u0119 wywo\u0142a\u0142o spore dyskusje. G\u0142\u00f3wny scenarzysta gry, Philipp Weber, <a target=\"_blank\" rel=\"noopener nofollow\" href=\"https:\/\/x.com\/PhiWeber\/status\/2092573541640106168\">przyzna\u0142w wypowiedzi na portalu X<\/a>, \u017ce sam pocz\u0105tkowo mia\u0142 obawy przed usuni\u0119ciem Geralta z pierwszego planu.<\/p>\n<p class=\"f2-related-link fit\">Powi\u0105zane:<a href=\"https:\/\/www.gry-online.pl\/newsroom\/12-minut-z-geraltem-w-letten-rozgrywka-z-dodatku-wiedzmin-3-piesn\/z5319bf\" rel=\"nofollow noopener\" target=\"_blank\">12 minut z Geraltem w Letten. Rozgrywka z dodatku Wied\u017amin 3: Pie\u015bni przesz\u0142o\u015bci w 4K dla wszystkich<\/a><\/p>\n<p>Zapewni\u0142 jednak, \u017ce celem zespo\u0142u jest udowodnienie graczon, \u017ce Ciri jest godn\u0105 nast\u0119pczyni\u0105. Co kluczowe, Geralt nie znika z uniwersum i \u201ezawsze b\u0119dzie odgrywa\u0142 wa\u017cn\u0105 rol\u0119\u201d w nowej historii.<\/p>\n<p>Rozumiem, \u017ce wiele os\u00f3b tak w\u0142a\u015bnie uwa\u017ca (sam na pocz\u0105tku te\u017c tak my\u015bla\u0142em!), wi\u0119c naszym zadaniem jest udowodni\u0107 w Wied\u017aminie 4, \u017ce Ciri b\u0119dzie godn\u0105 bohaterk\u0105 tej gry. Traktujemy to zadanie bardzo powa\u017cnie!<\/p>\n<p>Niemniej jednak Geralt zawsze b\u0119dzie odgrywa\u0142 wa\u017cn\u0105 rol\u0119.<\/p>\n<p>W co zagramy przed premier\u0105 Wied\u017amina 4?<\/p>\n<p>Nim Wied\u017amin 4 trafi na rynek, graczy czeka wiele atrakcji od CD Projektu Red. Ju\u017c 29 wrze\u015bnia zadebiutuje darmowy <a href=\"https:\/\/www.gry-online.pl\/gry\/the-witcher-3-wild-hunt-remastered\/zd7411\" rel=\"nofollow noopener\" target=\"_blank\">Wied\u017amin 3 Remastered<\/a>, a w przysz\u0142ym roku uka\u017ce si\u0119 oficjalny dodatek <a href=\"https:\/\/www.gry-online.pl\/gry\/the-witcher-3-songs-of-the-past\/ze711e\" rel=\"nofollow noopener\" target=\"_blank\">Pie\u015bni przesz\u0142o\u015bci<\/a> (Songs of the Past), tworzony we wsp\u00f3\u0142pracy ze studiem Fool&#8217;s Theory.<\/p>\n<p class=\"f2-czytaj-wiecej-link fit\">Wi\u0119cej:<a href=\"https:\/\/www.gry-online.pl\/newsroom\/remaster-wiedzmina-3-wprowadzi-wiele-zmian-w-grafice-tworcy-bali\/z0319ba\" rel=\"nofollow noopener\" target=\"_blank\">Remaster Wied\u017amina 3 wprowadzi wiele zmian w grafice. Tw\u00f3rcy bali si\u0119 \u201eprzebajerowania\u201d i walczyli o klimat dark fantasy<\/a><\/p>\n<p>&#13;<\/p>\n<p><img loading=\"lazy\" src=\"https:\/\/www.europesays.com\/pl\/wp-content\/uploads\/2026\/08\/1788172770_207_353334546.jpg\" alt=\"The Witcher 4\" width=\"200\" height=\"200\" decoding=\"async\"\/><\/p>\n<p>\uf591<\/p>\n","protected":false},"excerpt":{"rendered":"Zapowied\u017a rezygnacji z p\u0142yt od 2028 roku przez firm\u0119 Sony od tygodni rodzi wiele pyta\u0144. Jedno z nich&hellip;\n","protected":false},"author":2,"featured_media":657568,"comment_status":"","ping_status":"","sticky":false,"template":"","format":"standard","meta":{"footnotes":"","_share_on_mastodon":"0"},"categories":[20],"tags":[120,118,119,42,38,40,39,41,116,114,115,121,117],"class_list":["post-657567","post","type-post","status-publish","format-standard","has-post-thumbnail","category-nauka-i-technika","tag-nauka","tag-nauka-i-technika","tag-naukatechnika","tag-pl","tag-poland","tag-polish","tag-polska","tag-polski","tag-science","tag-science-and-technology","tag-sciencetechnology","tag-technika","tag-technology"],"share_on_mastodon":{"url":"https:\/\/pubeurope.com\/@pl\/117189696934120791","error":""},"_links":{"self":[{"href":"https:\/\/www.europesays.com\/pl\/wp-json\/wp\/v2\/posts\/657567","targetHints":{"allow":["GET"]}}],"collection":[{"href":"https:\/\/www.europesays.com\/pl\/wp-json\/wp\/v2\/posts"}],"about":[{"href":"https:\/\/www.europesays.com\/pl\/wp-json\/wp\/v2\/types\/post"}],"author":[{"embeddable":true,"href":"https:\/\/www.europesays.com\/pl\/wp-json\/wp\/v2\/users\/2"}],"replies":[{"embeddable":true,"href":"https:\/\/www.europesays.com\/pl\/wp-json\/wp\/v2\/comments?post=657567"}],"version-history":[{"count":0,"href":"https:\/\/www.europesays.com\/pl\/wp-json\/wp\/v2\/posts\/657567\/revisions"}],"wp:featuredmedia":[{"embeddable":true,"href":"https:\/\/www.europesays.com\/pl\/wp-json\/wp\/v2\/media\/657568"}],"wp:attachment":[{"href":"https:\/\/www.europesays.com\/pl\/wp-json\/wp\/v2\/media?parent=657567"}],"wp:term":[{"taxonomy":"category","embeddable":true,"href":"https:\/\/www.europesays.com\/pl\/wp-json\/wp\/v2\/categories?post=657567"},{"taxonomy":"post_tag","embeddable":true,"href":"https:\/\/www.europesays.com\/pl\/wp-json\/wp\/v2\/tags?post=657567"}],"curies":[{"name":"wp","href":"https:\/\/api.w.org\/{rel}","templated":true}]}}