{"id":657575,"date":"2026-08-31T10:43:11","date_gmt":"2026-08-31T10:43:11","guid":{"rendered":"https:\/\/www.europesays.com\/pl\/657575\/"},"modified":"2026-08-31T10:43:11","modified_gmt":"2026-08-31T10:43:11","slug":"zlamala-niemowleciu-rece-i-noge-31-latka-uslyszala-zarzut-znecania","status":"publish","type":"post","link":"https:\/\/www.europesays.com\/pl\/657575\/","title":{"rendered":"Z\u0142ama\u0142a niemowl\u0119ciu r\u0119ce i nog\u0119. 31-latka us\u0142ysza\u0142a zarzut zn\u0119cania"},"content":{"rendered":"<p>O zarzutach dla kobiety poinformowa\u0142 Pawe\u0142 Jasiak, rzecznik prasowy Prokuratury Okr\u0119gowej w \u0141odzi. 31-letnia mieszkanka Widzewa us\u0142ysza\u0142a zarzut zn\u0119cania si\u0119 nad dzieckiem ze szczeg\u00f3lnym okrucie\u0144stwem oraz spowodowania u niego uszczerbku na zdrowiu, co jest zagro\u017cone kar\u0105 do 10 lat wi\u0119zienia.<\/p>\n<p>\u2014 W tej sprawie s\u0105d nie uwzgl\u0119dni\u0142 wniosku prokuratora o zastosowanie tymczasowego aresztowania. Kobieta zosta\u0142a obj\u0119ta dozorem policji. Teraz s\u0105d rodzinny zdecyduje o dalszym losie dziecka. Na razie 5-miesi\u0119czny ch\u0142opczyk, pierwsze dziecko kobiety, jest w szpitalu \u2014 przekaza\u0142 Pawe\u0142 Jasiak.<\/p>\n<p><a href=\"https:\/\/www.onet.pl\/\" title=\"Strona G\u0142\u00f3wna\" aria-label=\"Strona G\u0142\u00f3wna\" data-astro-prefetch=\"tap\" class=\"ods-a-logo-main-desktop\" rel=\"nofollow noopener\" target=\"_blank\"><img src=\"https:\/\/cdn.wiadomosci.onet.pl\/img\/Logo_desktop_Onet.svg\" class=\"ods-a-logo-main-desktop__image\" alt=\"Logo\" width=\"107\" height=\"60\" fetchpriority=\"high\" decoding=\"sync\" style=\"height:60px\"\/><\/a><\/p>\n<p class=\"ods-m-google-article__text\">Czytaj nas cz\u0119\u015bciej w Google<\/p>\n<p><a href=\"https:\/\/google.com\/preferences\/source?q=wiadomosci.onet.pl\" target=\"_blank\" rel=\"noopener noreferrer nofollow\" aria-label=\"Dodaj w Google\" title=\"Dodaj w Google\" class=\"ods-a-button ods-a-button__primary ods-a-button__default ods-a-button-l\">Dodaj w Google<\/a>Z\u0142ama\u0142a niemowl\u0119ciu r\u0119ce i nog\u0119. Znajoma zaalarmowa\u0142a policj\u0119<\/p>\n<p>Do zdarzenia dosz\u0142o 26 sierpnia. Policj\u0119 poinformowa\u0142a kobieta, znajoma matki ch\u0142opca. \u2014 Kobieta zadzwoni\u0142a na alarmowy numer 112 i poinformowa\u0142a, \u017ce od dawnej znajomej dosta\u0142a informacj\u0119, \u017ce ta zrobi\u0142a krzywd\u0119 swojemu dziecku. Kobieta poleci\u0142a jej, by natychmiast jecha\u0142a z dzieckiem do szpitala, a sama zaalarmowa\u0142a policj\u0119 \u2014 powiedzia\u0142a podkom. Kamila Sowi\u0144ska, oficer prasowa Komendy Miejskiej Policji w \u0141odzi.<\/p>\n<p>Dalszy ci\u0105g artyku\u0142u pod materia\u0142em wideo<\/p>\n<p>Sowi\u0144ska doda\u0142a, \u017ce chocia\u017c policjanci szybko dostali informacj\u0119 o pope\u0142nionym przest\u0119pstwie, odnalezienie podejrzanej sprawi\u0142o pewn\u0105 trudno\u015b\u0107, gdy\u017c kobiety mia\u0142y kontakt jedynie przez internet i znajoma poza podstawowymi informacjami nie potrafi\u0142a poda\u0107 \u017cadnych szczeg\u00f3\u0142\u00f3w; nie wiedzia\u0142a nawet, gdzie mieszka matka pobitego dziecka.<\/p>\n<p>\u2014 Policjanci sprawdzali wszystkie mo\u017cliwe adresy, analizuj\u0105c histori\u0119 podejrzanej. Tak dotarli do mieszkania na Widzewie, gdzie kobieta mia\u0142a mieszka\u0107 z dzieckiem i konkubentem. Matki nie zastali w domu, ale przed domem spotkali ojca dziecka. Poinformowa\u0142 funkcjonariuszy, \u017ce wed\u0142ug relacji jego partnerki, synek dozna\u0142 urazu podczas przewijania \u2014 powiedzia\u0142a Sowi\u0144ska.<\/p>\n<p>Policjanci odnale\u017ali kobiet\u0119 w szpitalu i zatrzymali j\u0105, bo z opinii lekarza wynika\u0142o, \u017ce obra\u017cenia \u2014 z\u0142amanie obu r\u0105k i nogi oraz siniaki na ciele niemowl\u0119cia nie mog\u0142y powsta\u0107 w wyniku nieszcz\u0119\u015bliwego wypadku, ale by\u0142y skutkiem stosowanej wobec dziecka przemocy.<\/p>\n<p>Zatrzymana zosta\u0142a nie tylko matka, ale tak\u017ce jej konkubent. Podczas legitymowania go przez policjant\u00f3w wysz\u0142o na jaw, \u017ce jest poszukiwany listem go\u0144czym do odbycia kary wi\u0119zienia.<\/p>\n<p><img class=\"ods-a-photo ods-a-photo--background\" src=\"https:\/\/www.europesays.com\/pl\/wp-content\/uploads\/2026\/08\/hdlk9lBaHR0cHM6Ly9vY2RuLmV1L3B1bHNjbXMvTURBXy8wZjBkMWYxNDQ5NGUwNGI1MWIwMmI3MjM5ZGZkZjBhOC5qcGeRlQLNA.jpeg\" height=\"141\" width=\"270\" alt=\"Policja\" loading=\"lazy\" fetchpriority=\"low\" decoding=\"async\"\/><\/p>\n","protected":false},"excerpt":{"rendered":"O zarzutach dla kobiety poinformowa\u0142 Pawe\u0142 Jasiak, rzecznik prasowy Prokuratury Okr\u0119gowej w \u0141odzi. 31-letnia mieszkanka Widzewa us\u0142ysza\u0142a zarzut&hellip;\n","protected":false},"author":2,"featured_media":657576,"comment_status":"","ping_status":"","sticky":false,"template":"","format":"standard","meta":{"footnotes":"","_share_on_mastodon":"0"},"categories":[5],"tags":[61195,32,33,1264,36,37,27,34,35,3652,28,31,48,25,46,42,38,414,40,39,41,1665,47,29,30,26],"class_list":["post-657575","post","type-post","status-publish","format-standard","has-post-thumbnail","category-naglowki","tag-bottomfeed_styl","tag-breaking-news","tag-breakingnews","tag-dzieci","tag-featured-news","tag-featurednews","tag-headlines","tag-latest-news","tag-latestnews","tag-lodz","tag-naglowki","tag-najwazniejsze-artykuly","tag-nat_styl","tag-news","tag-omp","tag-pl","tag-poland","tag-policja","tag-polish","tag-polska","tag-polski","tag-przemoc","tag-screening_general","tag-top-stories","tag-topstories","tag-wiadomosci"],"share_on_mastodon":{"url":"https:\/\/pubeurope.com\/@pl\/117189714686813972","error":""},"_links":{"self":[{"href":"https:\/\/www.europesays.com\/pl\/wp-json\/wp\/v2\/posts\/657575","targetHints":{"allow":["GET"]}}],"collection":[{"href":"https:\/\/www.europesays.com\/pl\/wp-json\/wp\/v2\/posts"}],"about":[{"href":"https:\/\/www.europesays.com\/pl\/wp-json\/wp\/v2\/types\/post"}],"author":[{"embeddable":true,"href":"https:\/\/www.europesays.com\/pl\/wp-json\/wp\/v2\/users\/2"}],"replies":[{"embeddable":true,"href":"https:\/\/www.europesays.com\/pl\/wp-json\/wp\/v2\/comments?post=657575"}],"version-history":[{"count":0,"href":"https:\/\/www.europesays.com\/pl\/wp-json\/wp\/v2\/posts\/657575\/revisions"}],"wp:featuredmedia":[{"embeddable":true,"href":"https:\/\/www.europesays.com\/pl\/wp-json\/wp\/v2\/media\/657576"}],"wp:attachment":[{"href":"https:\/\/www.europesays.com\/pl\/wp-json\/wp\/v2\/media?parent=657575"}],"wp:term":[{"taxonomy":"category","embeddable":true,"href":"https:\/\/www.europesays.com\/pl\/wp-json\/wp\/v2\/categories?post=657575"},{"taxonomy":"post_tag","embeddable":true,"href":"https:\/\/www.europesays.com\/pl\/wp-json\/wp\/v2\/tags?post=657575"}],"curies":[{"name":"wp","href":"https:\/\/api.w.org\/{rel}","templated":true}]}}