{"id":657637,"date":"2026-08-31T11:20:13","date_gmt":"2026-08-31T11:20:13","guid":{"rendered":"https:\/\/www.europesays.com\/pl\/657637\/"},"modified":"2026-08-31T11:20:13","modified_gmt":"2026-08-31T11:20:13","slug":"zajrzyj-do-szafy-w-bialymstoku-ubrania-dostana-drugie-zycie-uroda-wiadomosci-bialystok-online-portal-miejski-bialystok-bialystok","status":"publish","type":"post","link":"https:\/\/www.europesays.com\/pl\/657637\/","title":{"rendered":"Zajrzyj do szafy. W Bia\u0142ymstoku ubrania dostan\u0105 drugie \u017cycie, Uroda, Wiadomo\u015bci Bia\u0142ystok Online Portal Miejski Bia\u0142ystok (Bialystok)"},"content":{"rendered":"\n<p>            <img decoding=\"async\" class=\"art-figimg\" src=\"https:\/\/www.europesays.com\/pl\/wp-content\/uploads\/2026\/08\/150579-e.jpg\" width=\"375\" height=\"250\" alt=\"Zajrzyj do szafy. W Bia\u0142ymstoku ubrania dostan\u0105 drugie \u017cycie\" loading=\"lazy\" fetchpriority=\"high\"\/><br \/>\n            Fot: Pexels<\/p>\n<p class=\"art-lid\">Zamiast wyrzuca\u0107 ubrania, mo\u017cna da\u0107 im drugie \u017cycie. W sobot\u0119 (5.09) kolejna taka okazja w Bia\u0142ymstoku &#8211; podczas kolejnej edycji wydarzenia &#8222;Szanuj szaf\u0119&#8221;.<\/p>\n<p class=\"art-cont\">Niepotrzebne ubrania nie musz\u0105 trafia\u0107 na dno szafy ani do kosza. Ju\u017c w sobot\u0119 (5 wrze\u015bnia) w Bia\u0142ymstoku odb\u0119dzie si\u0119 \u00f3sma edycja wydarzenia &#8222;Szanuj Szaf\u0119&#8221;. To \u015bwietna okazja, by zrobi\u0107 porz\u0105dek w garderobie, przekaza\u0107 dalej rzeczy, kt\u00f3rych ju\u017c nie u\u017cywamy, a przy okazji wesprze\u0107 lokaln\u0105 inicjatyw\u0119.<\/p>\n<p>Impreza odb\u0119dzie si\u0119 w godzinach od 10:00 do 16:00 w Centrum Warszawska 50. Organizatorzy po raz kolejny zach\u0119caj\u0105 mieszka\u0144c\u00f3w do zajrzenia do swoich szaf i wybrania ubra\u0144 oraz dodatk\u00f3w, kt\u00f3re s\u0105 w dobrym stanie, ale przesta\u0142y by\u0107 potrzebne.<\/p>\n<p>Niepotrzebne ubrania mog\u0105 jeszcze komu\u015b pos\u0142u\u017cy\u0107<\/p>\n<p>Idea wydarzenia opiera si\u0119 na prostym za\u0142o\u017ceniu: to, czego jedna osoba ju\u017c nie potrzebuje, dla kogo\u015b innego mo\u017ce okaza\u0107 si\u0119 warto\u015bciowym znaleziskiem. Wiele ubra\u0144, kt\u00f3re zalegaj\u0105 w szafach, jest wci\u0105\u017c w bardzo dobrym stanie. Zamiast wi\u0119c przechowywa\u0107 je przez kolejne lata, mo\u017cna przekaza\u0107 je dalej.<\/p>\n<p>Uczestnicy wydarzenia b\u0119d\u0105 mogli zar\u00f3wno wystawi\u0107 na sprzeda\u017c w\u0142asne rzeczy, jak i przekaza\u0107 niepotrzebne ubrania oraz dodatki do sklepu charytatywnego Stowarzyszenia My dla Innych.<\/p>\n<p>To przyk\u0142ad tego, jak niewielka decyzja mo\u017ce przynie\u015b\u0107 wi\u0119cej ni\u017c jedn\u0105 korzy\u015b\u0107. W\u0142a\u015bciciel uporz\u0105dkowuje swoj\u0105 garderob\u0119, ubranie nie staje si\u0119 odpadem, a jednocze\u015bnie mo\u017ce pom\u00f3c w finansowaniu dzia\u0142a\u0144 organizacji spo\u0142ecznej.<\/p>\n<p>Moda w duchu drugiego obiegu<\/p>\n<p>&#8222;Szanuj Szaf\u0119&#8221; wpisuje si\u0119 w coraz popularniejsz\u0105 ide\u0119 mody cyrkularnej i drugiego obiegu. W czasach, gdy ubrania s\u0105 \u0142atwo dost\u0119pne, a kolejne kolekcje pojawiaj\u0105 si\u0119 w sklepach niemal bez przerwy, coraz wi\u0119cej os\u00f3b zaczyna zastanawia\u0107 si\u0119, co zrobi\u0107 z rzeczami, kt\u00f3rych ju\u017c nie potrzebuje.<\/p>\n<p>Okazuje si\u0119, \u017ce nie zawsze trzeba kupowa\u0107 nowe. Ubranie, kt\u00f3re dla jednej osoby przesta\u0142o by\u0107 interesuj\u0105ce, dla innej mo\u017ce by\u0107 dok\u0142adnie tym, czego szuka. Dotyczy to nie tylko odzie\u017cy, ale r\u00f3wnie\u017c but\u00f3w, torebek, bi\u017cuterii czy innych dodatk\u00f3w.<\/p>\n<p>Przekazywanie rzeczy dalej jest r\u00f3wnie\u017c sposobem na ograniczenie marnowania. Zamiast wyrzuca\u0107 ubranie tylko dlatego, \u017ce przesta\u0142o pasowa\u0107 do naszego stylu, mo\u017cemy da\u0107 mu kolejn\u0105 szans\u0119. Sprzeda\u017c, wymiana czy przekazanie odzie\u017cy organizacji charytatywnej sprawiaj\u0105, \u017ce rzecz pozostaje w obiegu d\u0142u\u017cej.<\/p>\n<p>B\u0119dzie mo\u017cna wystawi\u0107 w\u0142asne rzeczy<\/p>\n<p>Jednym z element\u00f3w wydarzenia b\u0119dzie strefa wystawc\u00f3w. To w\u0142a\u015bnie tutaj b\u0119dzie mo\u017cna sprzeda\u0107 w\u0142asne ubrania i dodatki. Organizatorzy zapraszaj\u0105 osoby prywatne, kt\u00f3re chc\u0105 przygotowa\u0107 w\u0142asny wieszak, a tak\u017ce tw\u00f3rc\u00f3w i marki.<\/p>\n<p>Koszt udzia\u0142u dla prywatnego wystawcy wynosi 159 z\u0142. W przypadku tw\u00f3rcy lub marki op\u0142ata wynosi 369 z\u0142. Bilety mo\u017cna kupi\u0107 na <a href=\"https:\/\/centrumwarszawska50.pl\/\" target=\"_blank\" rel=\"nofollow noopener\">stronie organizatora<\/a>.<\/p>\n<p>To propozycja dla tych, kt\u00f3rzy chc\u0105 nie tylko zrobi\u0107 porz\u0105dek w szafie, ale r\u00f3wnie\u017c znale\u017a\u0107 nowych odbiorc\u00f3w dla rzeczy, kt\u00f3re wci\u0105\u017c mog\u0105 si\u0119 komu\u015b przyda\u0107. Wydarzenie mo\u017ce by\u0107 wi\u0119c okazj\u0105 do od\u015bwie\u017cenia garderoby bez konieczno\u015bci kupowania wszystkiego od nowa.<\/p>\n<p>Mo\u017cesz te\u017c zrobi\u0107 co\u015b dobrego<\/p>\n<p>Osoby, kt\u00f3re nie chc\u0105 sprzedawa\u0107 swoich rzeczy, mog\u0105 wybra\u0107 drug\u0105 drog\u0119 i przekaza\u0107 ubrania oraz dodatki do sklepu charytatywnego Stowarzyszenia My dla Innych. W tym przypadku nie chodzi ju\u017c o odzyskanie pieni\u0119dzy za niepotrzebne rzeczy, ale o to, by ich dalsze wykorzystanie mog\u0142o prze\u0142o\u017cy\u0107 si\u0119 na wsparcie dzia\u0142alno\u015bci organizacji.<\/p>\n<p>To w\u0142a\u015bnie ten element sprawia, \u017ce &#8222;Szanuj Szaf\u0119&#8221; jest czym\u015b wi\u0119cej ni\u017c kolejnym wydarzeniem zwi\u0105zanym z mod\u0105. \u0141\u0105czy porz\u0105dki w garderobie z ide\u0105 odpowiedzialnej konsumpcji i pomagania.<\/p>\n<p>Warto wi\u0119c przed wydarzeniem zajrze\u0107 do swojej szafy. By\u0107 mo\u017ce znajdzie si\u0119 w niej sukienka kupiona na jedn\u0105 okazj\u0119, kurtka, kt\u00f3rej od dawna nie nosimy, torebka zalegaj\u0105ca na dnie szuflady czy dodatki, po kt\u00f3re ju\u017c nie si\u0119gamy. Je\u015bli s\u0105 w dobrym stanie, zamiast trzyma\u0107 je przez kolejne lata, mo\u017cna znale\u017a\u0107 dla nich nowe zastosowanie.<\/p>\n<p class=\"art-autimg\">\n<p>                            <img decoding=\"async\" class=\"art-autimgi\" src=\"https:\/\/www.europesays.com\/pl\/wp-content\/uploads\/2026\/08\/1788175212_959_avatar_1x.jpg\" alt=\"MZ\" width=\"64\" height=\"64\" loading=\"lazy\"\/><\/p>\n<p>        &#13;<br \/>\n&#13;<br \/>\n&#13;<br \/>\n<img loading=\"lazy\" decoding=\"async\" src=\"https:\/\/www.europesays.com\/pl\/wp-content\/uploads\/2026\/08\/1788175213_86_adlog.gif\" width=\"0\" height=\"0\" alt=\"\" style=\"width: 0px; height: 0px;\"\/><\/p>\n<p>Popularne dzisiaj<\/p>\n","protected":false},"excerpt":{"rendered":"Fot: Pexels Zamiast wyrzuca\u0107 ubrania, mo\u017cna da\u0107 im drugie \u017cycie. W sobot\u0119 (5.09) kolejna taka okazja w Bia\u0142ymstoku&hellip;\n","protected":false},"author":2,"featured_media":657638,"comment_status":"","ping_status":"","sticky":false,"template":"","format":"standard","meta":{"footnotes":"","_share_on_mastodon":"0"},"categories":[51614],"tags":[2151,51731,113,51730,3754,51738,51735,4041,1096,1089,399,17334,51736,2921,3840,51734,8736,1232,120,7116,17265,19285,42,5083,38,40,39,41,6309,1756,8815,38950,123,128145,800,4278,1323,51737,128144,2879,253],"class_list":["post-657637","post","type-post","status-publish","format-standard","has-post-thumbnail","category-bialystok","tag-bialystok","tag-bialystokonline","tag-biznes","tag-bstok","tag-dom","tag-drobne","tag-firm","tag-firmy","tag-hotele","tag-imprezy","tag-informacje","tag-katalog","tag-kina","tag-koncert","tag-lokale","tag-miejski","tag-mieszkanie","tag-motoryzacja","tag-nauka","tag-ogloszenia","tag-on-line","tag-online","tag-pl","tag-podlasie","tag-poland","tag-polish","tag-polska","tag-polski","tag-portal","tag-praca","tag-repertuar","tag-rozklad","tag-rozrywka","tag-szanuj-szafeuroda","tag-teatr","tag-turystyka","tag-uroda","tag-urzedy","tag-zajrzyj-do-szafy-w-bialymstoku-ubrania-dostana-drugie-zycie","tag-zakupy","tag-zdrowie"],"share_on_mastodon":{"url":"","error":"Validation failed: Text character limit of 500 exceeded"},"_links":{"self":[{"href":"https:\/\/www.europesays.com\/pl\/wp-json\/wp\/v2\/posts\/657637","targetHints":{"allow":["GET"]}}],"collection":[{"href":"https:\/\/www.europesays.com\/pl\/wp-json\/wp\/v2\/posts"}],"about":[{"href":"https:\/\/www.europesays.com\/pl\/wp-json\/wp\/v2\/types\/post"}],"author":[{"embeddable":true,"href":"https:\/\/www.europesays.com\/pl\/wp-json\/wp\/v2\/users\/2"}],"replies":[{"embeddable":true,"href":"https:\/\/www.europesays.com\/pl\/wp-json\/wp\/v2\/comments?post=657637"}],"version-history":[{"count":0,"href":"https:\/\/www.europesays.com\/pl\/wp-json\/wp\/v2\/posts\/657637\/revisions"}],"wp:featuredmedia":[{"embeddable":true,"href":"https:\/\/www.europesays.com\/pl\/wp-json\/wp\/v2\/media\/657638"}],"wp:attachment":[{"href":"https:\/\/www.europesays.com\/pl\/wp-json\/wp\/v2\/media?parent=657637"}],"wp:term":[{"taxonomy":"category","embeddable":true,"href":"https:\/\/www.europesays.com\/pl\/wp-json\/wp\/v2\/categories?post=657637"},{"taxonomy":"post_tag","embeddable":true,"href":"https:\/\/www.europesays.com\/pl\/wp-json\/wp\/v2\/tags?post=657637"}],"curies":[{"name":"wp","href":"https:\/\/api.w.org\/{rel}","templated":true}]}}