{"id":657655,"date":"2026-08-31T11:29:17","date_gmt":"2026-08-31T11:29:17","guid":{"rendered":"https:\/\/www.europesays.com\/pl\/657655\/"},"modified":"2026-08-31T11:29:17","modified_gmt":"2026-08-31T11:29:17","slug":"newsmax-polska-zegna-sie-z-kolejnymi-osobami-odchodza-walkowiak-i-korczak-wprost","status":"publish","type":"post","link":"https:\/\/www.europesays.com\/pl\/657655\/","title":{"rendered":"Newsmax Polska \u017cegna si\u0119 z kolejnymi osobami. Odchodz\u0105 Walkowiak i Korczak \u2013 Wprost"},"content":{"rendered":"\n<p>&#13;<br \/>\nPo p\u00f3\u0142tora miesi\u0105ca od\u00a0startu, stacja Newsmax Polska po\u017cegna\u0142a si\u0119 z\u00a0pierwszymi trzema osobami. Teraz Wirtualne Media donosz\u0105 o\u00a0dw\u00f3ch kolejnych rozstaniach. Cho\u0107 oficjalnie nie\u00a0by\u0142o potwierdzenia, odesz\u0142a prezenterka pogody Kinga Walkowiak. &#13;\n<\/p>\n<p>Newsmax Polska \u017cegna kolejnych pracownik\u00f3w<\/p>\n<p>&#13;<br \/>\nPortal wirtualnemedia.pl podkre\u015bla, \u017ce\u00a0o\u00a0po\u017cegnaniu Walkowiak dowiedzia\u0142 si\u0119 w\u00a0dw\u00f3ch niezale\u017cnych \u017ar\u00f3d\u0142ach i\u00a0jest to\u00a0informacja pewna. Od\u00a0pocz\u0105tku miesi\u0105ca zrezygnowa\u0107 mia\u0142 te\u017c szef operator\u00f3w Sebastian Korczak. Pierwszy informowa\u0142 o\u00a0tym Press, a\u00a0WM uda\u0142o si\u0119 porozmawia\u0107 z\u00a0by\u0142ym ju\u017c pracownikiem Newsmax. &#13;\n<\/p>\n<p>&#13;<br \/>\n\u2013 Po\u00a0okresie pracy w\u00a0Newsmax Polska podj\u0105\u0142em decyzj\u0119 o\u00a0zako\u0144czeniu pe\u0142nienia funkcji szefa operator\u00f3w. To\u00a0by\u0142 intensywny i\u00a0warto\u015bciowy czas, za\u00a0kt\u00f3ry dzi\u0119kuj\u0119 ca\u0142emu zespo\u0142owi \u2013\u00a0m\u00f3wi\u0142 Korczak. &#13;\n<\/p>\n<p>&#13;<br \/>\n\u2013 Nasze podej\u015bcie do\u00a0organizacji pracy i\u00a0prowadzenia zespo\u0142u w\u00a0pewnych kwestiach si\u0119 r\u00f3\u017cni\u0142o, dlatego uzna\u0142em, \u017ce\u00a0to\u00a0dobry moment na\u00a0zmian\u0119 \u2013\u00a0wyja\u015bnia\u0142. Jak m\u00f3wi\u0142, teraz skupi si\u0119 na\u00a0produkcji i\u00a0realizacji w\u0142asnych projekt\u00f3w. \u2013\u00a0Jednocze\u015bnie pozostaj\u0119 otwarty na\u00a0inne formy wsp\u00f3\u0142pracy z\u00a0Newsmax Polska w\u00a0przysz\u0142o\u015bci \u2013\u00a0zaznacza\u0142. &#13;\n<\/p>\n<p>Pierwsze odej\u015bcia z\u00a0Newsmax Polska<\/p>\n<p>&#13;<br \/>\nPrzed tygodniem Wirtualne Media ustali\u0142y, \u017ce\u00a0z\u00a0redakcji odesz\u0142\u0105 te\u017c <a href=\"https:\/\/www.wprost.pl\/kraj\/12420057\/newsmax-polska-traci-kluczowa-postac-seria-odejsc-z-nowej-telewizji.html\" rel=\"nofollow noopener\" target=\"_blank\">Katarzyna Adamiak-Sroczy\u0144ska<\/a>, kt\u00f3ra pe\u0142ni\u0142a w\u00a0stacji kluczow\u0105 funkcj\u0119 zast\u0119pcy producenta wykonawczego. To\u00a0ona mia\u0142a decydowa\u0107 o\u00a0tym, jak wygl\u0105da wszystko na\u00a0wizji. &#13;\n<\/p>\n<p>&#13;<br \/>\nKr\u00f3tko po\u00a0starcie stacji odesz\u0142a te\u017c dw\u00f3jka prezenter\u00f3w: Agnieszka Piechurska i\u00a0Jacek Cholewi\u0144ski. Jak t\u0142umaczy\u0142a ta\u00a0pierwsza, mia\u0142a umow\u0119 na\u00a03 miesi\u0105ce pr\u00f3bne i\u00a0po tym okresie pracodawca jej nie\u00a0przed\u0142u\u017cy\u0142. &#13;\n<\/p>\n<p>&#13;<br \/>\nNewsmax Polska dzia\u0142a od\u00a04 lipca na\u00a0licencji ameryka\u0144skiej marki, koncesj\u0119 uzyska\u0142 w\u00a0Holandii. Europejsk\u0105 franczyz\u0119 marki posiada pa\u0144stwowy Telekom Srbija. Nadawca informowa\u0142, \u017ce\u00a0\u0142\u0105czy wiadomo\u015bci z\u00a0Polski i\u00a0\u015bwiata z\u00a0publicystyk\u0105, wywiadami oraz\u00a0analiz\u0105 wydarze\u0144 dnia. &#13;\n<\/p>\n<p>&#13;<br \/>\n   Czytaj te\u017c:<br \/><a href=\"https:\/\/www.wprost.pl\/kraj\/12380703\/newsmax-polska-nadaje-od-kilku-dni-nie-bedzie-konkurencja-dla-tv-republika.html\" rel=\"follow nofollow noopener\" data-schema=\"WPROST\" data-image=\"https:\/\/img.wprost.pl\/_thumb\/a2\/91\/95531582e353f18a86057c437a5a.jpeg\" target=\"_blank\">Konkurent TV Republika wystartowa\u0142. \u201eKluczowe pytanie brzmi: na\u00a0jak d\u0142ugo wystarczy im\u00a0pieni\u0119dzy?\u201d<\/a>   Czytaj te\u017c:<br \/><a href=\"https:\/\/www.wprost.pl\/kraj\/12346116\/fala-odejsc-z-tv-republika-sakiewicz-moze-miec-problem.html\" rel=\"follow nofollow noopener\" data-schema=\"WPROST\" data-image=\"https:\/\/img.wprost.pl\/_thumb\/26\/94\/ba4173721fe7ac3dd6d6d47fc7a5.jpeg\" target=\"_blank\">Pierwszy taki transfer z\u00a0TV Republika. \u201e70 proc. zespo\u0142u my\u015bli o\u00a0przej\u015bciu\u201d<\/a>&#13;<\/p>\n","protected":false},"excerpt":{"rendered":"&#13; Po p\u00f3\u0142tora miesi\u0105ca od\u00a0startu, stacja Newsmax Polska po\u017cegna\u0142a si\u0119 z\u00a0pierwszymi trzema osobami. Teraz Wirtualne Media donosz\u0105 o\u00a0dw\u00f3ch&hellip;\n","protected":false},"author":2,"featured_media":657656,"comment_status":"","ping_status":"","sticky":false,"template":"","format":"standard","meta":{"footnotes":"","_share_on_mastodon":"0"},"categories":[12],"tags":[128147,49,60089,92150,42,38,40,39,41,126149,224,43315],"class_list":["post-657655","post","type-post","status-publish","format-standard","has-post-thumbnail","category-polska","tag-kinga-walkowiak","tag-kraj","tag-newsmax-polska","tag-odejscia","tag-pl","tag-poland","tag-polish","tag-polska","tag-polski","tag-sebastian-korczak","tag-telewizja","tag-wprost"],"share_on_mastodon":{"url":"https:\/\/pubeurope.com\/@pl\/117189893694802218","error":""},"_links":{"self":[{"href":"https:\/\/www.europesays.com\/pl\/wp-json\/wp\/v2\/posts\/657655","targetHints":{"allow":["GET"]}}],"collection":[{"href":"https:\/\/www.europesays.com\/pl\/wp-json\/wp\/v2\/posts"}],"about":[{"href":"https:\/\/www.europesays.com\/pl\/wp-json\/wp\/v2\/types\/post"}],"author":[{"embeddable":true,"href":"https:\/\/www.europesays.com\/pl\/wp-json\/wp\/v2\/users\/2"}],"replies":[{"embeddable":true,"href":"https:\/\/www.europesays.com\/pl\/wp-json\/wp\/v2\/comments?post=657655"}],"version-history":[{"count":0,"href":"https:\/\/www.europesays.com\/pl\/wp-json\/wp\/v2\/posts\/657655\/revisions"}],"wp:featuredmedia":[{"embeddable":true,"href":"https:\/\/www.europesays.com\/pl\/wp-json\/wp\/v2\/media\/657656"}],"wp:attachment":[{"href":"https:\/\/www.europesays.com\/pl\/wp-json\/wp\/v2\/media?parent=657655"}],"wp:term":[{"taxonomy":"category","embeddable":true,"href":"https:\/\/www.europesays.com\/pl\/wp-json\/wp\/v2\/categories?post=657655"},{"taxonomy":"post_tag","embeddable":true,"href":"https:\/\/www.europesays.com\/pl\/wp-json\/wp\/v2\/tags?post=657655"}],"curies":[{"name":"wp","href":"https:\/\/api.w.org\/{rel}","templated":true}]}}