{"id":657679,"date":"2026-08-31T11:42:12","date_gmt":"2026-08-31T11:42:12","guid":{"rendered":"https:\/\/www.europesays.com\/pl\/657679\/"},"modified":"2026-08-31T11:42:12","modified_gmt":"2026-08-31T11:42:12","slug":"kto-traci-na-wecie-nawrockiego-dziennikarz-ojciec-piatki-dzieci-robia-sie-olbrzymie-pieniadze","status":"publish","type":"post","link":"https:\/\/www.europesays.com\/pl\/657679\/","title":{"rendered":"Kto traci na wecie Nawrockiego? Dziennikarz, ojciec pi\u0105tki dzieci: Robi\u0105 si\u0119 olbrzymie pieni\u0105dze"},"content":{"rendered":"<p>czym jest e-dziennik i czym r\u00f3\u017cni si\u0119 od obowi\u0105zuj\u0105cych obecnie dziennik\u00f3w elektronicznych;<\/p>\n<p>jak prezydent uzasadnia\u0142 zawetowanie nowelizacji ustawy dotycz\u0105cej pilota\u017cu e-dziennika;<\/p>\n<p>dlaczego zdaniem dziennikarza Micha\u0142a Szu\u0142drzy\u0144skiego weto Nawrockiego uderza w rodzic\u00f3w;<\/p>\n<p>dlaczego ministra edukacji Barbara Nowacka chce zbadania sprawy weta Nawrockiego przez s\u0142u\u017cby.<\/p>\n<p>Prezydent Karol Nawrocki w pi\u0105tek zawetowa\u0142 nowelizacj\u0119 ustaw Prawo o\u015bwiatowe oraz o systemie informacji o\u015bwiatowej, kt\u00f3ra mia\u0142a umo\u017cliwi\u0107 przeprowadzenie w roku szkolnym 2026\/2027 pilota\u017cu e-dziennika w szko\u0142ach podstawowych i ponadpodstawowych. Pa\u0144stwowy, bezp\u0142atny e-dziennik, zintegrowany z Systemem Informacji O\u015bwiatowej (SIO), mia\u0142 by\u0107 od kolejnego roku szkolnego 2027\/2028 alternatyw\u0105 dla istniej\u0105cych na rynku komercyjnych dziennik\u00f3w elektronicznych.<\/p>\n<p>W opublikowanym nagraniu uzasadniaj\u0105c weto, prezydent przekaza\u0142, \u017ce sama idea wprowadzania cyfrowych rozwi\u0105za\u0144 w postaci e-dziennika jest s\u0142uszna i powinna by\u0107 realizowana, ale w jego ocenie istniej\u0105 trzy problemy wynikaj\u0105ce z ustawy. Po pierwsze \u2013 wskaza\u0142 &#8211; bezpiecze\u0144stwo dzieci. Argumentowa\u0142, \u017ce ustawa przewiduje stworzenie centralnego systemu, zawieraj\u0105cego wra\u017cliwe dane uczni\u00f3w: numery PESEL, zdj\u0119cia, oceny, frekwencja, a tak\u017ce informacje o specjalnych potrzebach edukacyjnych, a &#8211; w jego ocenie &#8211; nie daje wystarczaj\u0105cych gwarancji dotycz\u0105cych zabezpieczenia tych informacji i dost\u0119pu do nich.<\/p>\n<p>Prezydent wskaza\u0142 te\u017c na koszty zwi\u0105zane z e-dziennikiem oraz na &#8222;chaos organizacyjny&#8221;. Argumentowa\u0142, \u017ce &#8222;pilota\u017c ma ruszy\u0107 bardzo szybko, a ca\u0142y system ma obowi\u0105zywa\u0107 od wrze\u015bnia 2027 r.&#8221;. &#8211; Nauczyciele zwracaj\u0105 uwag\u0119 na to, \u017ce szko\u0142y potrzebuj\u0105 czasu, szkole\u0144 i odpowiedniego przygotowania &#8211; doda\u0142.<\/p>\n<p>    <a name=\"eztoc32754825_0_3\" id=\"eztoc32754825_0_3\"\/>Ile b\u0119dzie kosztowa\u0107 weto Nawrockiego? &#8222;Za ka\u017cde dziecko kilkadziesi\u0105t z\u0142otych rocznie&#8221;<\/p>\n<p>Redaktor naczelny &#8222;Rzeczpospolitej&#8221; Micha\u0142 Szu\u0142drzy\u0144ski jest ojcem pi\u0105tki dzieci. W &#8222;Poranku TOK FM&#8221; przyzna\u0142, \u017ce jest &#8222;zbulwersowany&#8221; decyzj\u0105 Karola Nawrockiego.<\/p>\n<p>&#8211; Dziennik to us\u0142uga publiczna. A tutaj mamy sytuacj\u0119, w kt\u00f3rej poszczeg\u00f3lne szko\u0142y maj\u0105 poszczeg\u00f3lnych dostawc\u00f3w &#8211; dw\u00f3ch, a nawet trzech. Je\u017celi chcemy mie\u0107 podstawowe informacje o ocenach dziecka, nie jest to p\u0142atne. Natomiast je\u017celi chcemy mie\u0107 to w telefonie, mie\u0107 mo\u017cliwo\u015b\u0107 szybkiego usprawiedliwiania nieobecno\u015bci, to za ka\u017cde dziecko trzeba zap\u0142aci\u0107 kilkadziesi\u0105t z\u0142otych rocznie &#8211; wskaza\u0142 rozm\u00f3wca Macieja Kluczki.<\/p>\n<p>Jak podkre\u015bli\u0142, mimo \u017ce e-dziennik w wersji zaproponowanej przez rz\u0105d nie jest bez wad, to jest bardziej op\u0142acalny. &#8211; Ten pomys\u0142 by\u0142 krytykowany, krytykowali go nauczyciele, nawet by\u0142y uwagi przy mi\u0119dzyresortowych konsultacjach, ale gdyby powsta\u0142 rz\u0105dowy system uwierzytelniany mObywatelem, to koszt wzi\u0119\u0142oby na siebie pa\u0144stwo. I by\u0142by on znacznie mniejszy ni\u017c to, co p\u0142ac\u0105 miliony rodzic\u00f3w w Polsce. Te kilkadziesi\u0105t z\u0142otych rocznie za dost\u0119p plus szko\u0142a robi\u0105 si\u0119 naprawd\u0119 olbrzymie pieni\u0105dze. A prezydent uzna\u0142, \u017ce wie lepiej i \u017ce to z\u0142y system &#8211; stwierdzi\u0142 w TOK FM redaktor naczelny &#8222;Rzeczpospolitej&#8221;.<\/p>\n<p>Ministra edukacji Barbara Nowacja zapowiedzia\u0142a w niedziel\u0119, \u017ce w sprawie prezydenckiego weta zg\u0142osi si\u0119 do&#8230;s\u0142u\u017cb. Wed\u0142ug szefowej resortu uwagi Nawrockiego dotycz\u0105ce ustawy &#8222;sprawiaj\u0105 wra\u017cenie stricte lobbystycznych&#8221;. &#8211; Niem\u0105dre weto uderzaj\u0105ce po kieszeni rodzic\u00f3w i bardzo, bardzo lobbystyczne, bo zyskuj\u0105 na tym dwie prywatne firmy, a trac\u0105 rodzice &#8211; powiedzia\u0142a Nowacka.<\/p>\n<p>\u0179r\u00f3d\u0142o: TOK FM, PAP, x.com<\/p>\n","protected":false},"excerpt":{"rendered":"czym jest e-dziennik i czym r\u00f3\u017cni si\u0119 od obowi\u0105zuj\u0105cych obecnie dziennik\u00f3w elektronicznych; jak prezydent uzasadnia\u0142 zawetowanie nowelizacji ustawy&hellip;\n","protected":false},"author":2,"featured_media":657680,"comment_status":"","ping_status":"","sticky":false,"template":"","format":"standard","meta":{"footnotes":"","_share_on_mastodon":"0"},"categories":[62712],"tags":[3622,690,128148,907,51497,3114,420,6160,14122],"class_list":["post-657679","post","type-post","status-publish","format-standard","has-post-thumbnail","category-karol-nawrocki","tag-edukacja","tag-karol-nawrocki","tag-michal-szuldrzynski","tag-polityka","tag-poranek-tok-fm-maciej-kluczka","tag-rodzice","tag-szkola","tag-uczniowie","tag-weto-prezydenta"],"share_on_mastodon":{"url":"https:\/\/pubeurope.com\/@pl\/117189944708684519","error":""},"_links":{"self":[{"href":"https:\/\/www.europesays.com\/pl\/wp-json\/wp\/v2\/posts\/657679","targetHints":{"allow":["GET"]}}],"collection":[{"href":"https:\/\/www.europesays.com\/pl\/wp-json\/wp\/v2\/posts"}],"about":[{"href":"https:\/\/www.europesays.com\/pl\/wp-json\/wp\/v2\/types\/post"}],"author":[{"embeddable":true,"href":"https:\/\/www.europesays.com\/pl\/wp-json\/wp\/v2\/users\/2"}],"replies":[{"embeddable":true,"href":"https:\/\/www.europesays.com\/pl\/wp-json\/wp\/v2\/comments?post=657679"}],"version-history":[{"count":0,"href":"https:\/\/www.europesays.com\/pl\/wp-json\/wp\/v2\/posts\/657679\/revisions"}],"wp:featuredmedia":[{"embeddable":true,"href":"https:\/\/www.europesays.com\/pl\/wp-json\/wp\/v2\/media\/657680"}],"wp:attachment":[{"href":"https:\/\/www.europesays.com\/pl\/wp-json\/wp\/v2\/media?parent=657679"}],"wp:term":[{"taxonomy":"category","embeddable":true,"href":"https:\/\/www.europesays.com\/pl\/wp-json\/wp\/v2\/categories?post=657679"},{"taxonomy":"post_tag","embeddable":true,"href":"https:\/\/www.europesays.com\/pl\/wp-json\/wp\/v2\/tags?post=657679"}],"curies":[{"name":"wp","href":"https:\/\/api.w.org\/{rel}","templated":true}]}}