{"id":657687,"date":"2026-08-31T11:48:16","date_gmt":"2026-08-31T11:48:16","guid":{"rendered":"https:\/\/www.europesays.com\/pl\/657687\/"},"modified":"2026-08-31T11:48:16","modified_gmt":"2026-08-31T11:48:16","slug":"podlaskim-druzynom-zabraklo-koncentracji-sypnelo-golami-sport-wiadomosci-bialystok-online-portal-miejski-bialystok-bialystok","status":"publish","type":"post","link":"https:\/\/www.europesays.com\/pl\/657687\/","title":{"rendered":"Podlaskim dru\u017cynom zabrak\u0142o koncentracji. Sypn\u0119\u0142o golami, Sport, Wiadomo\u015bci Bia\u0142ystok Online Portal Miejski Bia\u0142ystok (Bialystok)"},"content":{"rendered":"\n<p>            <img decoding=\"async\" class=\"art-figimg\" src=\"https:\/\/www.europesays.com\/pl\/wp-content\/uploads\/2026\/08\/150590-e.jpg\" width=\"375\" height=\"250\" alt=\"Podlaskim dru\u017cynom zabrak\u0142o koncentracji. Sypn\u0119\u0142o golami\" loading=\"lazy\" fetchpriority=\"high\"\/><br \/>\n            Fot: Jagiellonia Bia\u0142ystok<\/p>\n<p class=\"art-lid\">Mecze podlaskich zespo\u0142\u00f3w w 6. kolejce pi\u0142karskiej III ligi (gr. I) przynios\u0142y mn\u00f3stwo emocji i goli. Najlepiej zaprezentowa\u0142y si\u0119 Wigry, kt\u00f3re pokona\u0142y na wyje\u017adzie Olimpi\u0119 Elbl\u0105g.<\/p>\n<p class=\"art-cont\">Rezerwy Jagiellonii przed tygodniem dosta\u0142y lekcj\u0119 futbolu od KTS-u Wesz\u0142o Warszawa (pora\u017cka 0:4), a w 6. serii zmaga\u0144 dru\u017cyna prowadzona przez Daniela Ruska straci\u0142a punkty w domowym starciu z Lechi\u0105 Tomasz\u00f3w Mazowiecki. \u017b\u00f3\u0142to-Czerwoni, po golu Adriana Duchnowskiego w 71. minucie spotkania, prowadzili 1:0, ale korzystnego wyniku do ko\u0144ca potyczki nie utrzymali. Tu\u017c przed up\u0142ywem regulaminowego czasu gry do bramki gospodarzy pi\u0142k\u0119 zapakowa\u0142 bowiem Marcin Pie\u0144kowski i mecz zako\u0144czy\u0142 si\u0119 remisem 1:1.<\/p>\n<p>R\u00f3wnie\u017c Olimpia i \u0141KS traci\u0142y gole w ostatnich fragmentach. Zambrowianie polegli na swoim terenie 3:4 z Widzewem II \u0141\u00f3d\u017a,  wypuszczaj\u0105c z r\u0105k remis w 85. minucie pojedynku, natomiast ekipa z \u0141om\u017cy w takim samym rozmiarze przegra\u0142a na wyje\u017adzie z \u0141KS-em II \u0141\u00f3d\u017a. Cho\u0107 podlaski zesp\u00f3\u0142 do przerwy prowadzi\u0142 3:1, to jednak po zmianie stron warunki gry dyktowali gospodarze. Decyduj\u0105cy o pora\u017cce \u0141KS-u \u0141om\u017ca gol pad\u0142 w 84. minucie spotkania, a jego autorem by\u0142 Wiktor Rzemyszkiewicz.<\/p>\n<p>Zdecydowanie lepiej wypad\u0142y Wigry, kt\u00f3re po 6 kolejkach zmaga\u0144 plasuj\u0105 si\u0119 na 3. miejscu. Suwalczanie pokonali w sobot\u0119 (29.08) w Elbl\u0105gu miejscow\u0105 Olimpi\u0119, co oznacza, \u017ce Bia\u0142o-Niebiescy w sezonie 2026\/2027 wci\u0105\u017c dzier\u017c\u0105 miano zespo\u0142u niepokonanego. Wigry zwyci\u0119\u017cy\u0142y 3:1, a gole na konto go\u015bci strzelali Kacper Noworyta, Olaf Gohlike i Bartosz Baranowicz.<\/p>\n<p>W nast\u0119pnej serii zmaga\u0144 Jaga II powalczy na wyje\u017adzie z \u0141KS-em \u0141om\u017ca, Olimpia zmierzy si\u0119 w Mi\u0144sku Mazowieckim z Mazovi\u0105, a Wigry podejm\u0105 na swoim terenie Poloni\u0119 Lidzbark Warmi\u0144ski.<\/p>\n<p>Jagiellonia II Bia\u0142ystok\t&#8211;\tLechia Tomasz\u00f3w Mazowiecki\t 1:1 (0:0)<br \/>&#13;<br \/>\nBramki: Adrian Duchnowski 71 &#8211; Marcin Pie\u0144kowski 89<br \/>&#13;<br \/>\nJagiellonia II Bia\u0142ystok (sk\u0142ad wyj\u015bciowy): Rabiczko &#8211; Duchnowski, Kuczy\u0144ski, Pakie\u0142a, Konanau, Polkowski, Ziarek, Rusi\u0142owicz, Zalewski, Konachowicz, Tymoszczuk<\/p>\n<p>Olimpia Elbl\u0105g\t&#8211;\tWigry Suwa\u0142ki\t 1:3 (1:0)<br \/>&#13;<br \/>\nBramki: Jakub Branecki 32 &#8211; Kacper Noworyta 72, Olaf Gohlike 74, Bartosz Baranowicz 82<br \/>&#13;<br \/>\nWigry Suwa\u0142ki (sk\u0142ad wyj\u015bciowy): Taudul &#8211; Jakubczyk, Witasik, Kucharczyk, Rejterada, Baranowicz, Bajdur, Kluska, Gohlike, Gu\u017cewski, Guzdek<\/p>\n<p>Olimpia Zambr\u00f3w\t&#8211;\tWidzew II \u0141\u00f3d\u017a 3:4 (1:2)<br \/>&#13;<br \/>\nBramki: Jakub Jakimiuk 14, 46, Lawrence Kofi Mensah 59 &#8211; Daniel Gryzio 18, Miko\u0142aj Czerniatowicz 21, Kamil Mosionek 65 sam., Pawe\u0142 Ko\u0142odziejczyk 85<br \/>&#13;<br \/>\nOlimpia Zambr\u00f3w (sk\u0142ad wyj\u015bciowy): Rutkowski &#8211; Mastelarz, So\u0142owiej, \u0141azarski, Zakiewicz, Mensah, Burkowski, Mosionek, Kempski, Jakimiuk<\/p>\n<p>\u0141KS II \u0141\u00f3d\u017a\t&#8211; \u0141KS \u0141om\u017ca 4:3 (1:3)<br \/>&#13;<br \/>\nBramki: Sebastian Sopel 15, Adrian Jurkiewicz 49, Fabian Olejniczak 54, Wiktor Rzemyszkiewicz 84 &#8211; Jakub Mo\u0107kun 37, Artur Amrozi\u0144ski 41, Tymoteusz Klup\u015b 45<br \/>&#13;<br \/>\n\u0141KS \u0141om\u017ca (sk\u0142ad wyj\u015bciowy): Danielczyk &#8211; Tomal, Kriegler, Mroczko, Lesicki, Yampol, Knysh, Mo\u0107kun, Klup\u015b, Kijek, Amrozi\u0144ski<\/p>\n<p class=\"art-autimg\">\n<p>                            <img decoding=\"async\" class=\"art-autimgi\" src=\"https:\/\/www.europesays.com\/pl\/wp-content\/uploads\/2026\/08\/1788176896_941_avatar_1x.jpg\" alt=\"Rafa\u0142 \u017buk\" width=\"64\" height=\"64\" loading=\"lazy\"\/><\/p>\n<p class=\"art-autname\">Rafa\u0142 \u017buk<\/p>\n<p>rafal.zuk@bialystokonline.pl<\/p>\n<p>Przeczytaj tak\u017ce<\/p>\n<p>&#13;<br \/>\n&#13;<br \/>\n&#13;<br \/>\n<img loading=\"lazy\" decoding=\"async\" src=\"https:\/\/www.europesays.com\/pl\/wp-content\/uploads\/2026\/08\/1788176896_88_adlog.gif\" width=\"0\" height=\"0\" alt=\"\" style=\"width: 0px; height: 0px;\"\/><\/p>\n<p>Popularne dzisiaj<\/p>\n","protected":false},"excerpt":{"rendered":"Fot: Jagiellonia Bia\u0142ystok Mecze podlaskich zespo\u0142\u00f3w w 6. kolejce pi\u0142karskiej III ligi (gr. I) przynios\u0142y mn\u00f3stwo emocji i&hellip;\n","protected":false},"author":2,"featured_media":657688,"comment_status":"","ping_status":"","sticky":false,"template":"","format":"standard","meta":{"footnotes":"","_share_on_mastodon":"0"},"categories":[51614],"tags":[2151,51731,113,51730,3754,51738,51735,4041,1096,59473,1089,399,21612,17334,51736,2921,3840,50526,51734,8736,1232,120,7116,75492,17265,19285,42,5083,128149,38,40,39,41,6309,1756,8815,38950,123,800,4278,1323,51737,120775,2879,253],"class_list":["post-657687","post","type-post","status-publish","format-standard","has-post-thumbnail","category-bialystok","tag-bialystok","tag-bialystokonline","tag-biznes","tag-bstok","tag-dom","tag-drobne","tag-firm","tag-firmy","tag-hotele","tag-iii-liga","tag-imprezy","tag-informacje","tag-jagiellonia-ii-bialystok","tag-katalog","tag-kina","tag-koncert","tag-lokale","tag-lks-lomza","tag-miejski","tag-mieszkanie","tag-motoryzacja","tag-nauka","tag-ogloszenia","tag-olimpia-zambrow","tag-on-line","tag-online","tag-pl","tag-podlasie","tag-podlaskim-druzynom-zabraklo-koncentracji-sypnelo-golami","tag-poland","tag-polish","tag-polska","tag-polski","tag-portal","tag-praca","tag-repertuar","tag-rozklad","tag-rozrywka","tag-teatr","tag-turystyka","tag-uroda","tag-urzedy","tag-wigry-suwalkisport","tag-zakupy","tag-zdrowie"],"share_on_mastodon":{"url":"","error":"Validation failed: Text character limit of 500 exceeded"},"_links":{"self":[{"href":"https:\/\/www.europesays.com\/pl\/wp-json\/wp\/v2\/posts\/657687","targetHints":{"allow":["GET"]}}],"collection":[{"href":"https:\/\/www.europesays.com\/pl\/wp-json\/wp\/v2\/posts"}],"about":[{"href":"https:\/\/www.europesays.com\/pl\/wp-json\/wp\/v2\/types\/post"}],"author":[{"embeddable":true,"href":"https:\/\/www.europesays.com\/pl\/wp-json\/wp\/v2\/users\/2"}],"replies":[{"embeddable":true,"href":"https:\/\/www.europesays.com\/pl\/wp-json\/wp\/v2\/comments?post=657687"}],"version-history":[{"count":0,"href":"https:\/\/www.europesays.com\/pl\/wp-json\/wp\/v2\/posts\/657687\/revisions"}],"wp:featuredmedia":[{"embeddable":true,"href":"https:\/\/www.europesays.com\/pl\/wp-json\/wp\/v2\/media\/657688"}],"wp:attachment":[{"href":"https:\/\/www.europesays.com\/pl\/wp-json\/wp\/v2\/media?parent=657687"}],"wp:term":[{"taxonomy":"category","embeddable":true,"href":"https:\/\/www.europesays.com\/pl\/wp-json\/wp\/v2\/categories?post=657687"},{"taxonomy":"post_tag","embeddable":true,"href":"https:\/\/www.europesays.com\/pl\/wp-json\/wp\/v2\/tags?post=657687"}],"curies":[{"name":"wp","href":"https:\/\/api.w.org\/{rel}","templated":true}]}}