{"id":657689,"date":"2026-08-31T11:49:13","date_gmt":"2026-08-31T11:49:13","guid":{"rendered":"https:\/\/www.europesays.com\/pl\/657689\/"},"modified":"2026-08-31T11:49:13","modified_gmt":"2026-08-31T11:49:13","slug":"9-milionow-na-historyczne-inwestycje-w-bydgoszczy-radny-chce-odbudowy-pierzei-starego-rynku-i-czesci-zamku","status":"publish","type":"post","link":"https:\/\/www.europesays.com\/pl\/657689\/","title":{"rendered":"9 milion\u00f3w na historyczne inwestycje w Bydgoszczy. Radny chce odbudowy pierzei Starego Rynku i cz\u0119\u015bci zamku"},"content":{"rendered":"<p>fot. Facebook\/ Jaros\u0142aw Wenderlich<\/p>\n<p>        Ochrona i rozw\u00f3j w Bydgoszczy?<\/p>\n<p>Jaros\u0142aw Wenderlich skierowa\u0142 do Zarz\u0105du Wojew\u00f3dztwa Kujawsko-Pomorskiego dwa wnioski dotycz\u0105ce projektu uchwa\u0142y bud\u017cetowej na 2027 rok. Oba odnosz\u0105 si\u0119 do inwestycji w \u015bcis\u0142ym centrum Bydgoszczy i maj\u0105 \u0142\u0105czy\u0107 ochron\u0119 dziedzictwa historycznego z rozwojem regionalnych instytucji kultury.<\/p>\n<p>Pierwszy zak\u0142ada przeznaczenie 5 mln z\u0142 na zakup nieruchomo\u015bci przy Starym Rynku. Drugi \u2013 4 mln z\u0142 na wykup terenu przy ul. Przy Zamczysku 1, gdzie dawniej mie\u015bci\u0142o si\u0119 przedszkole \u201eAlf\u201d.<\/p>\n<p>5 mln z\u0142 na Stary Rynek i rozbudow\u0119 biblioteki<\/p>\n<p>Chodzi m.in. o\u00a0 nieruchomo\u015b\u0107 po\u0142o\u017con\u0105 w miejscu historycznej Zachodniej Pierzei Starego Rynku. Zdaniem radnego jej odbudowa pozwoli\u0142aby przywr\u00f3ci\u0107 brakuj\u0105cy fragment historycznej zabudowy najwa\u017cniejszego placu w centrum miasta.<\/p>\n<p>Jaros\u0142aw Wenderlich proponuje, by wojew\u00f3dztwo przeznaczy\u0142o w bud\u017cecie na 2027 rok 5 mln z\u0142 na wykup tego obiektu. W dalszej perspektywie mia\u0142by on pos\u0142u\u017cy\u0107 rozbudowie Wojew\u00f3dzkiej i Miejskiej Biblioteki Publicznej im. dr. Witolda Be\u0142zy oraz odbudowie Zachodniej Pierzei Starego Rynku.<\/p>\n<p>Jak wskazuje radny, brak historycznej zabudowy w tym miejscu stanowi \u201eran\u0119 urbanistyczn\u0105 i historyczn\u0105\u201d w przestrzeni najstarszej cz\u0119\u015bci Bydgoszczy.<\/p>\n<p>Wi\u0119cej miejsca dla biblioteki i instytucji wojew\u00f3dztwa<\/p>\n<p>W zrewitalizowanym obiekcie mia\u0142yby znale\u017a\u0107 si\u0119 dodatkowe przestrzenie Wojew\u00f3dzkiej i Miejskiej Biblioteki Publicznej. Instytucja zyska\u0142aby dzi\u0119ki temu mo\u017cliwo\u015b\u0107 rozbudowy swoich zasob\u00f3w oraz powierzchni dost\u0119pnej dla mieszka\u0144c\u00f3w.<\/p>\n<p>Wniosek przewiduje r\u00f3wnie\u017c mo\u017cliwo\u015b\u0107 ulokowania tam innych jednostek organizacyjnych samorz\u0105du wojew\u00f3dztwa. Wed\u0142ug autora propozycji zwi\u0119kszy\u0142oby to obecno\u015b\u0107 instytucji wojew\u00f3dzkich w centrum najwi\u0119kszego miasta regionu.<\/p>\n<p>Wojew\u00f3dztwo mia\u0142oby by\u0107 liderem przedsi\u0119wzi\u0119cia i w przysz\u0142o\u015bci stara\u0107 si\u0119 o dodatkowe \u015brodki z program\u00f3w krajowych i europejskich zwi\u0105zanych z kultur\u0105 oraz ochron\u0105 dziedzictwa. W gr\u0119 mog\u0142oby wchodzi\u0107 tak\u017ce wsparcie Miasta Bydgoszczy lub bud\u017cetu pa\u0144stwa.<\/p>\n<p>Drugi pomys\u0142: odbudowa cz\u0119\u015bci Zamku Bydgoskiego<\/p>\n<p>Jeszcze bardziej rozbudowany charakter ma drugi wniosek radnego. Dotyczy przeznaczenia 4 mln z\u0142 na zakup nieruchomo\u015bci przy ul. Przy Zamczysku 1.<\/p>\n<p>Teren jest zwi\u0105zany z lokalizacj\u0105 dawnego Zamku Bydgoskiego \u2013 \u015bredniowiecznej warowni wzniesionej z polecenia kr\u00f3la Kazimierza Wielkiego. Zamek przez stulecia pe\u0142ni\u0142 wa\u017cne funkcje obronne i administracyjne, a ostatecznie zosta\u0142 zniszczony i rozebrany.<\/p>\n<p>Wenderlich proponuje, aby po wykupie nieruchomo\u015bci rozpocz\u0105\u0107 przygotowania do cz\u0119\u015bciowego odtworzenia historycznej budowli.<\/p>\n<p>Odbudowana cz\u0119\u015b\u0107 obiektu mia\u0142aby sta\u0107 si\u0119 architektoniczn\u0105 dominant\u0105 tej cz\u0119\u015bci miasta oraz siedzib\u0105 nowej instytucji kultury.<\/p>\n<p>Muzeum Historii Kujaw i Pomorza<\/p>\n<p>Wed\u0142ug propozycji w odbudowanym obiekcie mia\u0142oby powsta\u0107 Muzeum Historii Kujaw i Pomorza prowadzone przez samorz\u0105d wojew\u00f3dztwa.<\/p>\n<p>Plac\u00f3wka prezentowa\u0142aby dzieje regionu od pradziej\u00f3w po wsp\u00f3\u0142czesno\u015b\u0107, ze szczeg\u00f3lnym uwzgl\u0119dnieniem jego zwi\u0105zk\u00f3w z histori\u0105 Polski.<\/p>\n<p>Jednym z najwa\u017cniejszych element\u00f3w ekspozycji mia\u0142aby by\u0107 historia \u201eSolidarno\u015bci\u201d na Kujawach i Pomorzu \u2013 zar\u00f3wno robotniczej, jak i rolniczej. Osobny modu\u0142 zosta\u0142by po\u015bwi\u0119cony Bydgoskiemu Marcowi 1981 roku.\u00a0<\/p>\n<p>Istotn\u0105 cz\u0119\u015bci\u0105 przysz\u0142ej ekspozycji mia\u0142aby by\u0107 r\u00f3wnie\u017c rola Ko\u015bcio\u0142a w tworzeniu przestrzeni wolno\u015bci i oporu spo\u0142ecznego.<\/p>\n<p>Nieprzypadkowo muzeum mia\u0142oby powsta\u0107 w s\u0105siedztwie ko\u015bcio\u0142a jezuit\u00f3w pw. \u015bw. Andrzeja Boboli. \u015awi\u0105tynia by\u0142a jednym z wa\u017cnych miejsc \u017cycia religijnego i patriotycznego bydgoskiego \u015brodowiska opozycyjnego. Odbywa\u0142y si\u0119 tam m.in. Msze za Ojczyzn\u0119, w kt\u00f3rych uczestniczyli dzia\u0142acze \u201eSolidarno\u015bci\u201d.<\/p>\n<p>9 mln z\u0142 na zakup nieruchomo\u015bci<\/p>\n<p>Oba wnioski dotycz\u0105 na obecnym etapie przede wszystkim zabezpieczenia pieni\u0119dzy na zakup nieruchomo\u015bci.<\/p>\n<p>Na obiekt przy Starym Rynku radny proponuje przeznaczy\u0107 5 mln z\u0142, natomiast na nieruchomo\u015b\u0107 przy ul. Przy Zamczysku 1 \u2013 4 mln z\u0142. \u0141\u0105cznie daje to 9 mln z\u0142.<\/p>\n<p>Podane warto\u015bci s\u0105 szacunkowe i \u2013 jak zaznaczono we wnioskach \u2013 wymaga\u0142yby potwierdzenia w operatach szacunkowych.<\/p>\n<p>Jak zaznacza Jaros\u0142aw Wenderlich,\u00a0w przysz\u0142o\u015bci realizacja obu przedsi\u0119wzi\u0119\u0107 mog\u0142aby by\u0107 finansowana nie tylko z bud\u017cetu wojew\u00f3dztwa, ale r\u00f3wnie\u017c przy udziale funduszy pa\u0144stwowych, program\u00f3w Ministerstwa Kultury i Dziedzictwa Narodowego, \u015brodk\u00f3w europejskich oraz ewentualnego wsparcia samorz\u0105du Bydgoszczy.<\/p>\n<p>Na tym etapie s\u0105 to propozycje zg\u0142oszone przez radnego do projektu bud\u017cetu Wojew\u00f3dztwa Kujawsko-Pomorskiego na 2027 rok. O tym, czy znajd\u0105 si\u0119 w ostatecznym projekcie bud\u017cetu i czy otrzymaj\u0105 finansowanie, zdecyduj\u0105 dalsze prace bud\u017cetowe samorz\u0105du wojew\u00f3dztwa.<\/p>\n","protected":false},"excerpt":{"rendered":"fot. Facebook\/ Jaros\u0142aw Wenderlich Ochrona i rozw\u00f3j w Bydgoszczy? Jaros\u0142aw Wenderlich skierowa\u0142 do Zarz\u0105du Wojew\u00f3dztwa Kujawsko-Pomorskiego dwa wnioski&hellip;\n","protected":false},"author":2,"featured_media":657690,"comment_status":"","ping_status":"","sticky":false,"template":"","format":"standard","meta":{"footnotes":"","_share_on_mastodon":"0"},"categories":[51613],"tags":[210,14520,128153,387,7132,128150,128151,1138,504,128154,42,38,40,39,41,10206,5304,128155,64441,1092,128152],"class_list":["post-657689","post","type-post","status-publish","format-standard","has-post-thumbnail","category-bydgoszcz","tag-aktualnosci","tag-biblioteka","tag-biblioteka-wojewodzka","tag-budzet","tag-bydgoszcz","tag-jaroslaw-wenderlich","tag-muzeum-historii-kujaw-i-pomorza","tag-nieruchomosci","tag-pieniadze","tag-pierzeja-starego-rynku","tag-pl","tag-poland","tag-polish","tag-polska","tag-polski","tag-radny","tag-region","tag-samorzad-wojewodztwa","tag-stary-rynek","tag-wydarzenia","tag-zamek-bydgoski"],"share_on_mastodon":{"url":"https:\/\/pubeurope.com\/@pl\/117189972195733436","error":""},"_links":{"self":[{"href":"https:\/\/www.europesays.com\/pl\/wp-json\/wp\/v2\/posts\/657689","targetHints":{"allow":["GET"]}}],"collection":[{"href":"https:\/\/www.europesays.com\/pl\/wp-json\/wp\/v2\/posts"}],"about":[{"href":"https:\/\/www.europesays.com\/pl\/wp-json\/wp\/v2\/types\/post"}],"author":[{"embeddable":true,"href":"https:\/\/www.europesays.com\/pl\/wp-json\/wp\/v2\/users\/2"}],"replies":[{"embeddable":true,"href":"https:\/\/www.europesays.com\/pl\/wp-json\/wp\/v2\/comments?post=657689"}],"version-history":[{"count":0,"href":"https:\/\/www.europesays.com\/pl\/wp-json\/wp\/v2\/posts\/657689\/revisions"}],"wp:featuredmedia":[{"embeddable":true,"href":"https:\/\/www.europesays.com\/pl\/wp-json\/wp\/v2\/media\/657690"}],"wp:attachment":[{"href":"https:\/\/www.europesays.com\/pl\/wp-json\/wp\/v2\/media?parent=657689"}],"wp:term":[{"taxonomy":"category","embeddable":true,"href":"https:\/\/www.europesays.com\/pl\/wp-json\/wp\/v2\/categories?post=657689"},{"taxonomy":"post_tag","embeddable":true,"href":"https:\/\/www.europesays.com\/pl\/wp-json\/wp\/v2\/tags?post=657689"}],"curies":[{"name":"wp","href":"https:\/\/api.w.org\/{rel}","templated":true}]}}