{"id":657701,"date":"2026-08-31T11:55:21","date_gmt":"2026-08-31T11:55:21","guid":{"rendered":"https:\/\/www.europesays.com\/pl\/657701\/"},"modified":"2026-08-31T11:55:21","modified_gmt":"2026-08-31T11:55:21","slug":"wroclaw-festiwal-opery-wspolczesnej-powraca-geny-gry-i-muzyka","status":"publish","type":"post","link":"https:\/\/www.europesays.com\/pl\/657701\/","title":{"rendered":"Wroc\u0142aw. Festiwal Opery Wsp\u00f3\u0142czesnej powraca: Geny, gry i muzyka"},"content":{"rendered":"<p>&#13;<br \/>\n        Spektakle inspirowane wyk\u0142adem naukowym czy \u015bwiatem cyfrowych gier, a tak\u017ce wiecz\u00f3r m\u0142odych choreograf\u00f3w, kompozytor\u00f3w i tancerzy \u2013 to tylko cz\u0119\u015b\u0107 propozycji powracaj\u0105cego po niemal dziewi\u0119cioletniej przerwie Festiwalu Opery Wsp\u00f3\u0142czesnej. Opera Wroc\u0142awska zaprasza na 6. edycj\u0119 festiwalu w dniach 5 wrze\u015bnia \u2013 3 pa\u017adziernika 2026.    <\/p>\n<p>    <a data-lightbox=\"article-gallery\" href=\"https:\/\/e-teatr.pl\/files\/multimedias\/182506\/festiwal-opery-wspolczesnej-wroclaw-2026.jpg\" rel=\"nofollow noopener\" target=\"_blank\">&#13;<br \/>\n    <img loading=\"lazy\" decoding=\"async\" src=\"https:\/\/www.europesays.com\/pl\/wp-content\/uploads\/2026\/08\/thumb_festiwal-opery-wspolczesnej-wroclaw-2026.jpg\" alt=\"\" title=\"\" width=\"1100\" height=\"550\"\/>  <\/a><\/p>\n<p>fot. mat. kulturalnywroclaw.pl<\/p>\n<p>Opera wci\u0105\u017c pozostaje rozwijaj\u0105cym si\u0119 gatunkiem muzycznym, kt\u00f3ry odpowiada na wyzwania wsp\u00f3\u0142czesnego \u015bwiata \u2013 przekona\u0107 o tym b\u0119d\u0105 mogli si\u0119 uczestnicy Festiwalu Opery Wsp\u00f3\u0142czesnej, kt\u00f3ry powraca do Opery Wroc\u0142awskiej po niemal dziewi\u0119cioletniej przerwie.<\/p>\n<p>W sz\u00f3stej edycji Festiwalu przygotowali\u015bmy dla Pa\u0144stwa spotkanie z now\u0105 muzyk\u0105 i nowym j\u0119zykiem sceny. B\u0119d\u0105 premiery i nowo\u015bci muzyczne, spektakle operowe i baletowe, debiuty tw\u00f3rc\u00f3w i artyst\u00f3w, a przede wszystkim &#8211; wiele okazji do odkrywania. Opera wsp\u00f3\u0142czesna nie oznacza wy\u0142\u0105cznie dzie\u0142, kt\u00f3re powsta\u0142y \u201eprzed chwil\u0105\u201d. Wsp\u00f3\u0142czesno\u015b\u0107 to tak\u017ce spos\u00f3b, w jaki patrzymy na \u015bwiat i jak pr\u00f3bujemy o nim opowiada\u0107. To sztuka, kt\u00f3ra jest nasza &#8211; bliska nam, bo wyrasta z czasu, w kt\u00f3rym sami \u017cyjemy<\/p>\n<p>\u00a0 \u00a0 \u00a0 \u00a0 \u00a0 \u00a0 \u00a0 \u00a0 \u00a0 \u00a0 \u00a0 \u00a0 \u00a0 \u00a0 \u00a0 \u00a0 \u00a0 \u00a0 \u00a0 \u00a0 \u00a0 \u00a0 \u00a0 \u00a0 \u00a0 \u00a0 \u00a0 \u00a0 \u00a0 \u00a0 \u00a0 \u00a0 \u00a0 \u00a0 \u00a0 \u00a0 \u00a0 \u00a0 \u00a0 \u00a0 \u00a0 \u00a0 \u00a0 \u00a0 \u00a0 \u00a0 \u00a0 Agnieszka Frank\u00f3w-\u017belazny, dyrektor Opery Wroc\u0142awskiej<\/p>\n<p>5 wydarze\u0144, w tym 2 prapremiery<\/p>\n<p>Festiwal otworzy prapremiera opery \u201eGenOM\u201d Micha\u0142a Zi\u00f3\u0142kowskiego do libretta Justyny Migu\u0142y-Damasiewicz. Opowiada ona o charyzmatycznym genetyku, Teodorze Zaksie, kt\u00f3ry po\u015bwi\u0119ca si\u0119 poszukiwaniom \u201egenu doskona\u0142o\u015bci\u201d, wierz\u0105c, \u017ce geniusz muzyczny mo\u017cna mechaniczne wpisa\u0107 w kod DNA, modelowa\u0107 go i przewidywa\u0107. Ostatecznie bohater odkrywa jednak, \u017ce to, co biologicznie idealne, jest ludzko martwe.<\/p>\n<p>Co ciekawe, libretto opery zosta\u0142o napisane na podstawie wyk\u0142adu popularnonaukowego, a pomys\u0142 narodzi\u0142 si\u0119 podczas rozm\u00f3w dyrekcji Wroc\u0142awskiego Centrum Akademickiego i Opery Wroc\u0142awskiej.<\/p>\n<p>Inspiracj\u0105 do powstania opery \u201eGenOM\u201d by\u0142 wyk\u0142ad popularnonaukowy \u201eGeny a muzyka\u201d, kt\u00f3ry przed dziesi\u0119ciu laty wyg\u0142osi\u0142 w Instytucie Immunologii i Terapii Do\u015bwiadczalnej PAN prof. Micha\u0142 Witt &#8211; uznany genetyk, a prywatnie pasjonat muzyki. Opowiada\u0142 on m.in. o hipotezach pochodzenia muzykalno\u015bci czy s\u0142uchu absolutnego, a tak\u017ce by\u0142 wype\u0142niony ciekawostkami o chorobach, kt\u00f3re miewaj\u0105 &#8211; jak w przypadku Paganiniego &#8211; wp\u0142yw na zdolno\u015bci muzyczne.<\/p>\n<p>\u00a0 \u00a0 \u00a0 \u00a0 \u00a0 \u00a0 \u00a0 \u00a0 \u00a0 \u00a0 \u00a0 \u00a0 \u00a0 \u00a0 \u00a0 \u00a0 \u00a0 \u00a0 \u00a0 \u00a0 \u00a0 \u00a0 \u00a0 \u00a0 \u00a0 \u00a0 \u00a0 \u00a0 \u00a0 \u00a0 \u00a0 \u00a0 \u00a0 \u00a0 \u00a0 \u00a0 \u00a0 \u00a0 \u00a0Tomasz Jano\u015b, dyrektor Wroc\u0142awskiego Centrum Akademickiego<\/p>\n<p>\u2013 Chcieli\u015bmy jak najbardziej wykorzysta\u0107 potencja\u0142 tej fascynuj\u0105cej opowie\u015bci \u2013 i tak podczas naszych rozm\u00f3w z pani\u0105 dyrektor Agnieszk\u0105 Frank\u00f3w-\u017belazny powsta\u0142 pomys\u0142 spektaklu, kt\u00f3ry lada chwila b\u0119dziemy mogli zobaczy\u0107 na scenie \u2013 dodaje Tomasz Jano\u015b.<\/p>\n<p>Podczas Festiwalu Opery Wsp\u00f3\u0142czesnej odb\u0119dzie si\u0119 prapremiera jeszcze jednego spektaklu \u2013 \u201eiGranie z Potworami\u201d z muzyk\u0105 Mateusza Ryczka i librettem Justyny Skoczek. Ta bli\u017csza wsp\u00f3\u0142czesnej wyobra\u017ani cyfrowej ni\u017c tradycyjnej ba\u015bni opera jest spektaklem o przej\u015bciu \u2014 z dzieci\u0144stwa w dojrzewanie, z mitu w technologi\u0119, z gry w odpowiedzialno\u015b\u0107.<\/p>\n<p>W ramach festiwalu widzowie b\u0119d\u0105 mogli zobaczy\u0107 tak\u017ce koncert inscenizowany \u201ePodr\u00f3\u017c zimowa\u201d Franza Schuberta i spektakl \u201eG\u0142os Potwora\u201d Alka Nowaka, a tak\u017ce wzi\u0105\u0107 udzia\u0142 w czwartej edycji \u017bywio\u0142\u00f3w \u2013 wieczoru m\u0142odych choreograf\u00f3w, kompozytor\u00f3w i tancerzy.<\/p>\n","protected":false},"excerpt":{"rendered":"&#13; Spektakle inspirowane wyk\u0142adem naukowym czy \u015bwiatem cyfrowych gier, a tak\u017ce wiecz\u00f3r m\u0142odych choreograf\u00f3w, kompozytor\u00f3w i tancerzy \u2013&hellip;\n","protected":false},"author":2,"featured_media":657702,"comment_status":"","ping_status":"","sticky":false,"template":"","format":"standard","meta":{"footnotes":"","_share_on_mastodon":"0"},"categories":[51607],"tags":[2434,8588,6588,17490,16331,51630,42,38,40,39,41,649,650,11541,51629,8815,51631,8767,51628,800,8816,1853],"class_list":["post-657701","post","type-post","status-publish","format-standard","has-post-thumbnail","category-wroclaw","tag-aktor","tag-aktorzy","tag-festiwal","tag-festiwale","tag-kariera","tag-kariery","tag-pl","tag-poland","tag-polish","tag-polska","tag-polski","tag-premiera","tag-premiery","tag-realizacja","tag-realizacje","tag-repertuar","tag-ruch-teatralny","tag-sztuka","tag-sztuki","tag-teatr","tag-teatry","tag-wroclaw"],"share_on_mastodon":{"url":"https:\/\/pubeurope.com\/@pl\/117189996831455767","error":""},"_links":{"self":[{"href":"https:\/\/www.europesays.com\/pl\/wp-json\/wp\/v2\/posts\/657701","targetHints":{"allow":["GET"]}}],"collection":[{"href":"https:\/\/www.europesays.com\/pl\/wp-json\/wp\/v2\/posts"}],"about":[{"href":"https:\/\/www.europesays.com\/pl\/wp-json\/wp\/v2\/types\/post"}],"author":[{"embeddable":true,"href":"https:\/\/www.europesays.com\/pl\/wp-json\/wp\/v2\/users\/2"}],"replies":[{"embeddable":true,"href":"https:\/\/www.europesays.com\/pl\/wp-json\/wp\/v2\/comments?post=657701"}],"version-history":[{"count":0,"href":"https:\/\/www.europesays.com\/pl\/wp-json\/wp\/v2\/posts\/657701\/revisions"}],"wp:featuredmedia":[{"embeddable":true,"href":"https:\/\/www.europesays.com\/pl\/wp-json\/wp\/v2\/media\/657702"}],"wp:attachment":[{"href":"https:\/\/www.europesays.com\/pl\/wp-json\/wp\/v2\/media?parent=657701"}],"wp:term":[{"taxonomy":"category","embeddable":true,"href":"https:\/\/www.europesays.com\/pl\/wp-json\/wp\/v2\/categories?post=657701"},{"taxonomy":"post_tag","embeddable":true,"href":"https:\/\/www.europesays.com\/pl\/wp-json\/wp\/v2\/tags?post=657701"}],"curies":[{"name":"wp","href":"https:\/\/api.w.org\/{rel}","templated":true}]}}