{"id":657755,"date":"2026-08-31T12:24:19","date_gmt":"2026-08-31T12:24:19","guid":{"rendered":"https:\/\/www.europesays.com\/pl\/657755\/"},"modified":"2026-08-31T12:24:19","modified_gmt":"2026-08-31T12:24:19","slug":"slowacy-patrza-na-polske-z-podziwem-strefa-smierci-przy-granicy","status":"publish","type":"post","link":"https:\/\/www.europesays.com\/pl\/657755\/","title":{"rendered":"S\u0142owacy patrz\u0105 na Polsk\u0119 z podziwem. &#8222;Strefa \u015bmierci przy granicy&#8221;"},"content":{"rendered":"<p>W ramach programu &#8222;Tarcza Wsch\u00f3d&#8221; wzd\u0142u\u017c p\u00f3\u0142nocnej i wschodniej granicy Polski powstaje linearna zapora in\u017cynieryjna. W ostatnich tygodniach sierpnia prace trwaj\u0105 na odcinkach granicy polsko-rosyjskiej, kt\u00f3re s\u0105 najbardziej nara\u017cone na pr\u00f3by jej przekroczenia. W ramach programu &#8222;Sojusznicze wsparcie dla Tarczy Wsch\u00f3d&#8221; w budowie polskich \u017co\u0142nierzy wspieraj\u0105 wojska NATO.<\/p>\n<p>Dalszy ci\u0105g artyku\u0142u pod materia\u0142em wideo<\/p>\n<p>Obecnie na granicy pracuj\u0105 \u017co\u0142nierze z Niemiec, w tym saperzy, poniewa\u017c, jak t\u0142umaczy\u0142 rzecznik Sztabu Generalnego Wojska Polskiego p\u0142k Marek Pietrzak, na czas potencjalnego konfliktu infrastruktura jest chroniona r\u00f3wnie\u017c systemami minowymi.<\/p>\n<p><a href=\"https:\/\/www.onet.pl\/\" title=\"Strona G\u0142\u00f3wna\" aria-label=\"Strona G\u0142\u00f3wna\" data-astro-prefetch=\"tap\" class=\"ods-a-logo-main-desktop\" rel=\"nofollow noopener\" target=\"_blank\"><img src=\"https:\/\/cdn.wiadomosci.onet.pl\/img\/Logo_desktop_Onet.svg\" class=\"ods-a-logo-main-desktop__image\" alt=\"Logo\" width=\"107\" height=\"60\" fetchpriority=\"high\" decoding=\"sync\" style=\"height:60px\"\/><\/a><\/p>\n<p class=\"ods-m-google-article__text\">Czytaj nas cz\u0119\u015bciej w Google<\/p>\n<p><a href=\"https:\/\/google.com\/preferences\/source?q=wiadomosci.onet.pl\" target=\"_blank\" rel=\"noopener noreferrer nofollow\" aria-label=\"Dodaj w Google\" title=\"Dodaj w Google\" class=\"ods-a-button ods-a-button__primary ods-a-button__default ods-a-button-l\">Dodaj w Google<\/a>S\u0105siedzi z podziwem patrz\u0105 na Polsk\u0119<\/p>\n<p>Powstaj\u0105ce umocnienia zwr\u00f3ci\u0142y uwag\u0119 po\u0142udniowych s\u0105siad\u00f3w Polski. S\u0142owacki portal Pravda.sk wskazuje, \u017ce &#8222;tysi\u0105ce betonowych przeszk\u00f3d przeciwpancernych, okopy, drut kolczasty oraz przygotowywane pola minowe zmieniaj\u0105 oblicze polskiej granicy z rosyjskim obwodem kaliningradzkim&#8221;.<\/p>\n<p>S\u0142owackie media podkre\u015blaj\u0105, \u017ce zabezpieczenie granicy z Rosj\u0105 sta\u0142o si\u0119 dla Warszawy jednym z priorytet\u00f3w i wskazuj\u0105, \u017ce Polska jest jednym z kraj\u00f3w NATO, kt\u00f3re wydaj\u0105 na obronno\u015b\u0107 najwi\u0119kszy procent swojego PKB.<\/p>\n<p>Zagraniczne o\u015brodki alarmuj\u0105 w sprawie polskich umocnie\u0144 na granicy z Rosj\u0105. Obejrza\u0142em j\u0105 z ziemi. Jest jeszcze gorzej<img class=\"ods-a-photo ods-a-photo--background\" src=\"https:\/\/www.europesays.com\/pl\/wp-content\/uploads\/2026\/08\/yVkk9lBaHR0cHM6Ly9vY2RuLmV1L3B1bHNjbXMvTURBXy84Y2Q5YTU4YjQ2Njk4NGFmODRkZmU5NzNlMTg2NjNiOS5qcGeRlQLNA.jpeg\" height=\"267\" width=\"400\" alt=\"Granica polsko-rosyjska\" loading=\"lazy\" fetchpriority=\"low\" decoding=\"async\"\/><\/p>\n<p>S\u0105siedzi zauwa\u017caj\u0105, \u017ce Polska, buduj\u0105c infrastruktur\u0119 obronn\u0105, \u0142\u0105czy nowoczesne technologie wojskowe z naturalnymi barierami, jakie stwarza rozleg\u0142y teren bagienny na granicy. S\u0142owackie media oceniaj\u0105, \u017ce to wszystko pozwoli\u0142o stworzy\u0107 &#8222;stref\u0119 \u015bmierci&#8221; na granicy z Rosj\u0105.<\/p>\n","protected":false},"excerpt":{"rendered":"W ramach programu &#8222;Tarcza Wsch\u00f3d&#8221; wzd\u0142u\u017c p\u00f3\u0142nocnej i wschodniej granicy Polski powstaje linearna zapora in\u017cynieryjna. W ostatnich tygodniach&hellip;\n","protected":false},"author":2,"featured_media":657756,"comment_status":"","ping_status":"","sticky":false,"template":"","format":"standard","meta":{"footnotes":"","_share_on_mastodon":"0"},"categories":[12],"tags":[61195,12895,48,160,295,768,46,42,38,40,39,41,87,47,80],"class_list":["post-657755","post","type-post","status-publish","format-standard","has-post-thumbnail","category-polska","tag-bottomfeed_styl","tag-granica_przejscie_graniczne","tag-nat_styl","tag-nato","tag-niemcy","tag-obronnosc","tag-omp","tag-pl","tag-poland","tag-polish","tag-polska","tag-polski","tag-rosja","tag-screening_general","tag-swiat"],"share_on_mastodon":{"url":"https:\/\/pubeurope.com\/@pl\/117190111078294089","error":""},"_links":{"self":[{"href":"https:\/\/www.europesays.com\/pl\/wp-json\/wp\/v2\/posts\/657755","targetHints":{"allow":["GET"]}}],"collection":[{"href":"https:\/\/www.europesays.com\/pl\/wp-json\/wp\/v2\/posts"}],"about":[{"href":"https:\/\/www.europesays.com\/pl\/wp-json\/wp\/v2\/types\/post"}],"author":[{"embeddable":true,"href":"https:\/\/www.europesays.com\/pl\/wp-json\/wp\/v2\/users\/2"}],"replies":[{"embeddable":true,"href":"https:\/\/www.europesays.com\/pl\/wp-json\/wp\/v2\/comments?post=657755"}],"version-history":[{"count":0,"href":"https:\/\/www.europesays.com\/pl\/wp-json\/wp\/v2\/posts\/657755\/revisions"}],"wp:featuredmedia":[{"embeddable":true,"href":"https:\/\/www.europesays.com\/pl\/wp-json\/wp\/v2\/media\/657756"}],"wp:attachment":[{"href":"https:\/\/www.europesays.com\/pl\/wp-json\/wp\/v2\/media?parent=657755"}],"wp:term":[{"taxonomy":"category","embeddable":true,"href":"https:\/\/www.europesays.com\/pl\/wp-json\/wp\/v2\/categories?post=657755"},{"taxonomy":"post_tag","embeddable":true,"href":"https:\/\/www.europesays.com\/pl\/wp-json\/wp\/v2\/tags?post=657755"}],"curies":[{"name":"wp","href":"https:\/\/api.w.org\/{rel}","templated":true}]}}