{"id":657819,"date":"2026-08-31T13:03:11","date_gmt":"2026-08-31T13:03:11","guid":{"rendered":"https:\/\/www.europesays.com\/pl\/657819\/"},"modified":"2026-08-31T13:03:11","modified_gmt":"2026-08-31T13:03:11","slug":"jaroslaw-kaczynski-zwoluje-specjalna-narade-w-pis-chodzi-o-afere-zondacrypto","status":"publish","type":"post","link":"https:\/\/www.europesays.com\/pl\/657819\/","title":{"rendered":"Jaros\u0142aw Kaczy\u0144ski zwo\u0142uje specjaln\u0105 narad\u0119 w PiS. Chodzi o afer\u0119 Zondacrypto"},"content":{"rendered":"<p>Jaros\u0142aw Kaczy\u0144ski w rozmowie z Telewizj\u0105 Republika zosta\u0142 zapytany o medialne doniesienia na temat kontakt\u00f3w Micha\u0142a Moskala z PiS z prezesem Zondacrypto Przemys\u0142awem Kralem. Polityk spotka\u0142 si\u0119 z nim w sierpniu 2025 r. na Ibizie. Po tym spotkaniu <a href=\"https:\/\/wiadomosci.onet.pl\/kraj\/tajemnicze-spotkanie-na-ibizie-posel-pis-spotkal-sie-z-szefem-zondacrypto\/brmb989\" id=\"4fcfa82e-3b29-4d6e-9144-ca4fd13a0e4d\" rel=\"nofollow noopener\" target=\"_blank\">pose\u0142 PiS zaanga\u017cowa\u0142 si\u0119 w prace nad ustaw\u0105 o kryptoaktywach.<\/a><\/p>\n<p>Jaros\u0142aw Kaczy\u0144ski stwierdzi\u0142, \u017ce nic wcze\u015bniej nie wiedzia\u0142 o tym spotkaniu.<\/p>\n<p><a href=\"https:\/\/www.onet.pl\/\" title=\"Strona G\u0142\u00f3wna\" aria-label=\"Strona G\u0142\u00f3wna\" data-astro-prefetch=\"tap\" class=\"ods-a-logo-main-desktop\" rel=\"nofollow noopener\" target=\"_blank\"><img src=\"https:\/\/cdn.wiadomosci.onet.pl\/img\/Logo_desktop_Onet.svg\" class=\"ods-a-logo-main-desktop__image\" alt=\"Logo\" width=\"107\" height=\"60\" fetchpriority=\"high\" decoding=\"sync\" style=\"height:60px\"\/><\/a><\/p>\n<p class=\"ods-m-google-article__text\">Czytaj nas cz\u0119\u015bciej w Google<\/p>\n<p><a href=\"https:\/\/google.com\/preferences\/source?q=onet.pl\" target=\"_blank\" rel=\"noopener noreferrer nofollow\" aria-label=\"Dodaj w Google\" title=\"Dodaj w Google\" class=\"ods-a-button ods-a-button__primary ods-a-button__default ods-a-button-l\">Dodaj w Google<\/a><\/p>\n<blockquote class=\"ods-o-quote\">\n<p class=\"ods-o-quote__paragraph\">Ja nie mia\u0142em zielonego poj\u0119cia, \u017ce m\u00f3j m\u0142ody kolega i przez wiele lat m\u00f3j wsp\u00f3\u0142pracownik wybra\u0142 si\u0119 na Ibiz\u0119 i spotka\u0142 si\u0119 z panem Kralem<\/p>\n<\/blockquote>\n<p>\u2014 powiedzia\u0142 prezes PiS w rozmowie z Telewizj\u0105 Republika.<\/p>\n<p>Po chwili doda\u0142, \u017ce po powrocie z Ibizy Micha\u0142 Moskal mia\u0142 podejmowa\u0107 dzia\u0142ania legislacyjne niekorzystne dla Przemys\u0142awa Krala, poniewa\u017c &#8222;dawa\u0142y podstaw\u0119 do tworzenia dla niego konkurencji&#8221;.<\/p>\n<p>Dalszy ci\u0105g artyku\u0142u pod materia\u0142em wideoJaros\u0142aw Kaczy\u0144ski komentuje afer\u0119 Zondacrypto. Ostrzega polityk\u00f3w PiS<\/p>\n<p>Jaros\u0142aw Kaczy\u0144ski zaznaczy\u0142, \u017ce sam trzyma si\u0119 z daleka od kryptowalut i \u017ce w og\u00f3le jest ich zdecydowanym przeciwnikiem, nazywaj\u0105c ich rynek &#8222;patologi\u0105 w \u015bwiecie finans\u00f3w&#8221;. Zapowiedzia\u0142 r\u00f3wnie\u017c, \u017ce temat kontakt\u00f3w polityk\u00f3w PiS z przedstawicielami bran\u017cy kryptowalutowej zostanie dok\u0142adnie zbadany.<\/p>\n<blockquote class=\"ods-o-quote\">\n<p class=\"ods-o-quote__paragraph\">Je\u015bli chodzi o sytuacj\u0119 w naszej partii w tej kwestii, to zostanie ona wyja\u015bniona do ko\u0144ca. Natomiast, je\u017celi chodzi o to, kto tak naprawd\u0119 to tolerowa\u0142 i jakie mia\u0142 z tego powodu profity, to te\u017c trzeba wyja\u015bni\u0107<\/p>\n<\/blockquote>\n<p>\u2014 przekaza\u0142 prezes PiS.<\/p>\n<p>O co dok\u0142adnie chodzi w aferze Zondacrypto? [WYJA\u015aNIAMY]<img class=\"ods-a-photo ods-a-photo--background\" src=\"https:\/\/www.europesays.com\/pl\/wp-content\/uploads\/2026\/08\/g5ck9lBaHR0cHM6Ly9vY2RuLmV1L3B1bHNjbXMvTURBXy8wMTUwMTFjZTA1ZmRmYTE1YzJiMmJiNTBlOGU2YmM0OS5qcGeRlQLNA.jpeg\" height=\"254\" width=\"450\" alt=\"Przemys\u0142aw Kral\" loading=\"lazy\" fetchpriority=\"low\" decoding=\"async\"\/><\/p>\n<p>Jaros\u0142aw Kaczy\u0144ski poinformowa\u0142, \u017ce w sprawie afery Zondacrypto odb\u0119dzie si\u0119 specjalne spotkanie wewn\u0105trz partii.<\/p>\n<blockquote class=\"ods-o-quote\">\n<p class=\"ods-o-quote__paragraph\">B\u0119dzie specjalna narada w partii na ten temat i ten problem u siebie rozwi\u0105\u017cemy. \u017beby tylko inni go u siebie rozwi\u0105zali<\/p>\n<\/blockquote>\n<p>\u2014 zapowiedzia\u0142 polityk.<\/p>\n<p>W naradzie udzia\u0142 ma wzi\u0105\u0107, poza Jaros\u0142awem Kaczy\u0144skim, kandydat PiS na premiera, czyli Przemys\u0142aw Czarnek. Prezes nie ujawni\u0142, jakie konsekwencje mog\u0105 czeka\u0107 polityk\u00f3w, kt\u00f3rzy mog\u0105 mie\u0107 zwi\u0105zek z afer\u0105 Zondacrypto. Zaznaczy\u0142 jednak przy tym, \u017ce wyja\u015bnianie sprawy wewn\u0105trz partii PiS zostanie &#8222;przeprowadzone do ko\u0144ca&#8221;.<\/p>\n","protected":false},"excerpt":{"rendered":"Jaros\u0142aw Kaczy\u0144ski w rozmowie z Telewizj\u0105 Republika zosta\u0142 zapytany o medialne doniesienia na temat kontakt\u00f3w Micha\u0142a Moskala z&hellip;\n","protected":false},"author":2,"featured_media":657820,"comment_status":"","ping_status":"","sticky":false,"template":"","format":"standard","meta":{"footnotes":"","_share_on_mastodon":"0"},"categories":[5],"tags":[61195,32,33,36,37,27,422,49,15327,34,35,44767,28,31,48,25,46,55,529,42,38,40,39,41,75235,47,29,30,26,17994],"class_list":["post-657819","post","type-post","status-publish","format-standard","has-post-thumbnail","category-naglowki","tag-bottomfeed_styl","tag-breaking-news","tag-breakingnews","tag-featured-news","tag-featurednews","tag-headlines","tag-jaroslaw_kaczynski","tag-kraj","tag-kryptowaluta","tag-latest-news","tag-latestnews","tag-michal_moskal","tag-naglowki","tag-najwazniejsze-artykuly","tag-nat_styl","tag-news","tag-omp","tag-phx","tag-pis","tag-pl","tag-poland","tag-polish","tag-polska","tag-polski","tag-przemyslaw_kral","tag-screening_general","tag-top-stories","tag-topstories","tag-wiadomosci","tag-zondacrypto"],"share_on_mastodon":{"url":"https:\/\/pubeurope.com\/@pl\/117190263188375870","error":""},"_links":{"self":[{"href":"https:\/\/www.europesays.com\/pl\/wp-json\/wp\/v2\/posts\/657819","targetHints":{"allow":["GET"]}}],"collection":[{"href":"https:\/\/www.europesays.com\/pl\/wp-json\/wp\/v2\/posts"}],"about":[{"href":"https:\/\/www.europesays.com\/pl\/wp-json\/wp\/v2\/types\/post"}],"author":[{"embeddable":true,"href":"https:\/\/www.europesays.com\/pl\/wp-json\/wp\/v2\/users\/2"}],"replies":[{"embeddable":true,"href":"https:\/\/www.europesays.com\/pl\/wp-json\/wp\/v2\/comments?post=657819"}],"version-history":[{"count":0,"href":"https:\/\/www.europesays.com\/pl\/wp-json\/wp\/v2\/posts\/657819\/revisions"}],"wp:featuredmedia":[{"embeddable":true,"href":"https:\/\/www.europesays.com\/pl\/wp-json\/wp\/v2\/media\/657820"}],"wp:attachment":[{"href":"https:\/\/www.europesays.com\/pl\/wp-json\/wp\/v2\/media?parent=657819"}],"wp:term":[{"taxonomy":"category","embeddable":true,"href":"https:\/\/www.europesays.com\/pl\/wp-json\/wp\/v2\/categories?post=657819"},{"taxonomy":"post_tag","embeddable":true,"href":"https:\/\/www.europesays.com\/pl\/wp-json\/wp\/v2\/tags?post=657819"}],"curies":[{"name":"wp","href":"https:\/\/api.w.org\/{rel}","templated":true}]}}