{"id":657835,"date":"2026-08-31T13:15:09","date_gmt":"2026-08-31T13:15:09","guid":{"rendered":"https:\/\/www.europesays.com\/pl\/657835\/"},"modified":"2026-08-31T13:15:09","modified_gmt":"2026-08-31T13:15:09","slug":"nowy-basen-otwieraja-w-szczecinie-mieszkancy-na-pewno-odczuja-zmiany","status":"publish","type":"post","link":"https:\/\/www.europesays.com\/pl\/657835\/","title":{"rendered":"Nowy basen otwieraj\u0105 w Szczecinie. \u201eMieszka\u0144cy na pewno odczuj\u0105 zmiany\u201d"},"content":{"rendered":"<p>\n                        Mowa o 30-metrowej p\u0142ywalni wybudowanej w nowej cz\u0119\u015bci Szczeci\u0144skiego Domu Sportu. B\u0119dzie mo\u017cna z niej korzysta\u0107 ju\u017c 1 wrze\u015bnia.\n                    <\/p>\n<p align=\"LEFT\">To dobra informacja dla mieszka\u0144c\u00f3w Szczecina. W najbli\u017cszy wtorek uruchomiony zostanie nie tylko nowy basen, ale po kilkutygoniowej przerwie technologiczej ponownie otwarta zostanie Floating Arena, a to oznacza \u0142atwiejszy dost\u0119p do tor\u00f3w.<\/p>\n<p align=\"LEFT\">Na najwi\u0119kszej szczeci\u0144skiej p\u0142ywalni od lipca prowadzone by\u0142y prace konserwacyjne i remontowe. \u2013 W tym czasie wyczyszczona zosta\u0142a niecka, wymieniono fugi oraz uszkodzone p\u0142ytki ceramiczne. Ostatnie remonty trwaj\u0105 jeszcze w cz\u0119\u015bci szatniowej. Tam prace maj\u0105 zako\u0144czy\u0107 si\u0119 za kilka tygodni \u2013 informuje Dariusz Sadowski z urz\u0119du miasta.<\/p>\n<p align=\"LEFT\">\u2013 Mieszka\u0144cy na pewno odczuj\u0105 zmiany, bo na Floating Arenie codziennie przez ca\u0142y dzie\u0144 do ich dyspozycji b\u0119d\u0105 dwa tory, a w najbardziej obleganych godzinach popo\u0142udniowych w miar\u0119 mo\u017cliwo\u015bci b\u0119d\u0105 uwalniane te\u017c miejsca na kolejnych torach. Na mniejszej p\u0142ywalni wolne tory tak\u017ce b\u0119d\u0105, ale w mniejszym wymiarze. Ich dost\u0119pno\u015b\u0107 trzeba b\u0119dzie \u015bledzi\u0107 na bie\u017c\u0105co w grafiku \u2013 m\u00f3wi Renata Kuziemko, kierownik Szczeci\u0144skiego Domu Sportu.<\/p>\n<p align=\"LEFT\">1 wrze\u015bnia swoj\u0105 dzia\u0142alno\u015b\u0107 zainauguruje r\u00f3wnie\u017c hala bokserska. Pozosta\u0142e przestrzenie w nowej cz\u0119\u015bci SDS maj\u0105 by\u0107 gotowe za kilka tygodni. Pierwszy mecz na hali sportowej odb\u0119dzie si\u0119 12 wrze\u015bnia. Pi\u0142karze r\u0119czni Sandra Spa Pogo\u0144 Szczecin zagraj\u0105 wtedy z Si\u00f3demk\u0105 Mied\u017a Legnica. Z kolei brodzik dla dzieci b\u0119dzie czynny od 21 wrze\u015bnia br.\u00a0<\/p>\n","protected":false},"excerpt":{"rendered":"Mowa o 30-metrowej p\u0142ywalni wybudowanej w nowej cz\u0119\u015bci Szczeci\u0144skiego Domu Sportu. B\u0119dzie mo\u017cna z niej korzysta\u0107 ju\u017c 1&hellip;\n","protected":false},"author":2,"featured_media":657836,"comment_status":"","ping_status":"","sticky":false,"template":"","format":"standard","meta":{"footnotes":"","_share_on_mastodon":"0"},"categories":[51611],"tags":[291,1089,3839,3511,261,3840,42,38,40,907,39,41,123,2307,26,1092],"class_list":["post-657835","post","type-post","status-publish","format-standard","has-post-thumbnail","category-szczecin","tag-historia","tag-imprezy","tag-interwencje","tag-inwestycje","tag-kultura","tag-lokale","tag-pl","tag-poland","tag-polish","tag-polityka","tag-polska","tag-polski","tag-rozrywka","tag-szczecin","tag-wiadomosci","tag-wydarzenia"],"share_on_mastodon":{"url":"https:\/\/pubeurope.com\/@pl\/117190310228624789","error":""},"_links":{"self":[{"href":"https:\/\/www.europesays.com\/pl\/wp-json\/wp\/v2\/posts\/657835","targetHints":{"allow":["GET"]}}],"collection":[{"href":"https:\/\/www.europesays.com\/pl\/wp-json\/wp\/v2\/posts"}],"about":[{"href":"https:\/\/www.europesays.com\/pl\/wp-json\/wp\/v2\/types\/post"}],"author":[{"embeddable":true,"href":"https:\/\/www.europesays.com\/pl\/wp-json\/wp\/v2\/users\/2"}],"replies":[{"embeddable":true,"href":"https:\/\/www.europesays.com\/pl\/wp-json\/wp\/v2\/comments?post=657835"}],"version-history":[{"count":0,"href":"https:\/\/www.europesays.com\/pl\/wp-json\/wp\/v2\/posts\/657835\/revisions"}],"wp:featuredmedia":[{"embeddable":true,"href":"https:\/\/www.europesays.com\/pl\/wp-json\/wp\/v2\/media\/657836"}],"wp:attachment":[{"href":"https:\/\/www.europesays.com\/pl\/wp-json\/wp\/v2\/media?parent=657835"}],"wp:term":[{"taxonomy":"category","embeddable":true,"href":"https:\/\/www.europesays.com\/pl\/wp-json\/wp\/v2\/categories?post=657835"},{"taxonomy":"post_tag","embeddable":true,"href":"https:\/\/www.europesays.com\/pl\/wp-json\/wp\/v2\/tags?post=657835"}],"curies":[{"name":"wp","href":"https:\/\/api.w.org\/{rel}","templated":true}]}}