{"id":657843,"date":"2026-08-31T13:19:13","date_gmt":"2026-08-31T13:19:13","guid":{"rendered":"https:\/\/www.europesays.com\/pl\/657843\/"},"modified":"2026-08-31T13:19:13","modified_gmt":"2026-08-31T13:19:13","slug":"wroclaw-zmiany-personalne-i-powitanie-nowego-sezonu-we-wroclawskim-teatrze-lalek","status":"publish","type":"post","link":"https:\/\/www.europesays.com\/pl\/657843\/","title":{"rendered":"Wroc\u0142aw. Zmiany personalne i powitanie nowego sezonu we Wroc\u0142awskim Teatrze Lalek"},"content":{"rendered":"<p>&#13;<br \/>\n        Wakacje si\u0119 sko\u0144czy\u0142y i witamy nowy rok szkolny 2026\/2027, a tym samym nowy sezon artystyczny. Od 1 wrze\u015bnia p.o. dyrektora artystycznego Wroc\u0142awskiego Teatru Lalek b\u0119dzie Agata Kuci\u0144ska, a kierowniczk\u0105 literack\u0105 Katarzyna Krajewska.    <\/p>\n<p>            <a data-lightbox=\"article-gallery\" href=\"https:\/\/e-teatr.pl\/files\/multimedias\/21120\/kucinska_agata_mat_artystki.jpg\" rel=\"nofollow noopener\" target=\"_blank\">&#13;<br \/>\n        <img loading=\"lazy\" decoding=\"async\" src=\"https:\/\/www.europesays.com\/pl\/wp-content\/uploads\/2026\/08\/thumb_kucinska_agata_mat_artystki.jpg\" alt=\"\" title=\"kucinska_agata_mat_artystki.jpg\" width=\"281\" height=\"364\"\/>      <\/a><\/p>\n<p>Biogramy obu os\u00f3b &#8211; od lat zwi\u0105zanych z WTL &#8211; znajdziecie na naszej stronie internetowej. https:\/\/www.teatrlalek.wroclaw.pl\/pl\/zespol-wtl-2023<\/p>\n<p>A Wy, drodzy Widzowie, zaplanujcie z nami wrzesie\u0144! Repertuar na pierwszy miesi\u0105c roku szkolnego jest ju\u017c dost\u0119pny, a i bilety szybko znikaj\u0105.<\/p>\n<p>Zagramy dla Was spektakle:<br \/>MISIACZEK | wiek: 3\u20136<br \/>KACZ\u0104TKO | wiek: 4+<br \/>Z\u0141A DZIEWCZYNKA | wiek: 7+<br \/>TESLA vs EDISON, czyli z pr\u0105dem lub pod pr\u0105d | wiek: 6+<\/p>\n<p>Wroc\u0142awski Teatr Lalek jest nie tylko dla dzieci. We wrze\u015bniu mamy te\u017c propozycj\u0119 dla starszych widz\u00f3w. M\u0142odzie\u017c i doros\u0142ych zapraszamy na HA\u0141AS &#8211; autorski spektakl Agaty Kuci\u0144skiej | wiek: 16+\u00a0 \u00a0\u00a0<\/p>\n<p>Nowy sezon to tak\u017ce powr\u00f3t do regularnych dzia\u0142a\u0144 edukacyjnych. Ju\u017c od wrze\u015bnia zapraszamy Was na nowe, ale te\u017c znane i lubiane cykle warsztatowe.<br \/>We wrze\u015bniu startuj\u0105:<br \/>NICPODZIANKI | wiek: 1\u20133 | prowadz\u0105ca: Monika Reks<br \/>DZIEJE SI\u0118 W TEATRZE | wiek: 3\u20135 lat | prowadz\u0105cy: Natalia Herman i Mateusz Zilbert<br \/>TATO, RUSZMY SI\u0118! | wiek: 6\u20139 lat | prowadz\u0105cy: Bartosz Ku\u0142agowski<\/p>\n<p>Wracaj\u0105 tak\u017ce cykle:<br \/>PORA\u017bKA! | wiek: 9+ | prowadz\u0105cy: Katarzyna Krajewska, Piotr Zdebski<br \/>ROBIMY | sta\u0142a grupa teatralna dla m\u0142odzie\u017cy w wieku 15\u201317 lat<br \/>MACHINA TEATRALNA, czyli jak to wszystko dzia\u0142a<br \/>interaktywny spacer dla ca\u0142ej rodziny | prowadz\u0105ca: Katarzyna Starczewska<\/p>\n<p>Bilety oraz szczeg\u00f3\u0142owy repertuar dost\u0119pny na:<br \/><a href=\"https:\/\/bilety.teatrlalek.wroclaw.pl\/\" target=\"_blank\" rel=\"nofollow noopener\">https:\/\/bilety.teatrlalek.wroclaw.pl\/<\/a><\/p>\n","protected":false},"excerpt":{"rendered":"&#13; Wakacje si\u0119 sko\u0144czy\u0142y i witamy nowy rok szkolny 2026\/2027, a tym samym nowy sezon artystyczny. Od 1&hellip;\n","protected":false},"author":2,"featured_media":657844,"comment_status":"","ping_status":"","sticky":false,"template":"","format":"standard","meta":{"footnotes":"","_share_on_mastodon":"0"},"categories":[51607],"tags":[2434,8588,6588,17490,16331,51630,42,38,40,39,41,649,650,11541,51629,8815,51631,8767,51628,800,8816,1853],"class_list":["post-657843","post","type-post","status-publish","format-standard","has-post-thumbnail","category-wroclaw","tag-aktor","tag-aktorzy","tag-festiwal","tag-festiwale","tag-kariera","tag-kariery","tag-pl","tag-poland","tag-polish","tag-polska","tag-polski","tag-premiera","tag-premiery","tag-realizacja","tag-realizacje","tag-repertuar","tag-ruch-teatralny","tag-sztuka","tag-sztuki","tag-teatr","tag-teatry","tag-wroclaw"],"share_on_mastodon":{"url":"https:\/\/pubeurope.com\/@pl\/117190327456431532","error":""},"_links":{"self":[{"href":"https:\/\/www.europesays.com\/pl\/wp-json\/wp\/v2\/posts\/657843","targetHints":{"allow":["GET"]}}],"collection":[{"href":"https:\/\/www.europesays.com\/pl\/wp-json\/wp\/v2\/posts"}],"about":[{"href":"https:\/\/www.europesays.com\/pl\/wp-json\/wp\/v2\/types\/post"}],"author":[{"embeddable":true,"href":"https:\/\/www.europesays.com\/pl\/wp-json\/wp\/v2\/users\/2"}],"replies":[{"embeddable":true,"href":"https:\/\/www.europesays.com\/pl\/wp-json\/wp\/v2\/comments?post=657843"}],"version-history":[{"count":0,"href":"https:\/\/www.europesays.com\/pl\/wp-json\/wp\/v2\/posts\/657843\/revisions"}],"wp:featuredmedia":[{"embeddable":true,"href":"https:\/\/www.europesays.com\/pl\/wp-json\/wp\/v2\/media\/657844"}],"wp:attachment":[{"href":"https:\/\/www.europesays.com\/pl\/wp-json\/wp\/v2\/media?parent=657843"}],"wp:term":[{"taxonomy":"category","embeddable":true,"href":"https:\/\/www.europesays.com\/pl\/wp-json\/wp\/v2\/categories?post=657843"},{"taxonomy":"post_tag","embeddable":true,"href":"https:\/\/www.europesays.com\/pl\/wp-json\/wp\/v2\/tags?post=657843"}],"curies":[{"name":"wp","href":"https:\/\/api.w.org\/{rel}","templated":true}]}}