{"id":657870,"date":"2026-08-31T13:33:26","date_gmt":"2026-08-31T13:33:26","guid":{"rendered":"https:\/\/www.europesays.com\/pl\/657870\/"},"modified":"2026-08-31T13:33:26","modified_gmt":"2026-08-31T13:33:26","slug":"nawrocki-porywa-mlodych-bardziej-niz-trzaskowski-wzorzec-ktory-wzial-od-trumpa","status":"publish","type":"post","link":"https:\/\/www.europesays.com\/pl\/657870\/","title":{"rendered":"Nawrocki &#8222;porywa&#8221; m\u0142odych bardziej ni\u017c Trzaskowski? &#8222;Wzorzec, kt\u00f3ry wzi\u0105\u0142 od Trumpa&#8221;"},"content":{"rendered":"<p>kto zdaniem socjologa dra Rolanda Zarzyckiego lepiej walczy o m\u0142odych wyborc\u00f3w: Rafa\u0142 Trzaskowski czy Karol Nawrocki;<\/p>\n<p>czym r\u00f3\u017cni\u0105 si\u0119 strategie Trzaskowskiego i Nawrockiego w przyci\u0105ganiu m\u0142odych ludzi;<\/p>\n<p>dlaczego zdaniem go\u015bcia TOK FM Campus Polska Przysz\u0142o\u015bci nie &#8222;porywa&#8221; m\u0142odych ludzi tak, jak robi to Karol Nawrocki.<\/p>\n<p>Miniony polityczny tydzie\u0144 up\u0142yn\u0105\u0142 pod znakiem walki o m\u0142odych wyborc\u00f3w. W dniach 26-30 sierpnia w Olsztynie odby\u0142 si\u0119 organizowany przez Rafa\u0142a Trzaskowskiego (KO) Campus Polska Przysz\u0142o\u015bci, a 29-30 sierpnia w Juracie &#8211; Przysz\u0142o\u015b\u0107.pl., czyli impreza prezydenta Karola Nawrockiego.<\/p>\n<p>Oba wydarzenia obserwowa\u0142 dr Roland Zarzycki z Instytutu My\u015bli Politycznej im. Gabriela Narutowicza. Zapytany w &#8222;Pierwszym programie&#8221; o zwyci\u0119zc\u0119 tego pojedynku, wskaza\u0142 na Karola Nawrockiego. &#8211; Widzieli\u015bmy ostatni sonda\u017c, w kt\u00f3rym poparcie w\u0142a\u015bnie tej grupy wiekowej, zaufanie do prezydenta jest szczeg\u00f3lnie wysokie &#8211; uzasadni\u0142 ekspert reprezentuj\u0105cy Uniwersytet Wroc\u0142awski. Z opublikowanego w sobot\u0119 sonda\u017cu United Surveys by IBRiS dla Wirtualnej Polski wynika, \u017ce 42 proc. os\u00f3b w wieku 18-29 lat ocenia Karola Nawrockiego &#8222;raczej dobrze&#8221;. Jednocze\u015bnie \u017caden z reprezentant\u00f3w tej grupy wiekowej nie oceni\u0142 jego prezydentury &#8222;zdecydowanie \u017ale&#8221;.<\/p>\n<p>Socjolog m\u00f3wi\u0142 o dw\u00f3ch, zupe\u0142nie r\u00f3\u017cnych &#8222;modelach podej\u015bcia&#8221; do m\u0142odych reprezentowanych przez Trzaskowskiego i Nawrockiego. &#8211; Campus Polska ma charakter bardziej merytoryczno-obywatelski. Zapraszani s\u0105 eksperci, osoby, kt\u00f3re w jaki\u015b spos\u00f3b zas\u0142u\u017cy\u0142y si\u0119 obywatelsko Polsce. Te osoby reprezentuj\u0105 wysoki kapita\u0142 kulturowy i tego wysokiego kapita\u0142u oczekuje si\u0119 te\u017c od uczestnik\u00f3w. M\u0142odzie\u017c nieposiadaj\u0105ca takiego kapita\u0142u mo\u017ce czu\u0107 si\u0119 w takim kontek\u015bcie wykluczona. Z drugiej strony mamy Przysz\u0142o\u015b\u0107.pl, gdzie bardziej m\u00f3wimy o kapitale kulturowo-popularnym, ewentualnie narodowym. On jest bardziej ludzki, bardziej dla ka\u017cdego. W\u0142a\u015bciwie ka\u017cdy mo\u017ce si\u0119 tam odnale\u017a\u0107. Jest troch\u0119 sportu, troch\u0119 muzyki, troch\u0119 powa\u017cnych temat\u00f3w i &#8211; co najwa\u017cniejsze &#8211; jest s\u0142uchanie m\u0142odych &#8211; analizowa\u0142 rozm\u00f3wca Wojciecha Muzala.<\/p>\n<p><a name=\"eztoc32754485_0_3\" id=\"eztoc32754485_0_3\"\/>Campus Polska Przysz\u0142o\u015bci. &#8222;Brakuje \u015bwie\u017co\u015bci&#8221;<\/p>\n<p>Skoro o muzyce mowa, spotkanie w Juracie u\u015bwietni\u0142 Skolim &#8211; samozwa\u0144czy &#8222;kr\u00f3l latino&#8221;, s\u0142yn\u0105cy z wulgarnych tekst\u00f3w piosenek.<\/p>\n<p>&#8211; Nie powinni\u015bmy mie\u0107 z\u0142udze\u0144 &#8211; odpowiedzia\u0142 dr Zarzycki, zapytany, czy Nawrocki poprzez zaanga\u017cowanie Skolima chcia\u0142 &#8222;kupi\u0107&#8221; m\u0142ody elektorat.\u00a0&#8211; Polityka jest polityk\u0105, (&#8230;) a \u017cycie uczy nas, \u017ce w polityce licz\u0105 si\u0119 interesy. (&#8230;) Z perspektywy technologii politycznej chodzi bardziej o przechwytywanie uwagi ni\u017c o sam\u0105 tre\u015b\u0107. My\u015bl\u0119, \u017ce prezydent Nawrocki kieruje si\u0119 zasad\u0105 &#8222;cel u\u015bwi\u0119ca \u015brodki&#8221;, to znaczy, je\u015bli trzeba zaprosi\u0107 Skolima, to zaprasza Skolima. (&#8230;) Widzimy tutaj pewien wzorzec, kt\u00f3ry prezydent Nawrocki wzi\u0105\u0142 od swojego wielkiego mentora Donalda Trumpa, kt\u00f3ry elokwencji i manierom przeciwstawia si\u0142\u0119 i charyzm\u0119. To trafia do szerszego grona m\u0142odzie\u017cy bardziej ni\u017c dyskusja na poziomie pogl\u0105d\u00f3w &#8211; komentowa\u0142 ekspert\u00a0z Instytutu My\u015bli Politycznej im. Gabriela Narutowicza.<\/p>\n<p>Na Campus Polska Przysz\u0142o\u015bci pojawili si\u0119 m.in. premier Donald Tusk, marsza\u0142ek Sejmu W\u0142odzimierz Czarzasty, ministra edukacji Barbara Nowacka oraz uwolniony niedawno wi\u0119zie\u0144 polityczny re\u017cimu \u0141ukaszenki Andrzej Poczobut.<\/p>\n<p>Wed\u0142ug go\u015bcia TOK FM wi\u0119kszo\u015bci z tego grona charyzmy brakuje. &#8211; Na pewno nie odm\u00f3wi\u0142bym charyzmy premierowi Tuskowi, bo on jest charyzmatycznym politykiem. Natomiast brakuje takiej \u015bwie\u017co\u015bci na poziomie ludzkim. S\u0105 tam osoby, kt\u00f3re m\u00f3wi\u0105 m\u0105dre rzeczy, ale by\u0107 mo\u017ce nie ma tam os\u00f3b, kt\u00f3re porywaj\u0105 m\u0142odzie\u017c &#8211; oceni\u0142 w &#8222;Pierwszym programie&#8221; dr Roland Zarzycki.<\/p>\n<p>\u0179r\u00f3d\u0142o: TOK FM<\/p>\n","protected":false},"excerpt":{"rendered":"kto zdaniem socjologa dra Rolanda Zarzyckiego lepiej walczy o m\u0142odych wyborc\u00f3w: Rafa\u0142 Trzaskowski czy Karol Nawrocki; czym r\u00f3\u017cni\u0105&hellip;\n","protected":false},"author":2,"featured_media":657871,"comment_status":"","ping_status":"","sticky":false,"template":"","format":"standard","meta":{"footnotes":"","_share_on_mastodon":"0"},"categories":[62712],"tags":[690,70503,907,2837,83491,2022],"class_list":["post-657870","post","type-post","status-publish","format-standard","has-post-thumbnail","category-karol-nawrocki","tag-karol-nawrocki","tag-pierwszy-program","tag-polityka","tag-rafal-trzaskowski","tag-wojciech-muzal","tag-wyborcy"],"share_on_mastodon":{"url":"https:\/\/pubeurope.com\/@pl\/117190381092541383","error":""},"_links":{"self":[{"href":"https:\/\/www.europesays.com\/pl\/wp-json\/wp\/v2\/posts\/657870","targetHints":{"allow":["GET"]}}],"collection":[{"href":"https:\/\/www.europesays.com\/pl\/wp-json\/wp\/v2\/posts"}],"about":[{"href":"https:\/\/www.europesays.com\/pl\/wp-json\/wp\/v2\/types\/post"}],"author":[{"embeddable":true,"href":"https:\/\/www.europesays.com\/pl\/wp-json\/wp\/v2\/users\/2"}],"replies":[{"embeddable":true,"href":"https:\/\/www.europesays.com\/pl\/wp-json\/wp\/v2\/comments?post=657870"}],"version-history":[{"count":0,"href":"https:\/\/www.europesays.com\/pl\/wp-json\/wp\/v2\/posts\/657870\/revisions"}],"wp:featuredmedia":[{"embeddable":true,"href":"https:\/\/www.europesays.com\/pl\/wp-json\/wp\/v2\/media\/657871"}],"wp:attachment":[{"href":"https:\/\/www.europesays.com\/pl\/wp-json\/wp\/v2\/media?parent=657870"}],"wp:term":[{"taxonomy":"category","embeddable":true,"href":"https:\/\/www.europesays.com\/pl\/wp-json\/wp\/v2\/categories?post=657870"},{"taxonomy":"post_tag","embeddable":true,"href":"https:\/\/www.europesays.com\/pl\/wp-json\/wp\/v2\/tags?post=657870"}],"curies":[{"name":"wp","href":"https:\/\/api.w.org\/{rel}","templated":true}]}}