{"id":657876,"date":"2026-08-31T13:41:14","date_gmt":"2026-08-31T13:41:14","guid":{"rendered":"https:\/\/www.europesays.com\/pl\/657876\/"},"modified":"2026-08-31T13:41:14","modified_gmt":"2026-08-31T13:41:14","slug":"nowy-zlobek-w-bialymstoku-gotowy-144-miejsca-dla-najmlodszych-aktualnosci-wiadomosci-bialystok-online-portal-miejski-bialystok-bialystok","status":"publish","type":"post","link":"https:\/\/www.europesays.com\/pl\/657876\/","title":{"rendered":"Nowy \u017c\u0142obek w Bia\u0142ymstoku gotowy. 144 miejsca dla najm\u0142odszych, Aktualno\u015bci, Wiadomo\u015bci Bia\u0142ystok Online Portal Miejski Bia\u0142ystok (Bialystok)"},"content":{"rendered":"\n<p>            <img decoding=\"async\" class=\"art-figimg\" src=\"https:\/\/www.europesays.com\/pl\/wp-content\/uploads\/2026\/08\/150589-e.jpg\" width=\"375\" height=\"250\" alt=\"Nowy \u017c\u0142obek w Bia\u0142ymstoku gotowy. 144 miejsca dla najm\u0142odszych\" loading=\"lazy\" fetchpriority=\"high\"\/><br \/>\n            Fot: UM Bia\u0142ystok<\/p>\n<p class=\"art-lid\">W Bia\u0142ymstoku otwarto now\u0105 fili\u0119 \u017b\u0142obka Miejskiego nr 3. Plac\u00f3wka przy ul. Absolwent\u00f3w 6 zacznie przyjmowa\u0107 dzieci 1 wrze\u015bnia. W nowym budynku przygotowano 144 miejsca, w\u0142asn\u0105 kuchni\u0119, plac zabaw i sze\u015b\u0107 oddzia\u0142\u00f3w. Inwestycja powsta\u0142a w technologii modu\u0142owej.<\/p>\n<p class=\"art-cont\">Nowy \u017c\u0142obek znajduje si\u0119 na osiedlu Bema, w rejonie, w kt\u00f3rym powstaj\u0105 kolejne mieszkania komunalne. Miasto podkre\u015bla, \u017ce w\u0142a\u015bnie tutaj potrzeba miejsc dla najm\u0142odszych jest szczeg\u00f3lnie du\u017ca.<\/p>\n<p>\u2013 To cieszy, \u017ce przybywa kolejna pi\u0119kna plac\u00f3wka, szczeg\u00f3lnie w\u0142a\u015bnie tutaj, na tym osiedlu, kt\u00f3re dynamicznie si\u0119 rozwija. Tu b\u0119dzie budowanych jeszcze kilka nowych blok\u00f3w komunalnych, a wi\u0119c my\u015bl\u0119, \u017ce ten \u017c\u0142obek b\u0119dzie cieszy\u0142 si\u0119 popularno\u015bci\u0105 w\u015br\u00f3d mieszka\u0144c\u00f3w tego osiedla, ale nie tylko \u2013 m\u00f3wi\u0142 podczas otwarcia prezydent Bia\u0142egostoku Tadeusz Truskolaski.<\/p>\n<p>144 miejsca i sze\u015b\u0107 oddzia\u0142\u00f3w<\/p>\n<p>Filia \u017b\u0142obka Miejskiego nr 3 ma sze\u015b\u0107 oddzia\u0142\u00f3w, w kt\u00f3rych mo\u017ce znale\u017a\u0107 opiek\u0119 \u0142\u0105cznie 144 dzieci. Ka\u017cda z sal ma bezpo\u015brednie wyj\u015bcie na plac zabaw. W budynku dzia\u0142a tak\u017ce kuchnia przygotowuj\u0105ca posi\u0142ki dla dzieci.<\/p>\n<p>\u2013 Mamy 10 \u017c\u0142obk\u00f3w, 1409 miejsc. S\u0105 jeszcze wolne miejsca. Zapraszamy i w tym \u017c\u0142obku, i r\u00f3wnie\u017c w innych \u2013 m\u00f3wi\u0142 Tadeusz Truskolaski.<\/p>\n<p>Nowa plac\u00f3wka b\u0119dzie dost\u0119pna nie tylko dla mieszka\u0144c\u00f3w Bia\u0142egostoku. Do miejskich \u017c\u0142obk\u00f3w mog\u0105 by\u0107 przyjmowane tak\u017ce dzieci mieszkaj\u0105ce w gminach o\u015bciennych. Miasto zmieni\u0142o w tym zakresie zasady naboru pod koniec ubieg\u0142ego roku.<\/p>\n<p>Prezydent zwr\u00f3ci\u0142 uwag\u0119 tak\u017ce na lokalizacj\u0119 plac\u00f3wki.<\/p>\n<p>\u2013 Rodzice chc\u0105 mie\u0107 \u017c\u0142obek najbli\u017cej miejsca zamieszkania. (&#8230;) Tu jest sze\u015b\u0107 oddzia\u0142\u00f3w, 144 miejsca. Z ka\u017cdej sali jest wyj\u015bcie w\u0142a\u015bnie na ten bardzo bezpieczny plac zabaw \u2013 m\u00f3wi\u0142.<\/p>\n<p>\u017b\u0142obek powsta\u0142 z modu\u0142\u00f3w<\/p>\n<p>Budynek przy ul. Absolwent\u00f3w zosta\u0142 wykonany w technologii modu\u0142owej. Za realizacj\u0119 inwestycji odpowiada\u0142a firma Unihouse S.A. z Bielska Podlaskiego. Miasto podpisa\u0142o z wykonawc\u0105 umow\u0119 w marcu 2025 roku.<\/p>\n<p>Tomasz Klim, zast\u0119pca prezydenta Bia\u0142egostoku odpowiedzialny m.in. za Departament Inwestycji, podkre\u015bla\u0142, \u017ce sprawna realizacja by\u0142a mo\u017cliwa dzi\u0119ki dobrej wsp\u00f3\u0142pracy z wykonawc\u0105.<\/p>\n<p>\u2013 Dobrze zrealizowana inwestycja to opr\u00f3cz dobrego nadzoru r\u00f3wnie\u017c dobry wsp\u00f3\u0142pracownik. Tutaj z firm\u0105 Unihouse wsp\u00f3\u0142pracowa\u0142o si\u0119 naprawd\u0119 bardzo dobrze, dzi\u0119ki czemu tak naprawd\u0119 w terminach mamy gotow\u0105 inwestycj\u0119 \u2013 m\u00f3wi\u0142 Tomasz Klim.<\/p>\n<p>Budowa by\u0142a te\u017c pierwsz\u0105 tego typu realizacj\u0105 miasta. Drewniane modu\u0142y przyje\u017cd\u017ca\u0142y na plac budowy, gdzie by\u0142y \u0142\u0105czone w gotowy obiekt.<\/p>\n<p>\u2013 \u017b\u0142obek, kt\u00f3ry by\u0142 jako pierwszy w Bia\u0142ymstoku wybudowany w technologii modu\u0142owej. W trakcie jego budowy pokazywali\u015bmy bia\u0142ostoczanom, jak to wygl\u0105da\u0142o krok po kroku. Najpierw wylana p\u0142yta, poszczeg\u00f3lne modu\u0142y, kt\u00f3re przyje\u017cd\u017ca\u0142y tutaj w nocy \u2013 przypomina\u0142 zast\u0119pca prezydenta.<\/p>\n<p>Pod \u017c\u0142obkiem jest miejsce schronienia<\/p>\n<p>Nowy budynek ma jeszcze jedn\u0105 funkcj\u0119. Zaprojektowano w nim miejsce schronienia dla 150 os\u00f3b.<\/p>\n<p>\u2013 To inwestycja, kt\u00f3ra jest nie tylko \u017c\u0142obkiem, ale kt\u00f3ra r\u00f3wnie\u017c zawiera w sobie miejsce ukrycia 150 os\u00f3b. Jest to inwestycja bardzo kompleksowa, ju\u017c patrz\u0105c nawet na nowe przepisy \u2013 m\u00f3wi\u0142 Tomasz Klim.<\/p>\n<p>Jak doda\u0142, przy realizacji wykorzystano r\u00f3wnie\u017c odnawialne \u017ar\u00f3d\u0142a energii.<\/p>\n<p>\u2013 Pozyskali\u015bmy prawie 200 tysi\u0119cy z\u0142otych na instalacj\u0119 odnawialnych \u017ar\u00f3de\u0142 energii na budynku, tak \u017ceby jeszcze bardziej podkre\u015bla\u0107 nowoczesno\u015b\u0107 tego \u017c\u0142obka \u2013 powiedzia\u0142.<\/p>\n<p>Ponad 10 mln z\u0142 dofinansowania<\/p>\n<p>Inwestycja zosta\u0142a dofinansowana z programu \u201eAktywny Maluch\u201d 2022\u20132029. Wcze\u015bniejsze informacje miasta wskazywa\u0142y na ponad 10,1 mln z\u0142 dofinansowania.<\/p>\n<p>O znaczeniu rz\u0105dowego programu m\u00f3wi\u0142 wojewoda podlaski Jacek Brzozowski.<\/p>\n<p>\u2013 Jak wygl\u0105da sprawna wsp\u00f3\u0142praca rz\u0105du i samorz\u0105du? No w\u0142a\u015bnie tak, \u017ce dzi\u0119ki bardzo du\u017cym pieni\u0105dzom, kt\u00f3re dzi\u0119ki m\u0105drej polityce spo\u0142ecznej mog\u0105 trafi\u0107 do samorz\u0105du, ten samorz\u0105d realizuje bardzo konkretne inwestycje, kt\u00f3re s\u0105 odpowiedzi\u0105 na potrzeby mieszka\u0144c\u00f3w \u2013 m\u00f3wi\u0142 wojewoda.<\/p>\n<p>Jacek Brzozowski zwr\u00f3ci\u0142 uwag\u0119, \u017ce podobne inwestycje maj\u0105 zwi\u0119ksza\u0107 dost\u0119pno\u015b\u0107 opieki nad dzie\u0107mi do lat 3 w ca\u0142ym regionie.<\/p>\n<p>\u2013 W tej chwili mamy przesz\u0142o 2200. Docelowo planujemy stworzenie 3,5 tys. miejsc opieki dla dzieci do lat 3 \u2013 powiedzia\u0142.<\/p>\n<p>\u201eGdyby nie Sejm, tego bud\u017cetu by nie by\u0142o\u201d<\/p>\n<p>W otwarciu uczestniczy\u0142 tak\u017ce pose\u0142 Krzysztof Truskolaski. Parlamentarzysta m\u00f3wi\u0142 o finansowaniu inwestycji z programu \u201eAktywny Maluch\u201d i podkre\u015bla\u0142 rol\u0119 parlamentu w uchwalaniu \u015brodk\u00f3w na tego typu programy.<\/p>\n<p>\u2013 Program Aktywny Maluch powsta\u0142 przy wsp\u00f3\u0142pracy Ministerstwa Spraw Spo\u0142ecznych i bud\u017cet na te programy zosta\u0142 uchwalony w Sejmie. Gdyby nie Sejm, gdyby nie praca pos\u0142\u00f3w, to tego bud\u017cetu by nie by\u0142o. Czyli 10 mln z\u0142 w tym \u017c\u0142obku jest w\u0142a\u015bnie z programu Aktywnego Malucha \u2013 m\u00f3wi\u0142 Krzysztof Truskolaski.<\/p>\n<p>Pose\u0142 odni\u00f3s\u0142 si\u0119 tak\u017ce do programu \u201eAktywny Rodzic\u201d, potocznie nazywanego \u201ebabciowym\u201d.<\/p>\n<p>\u2013 Program babciowy powoduje to, \u017ce ten \u017c\u0142obek dla mieszka\u0144c\u00f3w naszego miasta, ale te\u017c okolicznych miejscowo\u015bci b\u0119dzie darmowy. Dzi\u0119ki temu, \u017ce rz\u0105d i parlament wprowadzi\u0142 program, kt\u00f3ry dofinansowuje m.in. mo\u017cliwo\u015b\u0107 opieki w \u017c\u0142obku \u2013 m\u00f3wi\u0142.<\/p>\n<p>Pierwszy dzie\u0144 b\u0119dzie czasem adaptacji<\/p>\n<p>Od 1 wrze\u015bnia do plac\u00f3wki zaczn\u0105 przychodzi\u0107 pierwsi podopieczni. Dyrektor \u017b\u0142obka Miejskiego nr 3 Monika Niewi\u0144ska zapewnia, \u017ce plac\u00f3wka jest gotowa.<\/p>\n<p>\u2013 Jeste\u015bmy gotowi. Jutro zapraszamy naszych pierwszych podopiecznych razem z rodzicami. Rozpoczynamy proces adaptacyjny \u2013 powiedzia\u0142a.<\/p>\n<p>Adaptacja b\u0119dzie przebiega\u0142a etapami. Na pocz\u0105tku rodzice b\u0119d\u0105 mogli zosta\u0107 z dzie\u0107mi w plac\u00f3wce.<\/p>\n<p>\u2013 Pierwszy etap aktywnego udzia\u0142u rodzica, czyli rodzic przyjdzie ze swoim dzieckiem i b\u0119dzie m\u00f3g\u0142 z nim poby\u0107 przez jaki\u015b czas, aby dziecko stopniowo przyzwyczaja\u0142o si\u0119 do tego miejsca i aby cieszy\u0142o si\u0119 tym miejscem i dobrze si\u0119 rozwija\u0142o w nim \u2013 wyja\u015bni\u0142a Monika Niewi\u0144ska.<\/p>\n<p>Za funkcjonowanie filii przy ul. Absolwent\u00f3w 6 odpowiada kierownik Zofia Rygorowicz. Oficjalne dane plac\u00f3wki potwierdzaj\u0105, \u017ce jest to filia \u017b\u0142obka Miejskiego nr 3, z 144 miejscami dla dzieci od 20. tygodnia \u017cycia do 3 lat.<\/p>\n<p>W otwarciu uczestniczyli tak\u017ce m.in. zast\u0119pca prezydenta Eliza Agnieszka Cybulko, dyrektor Departamentu Spraw Spo\u0142ecznych Adam Kurluta, pracownica departamentu Martyna Orator, radny miejski Marcin Pi\u0119tka oraz przedstawiciele firmy Unihouse. Marcin Pi\u0119tka jest radnym Rady Miasta Bia\u0142ystok i przewodnicz\u0105cym Komisji Infrastruktury Komunalnej.<\/p>\n<p class=\"art-autimg\">\n<p>                            <img decoding=\"async\" class=\"art-autimgi\" src=\"https:\/\/www.europesays.com\/pl\/wp-content\/uploads\/2026\/08\/1788183673_407_avatar_1x.jpg\" alt=\"Katarzyna Kozio\u0142\" width=\"64\" height=\"64\" loading=\"lazy\"\/><\/p>\n<p class=\"art-autname\">Katarzyna Kozio\u0142<\/p>\n<p>24@bialystokonline.pl<\/p>\n<p>Przeczytaj tak\u017ce<\/p>\n<p>&#13;<br \/>\n&#13;<br \/>\n&#13;<br \/>\n<img loading=\"lazy\" decoding=\"async\" src=\"https:\/\/www.europesays.com\/pl\/wp-content\/uploads\/2026\/08\/1788183674_95_adlog.gif\" width=\"0\" height=\"0\" alt=\"\" style=\"width: 0px; height: 0px;\"\/><\/p>\n<p>Popularne dzisiaj<\/p>\n","protected":false},"excerpt":{"rendered":"Fot: UM Bia\u0142ystok W Bia\u0142ymstoku otwarto now\u0105 fili\u0119 \u017b\u0142obka Miejskiego nr 3. Plac\u00f3wka przy ul. Absolwent\u00f3w 6 zacznie&hellip;\n","protected":false},"author":2,"featured_media":657877,"comment_status":"","ping_status":"","sticky":false,"template":"","format":"standard","meta":{"footnotes":"","_share_on_mastodon":"0"},"categories":[51614],"tags":[128162,2151,51731,113,51730,3754,51738,51735,4041,1096,1089,399,17334,51736,2921,3840,51734,8736,1232,120,128161,7116,17265,19285,42,5083,38,40,39,41,6309,1756,3813,8815,38950,123,800,4278,1323,51737,2879,253,15465,73768],"class_list":["post-657876","post","type-post","status-publish","format-standard","has-post-thumbnail","category-bialystok","tag-absolwentowaktualnosci","tag-bialystok","tag-bialystokonline","tag-biznes","tag-bstok","tag-dom","tag-drobne","tag-firm","tag-firmy","tag-hotele","tag-imprezy","tag-informacje","tag-katalog","tag-kina","tag-koncert","tag-lokale","tag-miejski","tag-mieszkanie","tag-motoryzacja","tag-nauka","tag-nowy-zlobek-w-bialymstoku-gotowy-144-miejsca-dla-najmlodszych","tag-ogloszenia","tag-on-line","tag-online","tag-pl","tag-podlasie","tag-poland","tag-polish","tag-polska","tag-polski","tag-portal","tag-praca","tag-remont","tag-repertuar","tag-rozklad","tag-rozrywka","tag-teatr","tag-turystyka","tag-uroda","tag-urzedy","tag-zakupy","tag-zdrowie","tag-zlobek","tag-zlobek-miejski"],"share_on_mastodon":{"url":"","error":""},"_links":{"self":[{"href":"https:\/\/www.europesays.com\/pl\/wp-json\/wp\/v2\/posts\/657876","targetHints":{"allow":["GET"]}}],"collection":[{"href":"https:\/\/www.europesays.com\/pl\/wp-json\/wp\/v2\/posts"}],"about":[{"href":"https:\/\/www.europesays.com\/pl\/wp-json\/wp\/v2\/types\/post"}],"author":[{"embeddable":true,"href":"https:\/\/www.europesays.com\/pl\/wp-json\/wp\/v2\/users\/2"}],"replies":[{"embeddable":true,"href":"https:\/\/www.europesays.com\/pl\/wp-json\/wp\/v2\/comments?post=657876"}],"version-history":[{"count":0,"href":"https:\/\/www.europesays.com\/pl\/wp-json\/wp\/v2\/posts\/657876\/revisions"}],"wp:featuredmedia":[{"embeddable":true,"href":"https:\/\/www.europesays.com\/pl\/wp-json\/wp\/v2\/media\/657877"}],"wp:attachment":[{"href":"https:\/\/www.europesays.com\/pl\/wp-json\/wp\/v2\/media?parent=657876"}],"wp:term":[{"taxonomy":"category","embeddable":true,"href":"https:\/\/www.europesays.com\/pl\/wp-json\/wp\/v2\/categories?post=657876"},{"taxonomy":"post_tag","embeddable":true,"href":"https:\/\/www.europesays.com\/pl\/wp-json\/wp\/v2\/tags?post=657876"}],"curies":[{"name":"wp","href":"https:\/\/api.w.org\/{rel}","templated":true}]}}