{"id":657926,"date":"2026-08-31T14:11:11","date_gmt":"2026-08-31T14:11:11","guid":{"rendered":"https:\/\/www.europesays.com\/pl\/657926\/"},"modified":"2026-08-31T14:11:11","modified_gmt":"2026-08-31T14:11:11","slug":"sierpien-pelen-pomocy","status":"publish","type":"post","link":"https:\/\/www.europesays.com\/pl\/657926\/","title":{"rendered":"Sierpie\u0144 pe\u0142en pomocy"},"content":{"rendered":"<p>Dzia\u0142ania prowadzone by\u0142y zar\u00f3wno w Lublinie, jak i w oddzia\u0142ach rejonowych w ca\u0142ym wojew\u00f3dztwie. Jednym z wa\u017cniejszych przedsi\u0119wzi\u0119\u0107 by\u0142y kolonie zorganizowane w Ostrowie. Od 10 do 23 sierpnia wypoczywa\u0142o tam 120 dzieci z rodzin znajduj\u0105cych si\u0119 w trudnej sytuacji ekonomicznej. Dwutygodniowy wyjazd \u0142\u0105czy\u0142 wakacyjny wypoczynek z edukacj\u0105 i integracj\u0105. W programie znalaz\u0142y si\u0119 m.in. zaj\u0119cia z pierwszej pomocy, bezpiecze\u0144stwa, zdrowego stylu \u017cycia i wolontariatu. Dzieci korzysta\u0142y tak\u017ce z atrakcji turystycznych i sportowych, w tym sp\u0142ywu kajakowego, wizyty w fokarium i parku wodnym.<\/p>\n<p>&#8211; W sierpniu odby\u0142y si\u0119 r\u00f3wnie\u017c p\u00f3\u0142kolonie PCK. W dw\u00f3ch turnusach uczestniczy\u0142y 33 dzieci. Zaj\u0119cia koncentrowa\u0142y si\u0119 mi\u0119dzy innymi na rozwijaniu kreatywno\u015bci i kompetencji spo\u0142ecznych. By\u0142a dogoterapia, warsztaty tworzenia masek, zaj\u0119cia dotycz\u0105ce emocji, a tak\u017ce wyj\u015bcia do kina i na atrakcje rekreacyjne &#8211; m\u00f3wi Katarzyna Nastaj, Specjalista ds. komunikacji Lubelskiego Oddzia\u0142u Okr\u0119gowego PCK.<\/p>\n<p>Pomoc najm\u0142odszym obejmowa\u0142a tak\u017ce przygotowania do nowego roku szkolnego. Kontynuowano akcj\u0119 \u201eWyprawka dla \u017baka 2026\u201d, w ramach kt\u00f3rej zbierane s\u0105 plecaki, zeszyty, pi\u00f3rniki, przybory szkolne oraz materia\u0142y edukacyjne. Z przekazanych dar\u00f3w przygotowywane s\u0105 wyprawki dla dzieci potrzebuj\u0105cych wsparcia.<\/p>\n<p>Pomoc nie tylko dla dzieci<\/p>\n<p>Sierpniowe dzia\u0142ania PCK obejmowa\u0142y r\u00f3wnie\u017c osoby korzystaj\u0105ce z pomocy \u017cywno\u015bciowej. W ramach Programu Fundusze Europejskie na Pomoc \u017bywno\u015bciow\u0105 organizowano warsztaty kulinarne, spotkania z fizjoterapeut\u0105, zaj\u0119cia z pierwszej pomocy psychologicznej oraz warsztaty dotycz\u0105ce zarz\u0105dzania domowym bud\u017cetem. Z przeprowadzonej ewaluacji wynika, \u017ce 94 proc. respondent\u00f3w uzna\u0142o, \u017ce udzia\u0142 w zaj\u0119ciach pozwoli\u0142 im podnie\u015b\u0107 kompetencje \u017cyciowe.<\/p>\n<p>&#8211; Wa\u017cnym elementem sierpniowej dzia\u0142alno\u015bci by\u0142a tak\u017ce integracja senior\u00f3w z Polski i Ukrainy. W Lublinie oraz Pu\u0142awach organizowano wsp\u00f3lne warsztaty i spotkania. W ramach projektu \u201eDo\u015bwiadczenie, kt\u00f3re \u0142\u0105czy\u201d pu\u0142awscy seniorzy przygotowali mi\u0119dzy innymi domowe przetwory warzywne. Produkty maj\u0105 zosta\u0107 przekazane osobom potrzebuj\u0105cym. W projekcie znalaz\u0142y si\u0119 r\u00f3wnie\u017c warsztaty kulinarne i historyczne &#8211; dodaje K. Nastaj.<\/p>\n<p>Seniorzy byli tak\u017ce bohaterami II Seniorali\u00f3w w Opolu Lubelskim. Wydarzenie zorganizowane 29 sierpnia zgromadzi\u0142o 24 grupy artystyczne, a na scenie zaprezentowa\u0142o si\u0119 oko\u0142o 250 os\u00f3b. Muzyka, taniec i wsp\u00f3lna zabawa sta\u0142y si\u0119 okazj\u0105 nie tylko do pokazania talent\u00f3w, ale r\u00f3wnie\u017c do integracji i przeciwdzia\u0142ania samotno\u015bci os\u00f3b starszych.<\/p>\n<p>Bezpiecze\u0144stwo i pierwsza pomoc<\/p>\n<p>PCK coraz mocniej anga\u017cuje si\u0119 r\u00f3wnie\u017c w edukacj\u0119 dotycz\u0105c\u0105 ochrony ludno\u015bci i przygotowania mieszka\u0144c\u00f3w na sytuacje kryzysowe. 8 sierpnia na Placu Litewskim w Lublinie organizacja uczestniczy\u0142a w wydarzeniu Akademii Ochrony Ludno\u015bci i Obrony Cywilnej. Mieszka\u0144cy mogli pozna\u0107 zasady udzielania pierwszej pomocy psychologicznej i reagowania wobec os\u00f3b znajduj\u0105cych si\u0119 w kryzysie.<\/p>\n<p>Pod koniec miesi\u0105ca jednym z temat\u00f3w by\u0142a zawarto\u015b\u0107 plecaka ewakuacyjnego. Podczas zaj\u0119\u0107 mieszka\u0144com prezentowano podstawowe wyposa\u017cenie, kt\u00f3re mo\u017ce okaza\u0107 si\u0119 potrzebne w sytuacji zagro\u017cenia &#8211; mi\u0119dzy innymi wod\u0119 i \u017cywno\u015b\u0107, apteczk\u0119, dokumenty, latark\u0119, baterie, powerbank, \u015brodki higieniczne i podstawow\u0105 odzie\u017c. Podobne dzia\u0142ania prowadzono tak\u017ce w innych miejscowo\u015bciach wojew\u00f3dztwa.\u00a0<\/p>\n<p>&#8211; O bezpiecze\u0144stwie mieszka\u0144c\u00f3w przypomina\u0142y r\u00f3wnie\u017c oddzia\u0142y rejonowe. W Radzyniu Podlaskim podczas wydarze\u0144 do\u017cynkowych uczestnicy mogli dowiedzie\u0107 si\u0119, jak przygotowa\u0107 si\u0119 do ewakuacji, rozpoznawa\u0107 sygna\u0142y alarmowe i udziela\u0107 pierwszej pomocy. W Lubartowie podobne dzia\u0142ania prowadzono podczas piknik\u00f3w rodzinnych. Z kolei w Bi\u0142goraju zorganizowano warsztaty dla cz\u0142onk\u00f3w lokalnej Grupy Ochrony Ludno\u015bci i si\u00f3str PCK.\u00a0W \u0141ukowie temat bezpiecze\u0144stwa pojawi\u0142 si\u0119 mi\u0119dzy innymi podczas spotkania senior\u00f3w z policjantem. Uczestnicy mogli oznakowa\u0107 swoje rowery i przypomnie\u0107 sobie zasady bezpiecznego poruszania si\u0119 jedno\u015bladem &#8211; t\u0142umaczy K. Nastaj.<\/p>\n<p>Podczas charytatywnej Moto\u017cy\u0142y zorganizowano natomiast zbi\u00f3rk\u0119 krwi oraz dzia\u0142ania edukacyjne dotycz\u0105ce reagowania w sytuacjach kryzysowych.<\/p>\n<p>Krew, wolontariat i pomoc s\u0105siedzka<\/p>\n<p>W sierpniu nie zabrak\u0142o akcji krwiodawstwa. Jedn\u0105 z nich by\u0142a Moto\u017cy\u0142a w \u0141ukowie, gdzie motoryzacyjna pasja zosta\u0142a po\u0142\u0105czona z konkretn\u0105 pomoc\u0105 drugiemu cz\u0142owiekowi. Aktywno\u015b\u0107 wolontariuszy widoczna by\u0142a r\u00f3wnie\u017c podczas lokalnych wydarze\u0144. W Kra\u015bniku PCK uczestniczy\u0142 w pikniku \u201eBezpieczne wakacje w mie\u015bcie\u201d, prowadz\u0105c pokazy pierwszej pomocy i animacje dla dzieci. W Lubartowie podczas rodzinnych wydarze\u0144 organizacja promowa\u0142a wolontariat i zaanga\u017cowanie spo\u0142eczne.<\/p>\n<p>&#8211; Wa\u017cnym przedsi\u0119wzi\u0119ciem pozostaje tak\u017ce \u201eOtwarta Szafa\u201d w Radzyniu Podlaskim. Mieszka\u0144cy mog\u0105 przekazywa\u0107 tam czyst\u0105, zadban\u0105 odzie\u017c, kt\u00f3rej ju\u017c nie potrzebuj\u0105, a osoby znajduj\u0105ce si\u0119 w trudniejszej sytuacji mog\u0105 bezp\u0142atnie wybra\u0107 ubrania dla siebie i swoich bliskich. Inicjatywa \u0142\u0105czy pomoc potrzebuj\u0105cym z ponownym wykorzystaniem rzeczy &#8211; wyja\u015bnia K. Nastaj.<\/p>\n<p>Pomoc PCK to r\u00f3wnie\u017c dzia\u0142ania, kt\u00f3re pozwalaj\u0105 zdobywa\u0107 \u015brodki na kolejne inicjatywy. W sierpniu kontynuowa\u0142 dzia\u0142alno\u015b\u0107 DOBROsklep PCK. Trafiaj\u0105 do niego mi\u0119dzy innymi ubrania, obuwie, ksi\u0105\u017cki, zabawki, bi\u017cuteria i wyposa\u017cenie domu. Sprzeda\u017c przekazywanych rzeczy wspiera dzia\u0142alno\u015b\u0107 pomocow\u0105 organizacji.<\/p>\n<p>&#8211; Mieszka\u0144cy mog\u0105 r\u00f3wnie\u017c w\u0142\u0105czy\u0107 si\u0119 w DOBROzbi\u00f3rk\u0119 Ksi\u0105\u017cek PCK. Przekazane w dobrym stanie powie\u015bci, krymina\u0142y, biografie, ksi\u0105\u017cki historyczne, poradniki czy publikacje dla dzieci i m\u0142odzie\u017cy trafiaj\u0105 do sprzeda\u017cy. Doch\u00f3d zasila dzia\u0142ania pomocowe Czerwonego Krzy\u017ca &#8211; zach\u0119ca K. Nastaj.<\/p>\n<p>Sierpniowa aktywno\u015b\u0107 PCK pokazuje wi\u0119c, \u017ce pomoc mo\u017ce przybiera\u0107 bardzo r\u00f3\u017cne formy &#8211; od zapewnienia dzieciom wakacyjnego wypoczynku, przez wsparcie \u017cywno\u015bciowe i integracj\u0119 senior\u00f3w, po nauk\u0119 pierwszej pomocy czy przygotowanie mieszka\u0144c\u00f3w do ewakuacji.<\/p>\n<p>Dzia\u0142ania prowadzone w Lublinie, Pu\u0142awach, Radzyniu Podlaskim, \u0141ukowie, Kra\u015bniku, Lubartowie, Bi\u0142goraju i innych miejscowo\u015bciach opieraj\u0105 si\u0119 na wsp\u00f3\u0142pracy organizacji z samorz\u0105dami, instytucjami, partnerami spo\u0142ecznymi, darczy\u0144cami i wolontariuszami. To dzi\u0119ki tej wsp\u00f3\u0142pracy pomoc mo\u017ce dociera\u0107 bezpo\u015brednio do mieszka\u0144c\u00f3w i odpowiada\u0107 na potrzeby lokalnych spo\u0142eczno\u015bci.<\/p>\n<p>\u00a0<\/p>\n","protected":false},"excerpt":{"rendered":"Dzia\u0142ania prowadzone by\u0142y zar\u00f3wno w Lublinie, jak i w oddzia\u0142ach rejonowych w ca\u0142ym wojew\u00f3dztwie. Jednym z wa\u017cniejszych przedsi\u0119wzi\u0119\u0107&hellip;\n","protected":false},"author":2,"featured_media":657927,"comment_status":"","ping_status":"","sticky":false,"template":"","format":"standard","meta":{"footnotes":"","_share_on_mastodon":"0"},"categories":[51612],"tags":[52515,119625,119626,52517,11317,1081,52514,58835,42,38,40,39,41,7623,52516],"class_list":["post-657926","post","type-post","status-publish","format-standard","has-post-thumbnail","category-lublin","tag-archidiecezja-lubelska","tag-dobrosklep-pck","tag-katarzyna-nastaj","tag-kosciol-w-lublinie","tag-lubelskie","tag-lublin","tag-parafie-archidiecezji-lubelskiej","tag-pck-lublin","tag-pl","tag-poland","tag-polish","tag-polska","tag-polski","tag-pomoc","tag-wiadomosci-z-kosciola-lubelskiego"],"share_on_mastodon":{"url":"https:\/\/pubeurope.com\/@pl\/117190530403282010","error":""},"_links":{"self":[{"href":"https:\/\/www.europesays.com\/pl\/wp-json\/wp\/v2\/posts\/657926","targetHints":{"allow":["GET"]}}],"collection":[{"href":"https:\/\/www.europesays.com\/pl\/wp-json\/wp\/v2\/posts"}],"about":[{"href":"https:\/\/www.europesays.com\/pl\/wp-json\/wp\/v2\/types\/post"}],"author":[{"embeddable":true,"href":"https:\/\/www.europesays.com\/pl\/wp-json\/wp\/v2\/users\/2"}],"replies":[{"embeddable":true,"href":"https:\/\/www.europesays.com\/pl\/wp-json\/wp\/v2\/comments?post=657926"}],"version-history":[{"count":0,"href":"https:\/\/www.europesays.com\/pl\/wp-json\/wp\/v2\/posts\/657926\/revisions"}],"wp:featuredmedia":[{"embeddable":true,"href":"https:\/\/www.europesays.com\/pl\/wp-json\/wp\/v2\/media\/657927"}],"wp:attachment":[{"href":"https:\/\/www.europesays.com\/pl\/wp-json\/wp\/v2\/media?parent=657926"}],"wp:term":[{"taxonomy":"category","embeddable":true,"href":"https:\/\/www.europesays.com\/pl\/wp-json\/wp\/v2\/categories?post=657926"},{"taxonomy":"post_tag","embeddable":true,"href":"https:\/\/www.europesays.com\/pl\/wp-json\/wp\/v2\/tags?post=657926"}],"curies":[{"name":"wp","href":"https:\/\/api.w.org\/{rel}","templated":true}]}}