{"id":657934,"date":"2026-08-31T14:15:21","date_gmt":"2026-08-31T14:15:21","guid":{"rendered":"https:\/\/www.europesays.com\/pl\/657934\/"},"modified":"2026-08-31T14:15:21","modified_gmt":"2026-08-31T14:15:21","slug":"szlaki-rowerowe-w-okolicy-lodzi-sprawdz-polecane-trasy","status":"publish","type":"post","link":"https:\/\/www.europesays.com\/pl\/657934\/","title":{"rendered":"Szlaki rowerowe w okolicy \u0141odzi. Sprawd\u017a polecane trasy"},"content":{"rendered":"<p><img decoding=\"async\" loading=\"eager\" fetchpriority=\"high\" class=\"atomsArticleGalleryImage__mainImg\" src=\"https:\/\/www.europesays.com\/pl\/wp-content\/uploads\/2026\/08\/1788185721_627_il20260621_969699241_medium.jpg\" alt=\"Poznaj najbli&#x17C;sz&#x105; okolic&#x119; - trasy w odleg&#x142;o&#x15B;ci 8.9 km od &#x141;odzi\" width=\"1920\" height=\"1280\"\/><\/p>\n<p>\n        Poznaj najbli\u017csz\u0105 okolic\u0119 &#8211; trasy w odleg\u0142o\u015bci 8.9 km od \u0141odzi<\/p>\n<p>          fot. Likica83\/Getty Images\n        <\/p>\n<p>Rozgl\u0105dasz si\u0119 za pomys\u0142em na wycieczk\u0119 rowerow\u0105 z \u0141odzi? Podpowiadamy, gdzie warto si\u0119 wybra\u0107. Przygotowali\u015bmy 5 ciekawych propozycji. S\u0105 r\u00f3\u017cne pod wzgl\u0119dem trudno\u015bci czy odleg\u0142o\u015bci, dzi\u0119ki temu ka\u017cdy znajdzie co\u015b dla siebie. Wsp\u00f3lnie z Traseo proponujemy Wam 5 tras na wycieczk\u0119 rowerow\u0105 w odleg\u0142o\u015bci do 8.9 km od \u0141odzi. Co tydzie\u0144 wybieramy inny zestaw. Przekonaj si\u0119, jakie trasy rowerowe w pobli\u017cu \u0141odzi warto sprawdzi\u0107 w weekend.<\/p>\n","protected":false},"excerpt":{"rendered":"Poznaj najbli\u017csz\u0105 okolic\u0119 &#8211; trasy w odleg\u0142o\u015bci 8.9 km od \u0141odzi fot. Likica83\/Getty Images Rozgl\u0105dasz si\u0119 za pomys\u0142em&hellip;\n","protected":false},"author":2,"featured_media":657935,"comment_status":"","ping_status":"","sticky":false,"template":"","format":"standard","meta":{"footnotes":"","_share_on_mastodon":"0"},"categories":[51608],"tags":[3652,42,38,40,39,41,23859,101816],"class_list":["post-657934","post","type-post","status-publish","format-standard","has-post-thumbnail","category-lodz","tag-lodz","tag-pl","tag-poland","tag-polish","tag-polska","tag-polski","tag-rower","tag-trasy-turystyczne"],"share_on_mastodon":{"url":"https:\/\/pubeurope.com\/@pl\/117190547692774798","error":""},"_links":{"self":[{"href":"https:\/\/www.europesays.com\/pl\/wp-json\/wp\/v2\/posts\/657934","targetHints":{"allow":["GET"]}}],"collection":[{"href":"https:\/\/www.europesays.com\/pl\/wp-json\/wp\/v2\/posts"}],"about":[{"href":"https:\/\/www.europesays.com\/pl\/wp-json\/wp\/v2\/types\/post"}],"author":[{"embeddable":true,"href":"https:\/\/www.europesays.com\/pl\/wp-json\/wp\/v2\/users\/2"}],"replies":[{"embeddable":true,"href":"https:\/\/www.europesays.com\/pl\/wp-json\/wp\/v2\/comments?post=657934"}],"version-history":[{"count":0,"href":"https:\/\/www.europesays.com\/pl\/wp-json\/wp\/v2\/posts\/657934\/revisions"}],"wp:featuredmedia":[{"embeddable":true,"href":"https:\/\/www.europesays.com\/pl\/wp-json\/wp\/v2\/media\/657935"}],"wp:attachment":[{"href":"https:\/\/www.europesays.com\/pl\/wp-json\/wp\/v2\/media?parent=657934"}],"wp:term":[{"taxonomy":"category","embeddable":true,"href":"https:\/\/www.europesays.com\/pl\/wp-json\/wp\/v2\/categories?post=657934"},{"taxonomy":"post_tag","embeddable":true,"href":"https:\/\/www.europesays.com\/pl\/wp-json\/wp\/v2\/tags?post=657934"}],"curies":[{"name":"wp","href":"https:\/\/api.w.org\/{rel}","templated":true}]}}