{"id":657942,"date":"2026-08-31T14:19:23","date_gmt":"2026-08-31T14:19:23","guid":{"rendered":"https:\/\/www.europesays.com\/pl\/657942\/"},"modified":"2026-08-31T14:19:23","modified_gmt":"2026-08-31T14:19:23","slug":"kolejny-il-20-przechwycony-rosja-po-raz-kolejny-testowala-nasze-systemy","status":"publish","type":"post","link":"https:\/\/www.europesays.com\/pl\/657942\/","title":{"rendered":"Kolejny I\u0142-20 przechwycony. &#8222;Rosja po raz kolejny testowa\u0142a nasze systemy&#8221;"},"content":{"rendered":"<p>O przechwyceniu rosyjskiego samolotu I\u0142-20 minister obrony narodowej poinformowa\u0142 w poniedzia\u0142ek we wpisie na platformie X.<\/p>\n<p>&#8222;Rosja po raz kolejny testowa\u0142a nasze systemy odstraszania i obrony powietrznej. Przed po\u0142udniem, 30 km na p\u00f3\u0142noc od \u0141eby nasze my\u015bliwce przechwyci\u0142y rosyjski samolot rozpoznawczy I\u0141-20. Nie dosz\u0142o do naruszenia naszej przestrzeni nad Ba\u0142tykiem&#8221; \u2014 zaznaczy\u0142 Kosiniak-Kamysz.<\/p>\n<p><a href=\"https:\/\/www.onet.pl\/\" title=\"Strona G\u0142\u00f3wna\" aria-label=\"Strona G\u0142\u00f3wna\" data-astro-prefetch=\"tap\" class=\"ods-a-logo-main-desktop\" rel=\"nofollow noopener\" target=\"_blank\"><img src=\"https:\/\/cdn.wiadomosci.onet.pl\/img\/Logo_desktop_Onet.svg\" class=\"ods-a-logo-main-desktop__image\" alt=\"Logo\" width=\"107\" height=\"60\" fetchpriority=\"high\" decoding=\"sync\" style=\"height:60px\"\/><\/a><\/p>\n<p class=\"ods-m-google-article__text\">Czytaj nas cz\u0119\u015bciej w Google<\/p>\n<p><a href=\"https:\/\/google.com\/preferences\/source?q=onet.pl\" target=\"_blank\" rel=\"noopener noreferrer nofollow\" aria-label=\"Dodaj w Google\" title=\"Dodaj w Google\" class=\"ods-a-button ods-a-button__primary ods-a-button__default ods-a-button-l\">Dodaj w Google<\/a>Regularne akcje Rosjan<\/p>\n<p>Tego typu akcje zdarza\u0142y si\u0119 w ostatnich miesi\u0105cach kilkukrotnie \u2014 jesieni\u0105 ub.r. Dow\u00f3dztwo Operacyjne Rodzaj\u00f3w Si\u0142 Zbrojnych informowa\u0142o o trzech takich incydentach na przestrzeni tygodnia. Podobnie jest w tym roku. Rosyjskie samoloty zwiadowcze regularnie lataj\u0105 nad Ba\u0142tykiem z wy\u0142\u0105czonymi transponderami i bez z\u0142o\u017conych plan\u00f3w lotu, co uniemo\u017cliwia ich zdaln\u0105 identyfikacj\u0119 i utrudnia prac\u0119 organom kontroli ruchu lotniczego.<\/p>\n<p>Witold Jurasz: Rosja mo\u017ce dopu\u015bci\u0107 si\u0119 zbrojnej prowokacji wobec Polski<img class=\"ods-a-photo ods-a-photo--background\" src=\"https:\/\/www.europesays.com\/pl\/wp-content\/uploads\/2026\/08\/Umak9lGaHR0cHM6Ly9vY2RuLmV1L3B1bHNjbXMvTURBXy84ZmU2MWQyZi0xOTg2LTRmNzEtOWI1ZS1mZjU0MjFjMGU3ZGMuanBlZ.jpeg\" height=\"305\" width=\"450\" alt=\"W\u0142adimir Putin\" loading=\"lazy\" fetchpriority=\"low\" decoding=\"async\"\/><\/p>\n<p>W takiej sytuacji przechwycenie obcego samolotu nad wodami mi\u0119dzynarodowymi polega przede wszystkim na jego identyfikacji przez pilot\u00f3w my\u015bliwc\u00f3w, za pomoc\u0105 system\u00f3w optoelektronicznych i kontaktu wzrokowego, ewentualnie nawi\u0105zaniu z nim \u0142\u0105czno\u015bci i eskortowaniu poza obszar odpowiedzialno\u015bci polskiego lotnictwa.<\/p>\n<p>Kontroli aktywno\u015bci rosyjskiego lotnictwa w regionie s\u0142u\u017cy m.in. misja NATO Baltic Air Policing, w ramach kt\u00f3rej samoloty polskie i sojusznicze patroluj\u0105 przestrze\u0144 nad pa\u0144stwami ba\u0142tyckimi i samym Ba\u0142tykiem.<\/p>\n<p>Opracowanie:Rados\u0142aw Opas<\/p>\n<p>Data utworzenia:31 sierpnia 2026, 14:58<\/p>\n","protected":false},"excerpt":{"rendered":"O przechwyceniu rosyjskiego samolotu I\u0142-20 minister obrony narodowej poinformowa\u0142 w poniedzia\u0142ek we wpisie na platformie X. &#8222;Rosja po&hellip;\n","protected":false},"author":2,"featured_media":657943,"comment_status":"","ping_status":"","sticky":false,"template":"","format":"standard","meta":{"footnotes":"","_share_on_mastodon":"0"},"categories":[12],"tags":[3139,61195,49,48,46,55,42,38,40,39,41,87,2683,47,617,3146],"class_list":["post-657942","post","type-post","status-publish","format-standard","has-post-thumbnail","category-polska","tag-baltyk","tag-bottomfeed_styl","tag-kraj","tag-nat_styl","tag-omp","tag-phx","tag-pl","tag-poland","tag-polish","tag-polska","tag-polski","tag-rosja","tag-samoloty_lotnictwo_ruch_lotniczy","tag-screening_general","tag-wladyslaw_kosiniak_kamysz","tag-wojsko_polskie"],"share_on_mastodon":{"url":"https:\/\/pubeurope.com\/@pl\/117190563381958772","error":""},"_links":{"self":[{"href":"https:\/\/www.europesays.com\/pl\/wp-json\/wp\/v2\/posts\/657942","targetHints":{"allow":["GET"]}}],"collection":[{"href":"https:\/\/www.europesays.com\/pl\/wp-json\/wp\/v2\/posts"}],"about":[{"href":"https:\/\/www.europesays.com\/pl\/wp-json\/wp\/v2\/types\/post"}],"author":[{"embeddable":true,"href":"https:\/\/www.europesays.com\/pl\/wp-json\/wp\/v2\/users\/2"}],"replies":[{"embeddable":true,"href":"https:\/\/www.europesays.com\/pl\/wp-json\/wp\/v2\/comments?post=657942"}],"version-history":[{"count":0,"href":"https:\/\/www.europesays.com\/pl\/wp-json\/wp\/v2\/posts\/657942\/revisions"}],"wp:featuredmedia":[{"embeddable":true,"href":"https:\/\/www.europesays.com\/pl\/wp-json\/wp\/v2\/media\/657943"}],"wp:attachment":[{"href":"https:\/\/www.europesays.com\/pl\/wp-json\/wp\/v2\/media?parent=657942"}],"wp:term":[{"taxonomy":"category","embeddable":true,"href":"https:\/\/www.europesays.com\/pl\/wp-json\/wp\/v2\/categories?post=657942"},{"taxonomy":"post_tag","embeddable":true,"href":"https:\/\/www.europesays.com\/pl\/wp-json\/wp\/v2\/tags?post=657942"}],"curies":[{"name":"wp","href":"https:\/\/api.w.org\/{rel}","templated":true}]}}