{"id":657970,"date":"2026-08-31T14:36:16","date_gmt":"2026-08-31T14:36:16","guid":{"rendered":"https:\/\/www.europesays.com\/pl\/657970\/"},"modified":"2026-08-31T14:36:16","modified_gmt":"2026-08-31T14:36:16","slug":"trzy-elektryczne-autobusy-pojada-z-bialegostoku-do-suprasla-aktualnosci-wiadomosci-bialystok-online-portal-miejski-bialystok-bialystok","status":"publish","type":"post","link":"https:\/\/www.europesays.com\/pl\/657970\/","title":{"rendered":"Trzy elektryczne autobusy pojad\u0105 z Bia\u0142egostoku do Supra\u015bla, Aktualno\u015bci, Wiadomo\u015bci Bia\u0142ystok Online Portal Miejski Bia\u0142ystok (Bialystok)"},"content":{"rendered":"\n<p>            <img decoding=\"async\" class=\"art-figimg\" src=\"https:\/\/www.europesays.com\/pl\/wp-content\/uploads\/2026\/08\/150599-e.jpg\" width=\"375\" height=\"250\" alt=\"Trzy elektryczne autobusy pojad\u0105 z Bia\u0142egostoku do Supra\u015bla\" loading=\"lazy\" fetchpriority=\"high\"\/><br \/>\n            Fot: Krzysztof Duszy\u0144ski\/UMWP<\/p>\n<p class=\"art-lid\">Trzy nowe autobusy elektryczne PKS Nova w najbli\u017cszych dniach pojawi\u0105 si\u0119 na trasie Bia\u0142ystok\u2013Supra\u015bl. Pojazdy zaprezentowano w pi\u0105tek (28 sierpnia) w Supra\u015blu. To cz\u0119\u015b\u0107 wi\u0119kszego zakupu, w ramach kt\u00f3rego samorz\u0105dowa sp\u00f3\u0142ka naby\u0142a \u0142\u0105cznie 14 nowych autobus\u00f3w.<\/p>\n<p class=\"art-cont\">Nowe pojazdy maj\u0105 klimatyzacj\u0119, \u0142adowarki USB oraz udogodnienia dla os\u00f3b z niepe\u0142nosprawno\u015bciami. Ich deklarowany zasi\u0119g wynosi oko\u0142o 400 kilometr\u00f3w.<\/p>\n<p>PKS Nova inwestuje w elektryczny tabor<\/p>\n<p>Zakup 14 autobus\u00f3w kosztowa\u0142 47 mln z\u0142. Z tej kwoty 34 mln z\u0142 stanowi dofinansowanie z Krajowego Planu Odbudowy. Ca\u0142y nowy tabor zosta\u0142 zaprezentowany 25 sierpnia na Rynku Ko\u015bciuszki w Bia\u0142ymstoku.<\/p>\n<p>Teraz trzy autobusy trafi\u0105 na tras\u0119 do Supra\u015bla. W przysz\u0142o\u015bci elektryczny tabor ma by\u0107 wykorzystywany tak\u017ce na po\u0142\u0105czeniach mi\u0119dzy Bia\u0142ymstokiem, Augustowem i Suwa\u0142kami.<\/p>\n<p>Jak m\u00f3wi\u0142 cz\u0142onek zarz\u0105du wojew\u00f3dztwa podlaskiego Bogdan Dyjuk, inwestycja ma by\u0107 r\u00f3wnie\u017c sygna\u0142em, \u017ce PKS Nova rozwija si\u0119 po okresie problem\u00f3w.<\/p>\n<p>\u2013 Przez lata o PKS Nova m\u00f3wi\u0142o si\u0119 przede wszystkim w kontek\u015bcie problem\u00f3w i obaw o przysz\u0142o\u015b\u0107 sp\u00f3\u0142ki. Dzi\u015b mo\u017cemy pokaza\u0107 zupe\u0142nie inny obraz \u2013 firm\u0119, kt\u00f3ra inwestuje, rozwija flot\u0119 i ma przed sob\u0105 perspektywy \u2013 m\u00f3wi\u0142 Bogdan Dyjuk.<\/p>\n<p>Podkre\u015bli\u0142 r\u00f3wnie\u017c znaczenie wsp\u00f3\u0142pracy samorz\u0105du wojew\u00f3dztwa z samorz\u0105dami lokalnymi przy rozwijaniu transportu publicznego.<\/p>\n<p>Elektryki na trasie do Supra\u015bla<\/p>\n<p>Dla Supra\u015bla nowe autobusy maj\u0105 by\u0107 nie tylko zmian\u0105 technologiczn\u0105, ale tak\u017ce sposobem na bardziej komfortowe podr\u00f3\u017cowanie. Pojazdy nie emituj\u0105 spalin podczas jazdy i s\u0105 wyposa\u017cone w rozwi\u0105zania u\u0142atwiaj\u0105ce korzystanie z nich osobom z niepe\u0142nosprawno\u015bciami.<\/p>\n<p>Zadowolenia z tego, \u017ce w\u0142a\u015bnie w Supra\u015blu rozpoczn\u0105 prac\u0119 kolejne elektryczne autobusy, nie kry\u0142 dyrektor operacyjny PKS Nova Adam Byglewski.<\/p>\n<p>\u2013 Po dw\u00f3ch latach od rozpocz\u0119cia post\u0119powania mo\u017cemy dzi\u015b uruchomi\u0107 trzy kolejne autobusy elektryczne. Szczeg\u00f3lnie cieszy mnie, \u017ce zaczynaj\u0105 je\u017adzi\u0107 w\u0142a\u015bnie w Supra\u015blu, z kt\u00f3rym jestem emocjonalnie zwi\u0105zany \u2013 m\u00f3wi\u0142 Adam Byglewski.<\/p>\n<p>Nowe autobusy maj\u0105 pojawi\u0107 si\u0119 na trasie w najbli\u017cszych dniach. B\u0119d\u0105 cz\u0119\u015bci\u0105 wi\u0119kszej wymiany taboru PKS Nova, obejmuj\u0105cej 14 nowych pojazd\u00f3w.<\/p>\n<p class=\"art-autimg\">\n<p>                            <img decoding=\"async\" class=\"art-autimgi\" src=\"https:\/\/www.europesays.com\/pl\/wp-content\/uploads\/2026\/08\/1788186975_97_avatar_1x.jpg\" alt=\"Katarzyna Kozio\u0142\" width=\"64\" height=\"64\" loading=\"lazy\"\/><\/p>\n<p class=\"art-autname\">Katarzyna Kozio\u0142<\/p>\n<p>24@bialystokonline.pl<\/p>\n<p>Przeczytaj tak\u017ce<\/p>\n<p>&#13;<br \/>\n&#13;<br \/>\n&#13;<br \/>\n<img loading=\"lazy\" decoding=\"async\" src=\"https:\/\/www.europesays.com\/pl\/wp-content\/uploads\/2026\/08\/1788186976_874_adlog.gif\" width=\"0\" height=\"0\" alt=\"\" style=\"width: 0px; height: 0px;\"\/><\/p>\n<p>Popularne dzisiaj<\/p>\n","protected":false},"excerpt":{"rendered":"Fot: Krzysztof Duszy\u0144ski\/UMWP Trzy nowe autobusy elektryczne PKS Nova w najbli\u017cszych dniach pojawi\u0105 si\u0119 na trasie Bia\u0142ystok\u2013Supra\u015bl. Pojazdy&hellip;\n","protected":false},"author":2,"featured_media":657971,"comment_status":"","ping_status":"","sticky":false,"template":"","format":"standard","meta":{"footnotes":"","_share_on_mastodon":"0"},"categories":[51614],"tags":[107005,2151,51731,113,51730,3754,51738,51735,4041,1096,1089,399,17334,51736,2921,3840,51734,8736,1232,120,7116,17265,19285,56638,42,5083,38,40,39,41,6309,1756,8815,38950,123,109944,800,128169,4278,1323,51737,2879,253],"class_list":["post-657970","post","type-post","status-publish","format-standard","has-post-thumbnail","category-bialystok","tag-autobusy-elektryczneaktualnosci","tag-bialystok","tag-bialystokonline","tag-biznes","tag-bstok","tag-dom","tag-drobne","tag-firm","tag-firmy","tag-hotele","tag-imprezy","tag-informacje","tag-katalog","tag-kina","tag-koncert","tag-lokale","tag-miejski","tag-mieszkanie","tag-motoryzacja","tag-nauka","tag-ogloszenia","tag-on-line","tag-online","tag-pks-nova","tag-pl","tag-podlasie","tag-poland","tag-polish","tag-polska","tag-polski","tag-portal","tag-praca","tag-repertuar","tag-rozklad","tag-rozrywka","tag-suprasl","tag-teatr","tag-trzy-elektryczne-autobusy-pojada-z-bialegostoku-do-suprasla","tag-turystyka","tag-uroda","tag-urzedy","tag-zakupy","tag-zdrowie"],"share_on_mastodon":{"url":"","error":"Validation failed: Text character limit of 500 exceeded"},"_links":{"self":[{"href":"https:\/\/www.europesays.com\/pl\/wp-json\/wp\/v2\/posts\/657970","targetHints":{"allow":["GET"]}}],"collection":[{"href":"https:\/\/www.europesays.com\/pl\/wp-json\/wp\/v2\/posts"}],"about":[{"href":"https:\/\/www.europesays.com\/pl\/wp-json\/wp\/v2\/types\/post"}],"author":[{"embeddable":true,"href":"https:\/\/www.europesays.com\/pl\/wp-json\/wp\/v2\/users\/2"}],"replies":[{"embeddable":true,"href":"https:\/\/www.europesays.com\/pl\/wp-json\/wp\/v2\/comments?post=657970"}],"version-history":[{"count":0,"href":"https:\/\/www.europesays.com\/pl\/wp-json\/wp\/v2\/posts\/657970\/revisions"}],"wp:featuredmedia":[{"embeddable":true,"href":"https:\/\/www.europesays.com\/pl\/wp-json\/wp\/v2\/media\/657971"}],"wp:attachment":[{"href":"https:\/\/www.europesays.com\/pl\/wp-json\/wp\/v2\/media?parent=657970"}],"wp:term":[{"taxonomy":"category","embeddable":true,"href":"https:\/\/www.europesays.com\/pl\/wp-json\/wp\/v2\/categories?post=657970"},{"taxonomy":"post_tag","embeddable":true,"href":"https:\/\/www.europesays.com\/pl\/wp-json\/wp\/v2\/tags?post=657970"}],"curies":[{"name":"wp","href":"https:\/\/api.w.org\/{rel}","templated":true}]}}