{"id":658000,"date":"2026-08-31T14:51:10","date_gmt":"2026-08-31T14:51:10","guid":{"rendered":"https:\/\/www.europesays.com\/pl\/658000\/"},"modified":"2026-08-31T14:51:10","modified_gmt":"2026-08-31T14:51:10","slug":"poznalismy-date-playstation-state-of-play-szczegoly-i-harmonogram-najblizszego-pokazu-sony-gryonline-pl","status":"publish","type":"post","link":"https:\/\/www.europesays.com\/pl\/658000\/","title":{"rendered":"Poznali\u015bmy dat\u0119 PlayStation State of Play. Szczeg\u00f3\u0142y i harmonogram najbli\u017cszego pokazu Sony &#8211; GRYOnline.pl"},"content":{"rendered":"<ol>\n<li><a href=\"https:\/\/news.google.com\/rss\/articles\/CBMirAFBVV95cUxNSzVaWGp4UDdZLTBpMnpOYjJQRFV4amhuQ3pLX2txbmVpZ1Npc0lOU1IzRF9tZnRNb0ZabWFsSDZlSUdWVHdTd1F6M05UZHRBVTE1akhGamV4cVlUX0tNTlAyaEZQc1Z0ZDFDcGdScDQ3RWo3UTF0MkRJRGIxWldTS1o0dXdQQkx5MElkNUdoR0NQVlFsejJYZUVWUTBzWFZpNklPN19qRHBweF9V?oc=5\" target=\"_blank\" rel=\"nofollow noopener\">Poznali\u015bmy dat\u0119 PlayStation State of Play. Szczeg\u00f3\u0142y i harmonogram najbli\u017cszego pokazu Sony<\/a>&nbsp;&nbsp;GRYOnline.pl<\/li>\n<li><a href=\"https:\/\/news.google.com\/rss\/articles\/CBMiuwFBVV95cUxOWVdhMFA5N2VJRkYxX3EybTk1RnFWWEF6NlNGY2NPb01YRGtoUThwMTBQLXJrbmxMOFo2Mm1YVjNyLVdoeUhQWHlCNFcxUGY0THVzNmlSbmpiZHR6cVZYcHhCYUJJVV9ickFja19tQml3b1kzMFZnem11dFdnMVdXQnQ5OUc2c3JpSzh6SFhiaDVvaUxWMV9NLUpncEdhYnExZXAxMzNNSERUdmR2UUhnU0lLaDV2OHlDYnZJ?oc=5\" target=\"_blank\" rel=\"nofollow noopener\">Sony zapowiada dwa wyj\u0105tkowe pokazy State of Play na pocz\u0105tek wrze\u015bnia!<\/a>&nbsp;&nbsp;Interia Gry<\/li>\n<li><a href=\"https:\/\/news.google.com\/rss\/articles\/CBMitwFBVV95cUxNajhKZGFvRnlvbTc4SVVKY1BCTVNHeTZGbzRQZEVXV1BscWh1UlVtV3lzRl9uUjkwd0FZcEJreVNKcElrSWtqY2dXeFlpVTBNMk8wVHlwazNGTlZaUGVlUGZfQWV5NlBDTnM0cEZrcXh4UFp3dnplbEVYdWwxU0JxOTFXN09EN3g5c1QybU5GY0FCclhxZlRiOXlFRTludWwyc0VBQ1JXejNvSllmVzRDazVvb0hjbEE?oc=5\" target=\"_blank\" rel=\"nofollow noopener\">Nowa gra Naughty Dog ma zamkn\u0105\u0107 nast\u0119pne State of Play. Na t\u0119 gr\u0119 wszyscy czekamy<\/a>&nbsp;&nbsp;PPE.pl<\/li>\n<li><a href=\"https:\/\/news.google.com\/rss\/articles\/CBMimgFBVV95cUxNWFFoTTBUVVdIZXZjSzdHV2llTEJib29PcVFCeTZWRGZLbHkwOFdjUTBlUy03dnUzWUJkRnVSWndjekdUQVZ6cjE4clVjVkhmeDAtMUZHMExaY0tKYXZYUkFCRDdEREs5TmlObm5pYUhUNU1vWGJvZ21MLWNQRW9ycWZDWTd4TS1HeUR0YlVvOUFDLTA0ekR4SFNB?oc=5\" target=\"_blank\" rel=\"nofollow noopener\">Kolejne State of Play tu\u017c za rogiem. Sony potwierdzi\u0142o dat\u0119 wydarzenia<\/a>&nbsp;&nbsp;Gram.pl<\/li>\n<li><a href=\"https:\/\/news.google.com\/rss\/articles\/CBMinwFBVV95cUxNZWhHRlNCZERFSlJrdXBvNzJtVGwzaE9FNjRicGVvR0hNRDBCSTgyUzlIWm9TMEpkWkZJTVFkcnhnYjRPWkNXXzdLQUNEU3FLWnJXUm5vaXB1S21TQnVlZE94M2dWMmMxQ3hKRmJrc0dYa2djRmV6M3kzUUdRRzBnUXQ4NEdHUzFRQXY0dDNsR2JreVJZb05MaEFjeExWSDQ?oc=5\" target=\"_blank\" rel=\"nofollow noopener\">Insider sugeruje, \u017ce Until Dawn 2 mo\u017ce zosta\u0107 pokazane we wrze\u015bniu \u2013 w ramach prezentacji State of Play<\/a>&nbsp;&nbsp;EGW.News<\/li>\n<\/ol>\n","protected":false},"excerpt":{"rendered":"Poznali\u015bmy dat\u0119 PlayStation State of Play. Szczeg\u00f3\u0142y i harmonogram najbli\u017cszego pokazu Sony&nbsp;&nbsp;GRYOnline.pl Sony zapowiada dwa wyj\u0105tkowe pokazy State&hellip;\n","protected":false},"author":2,"featured_media":658001,"comment_status":"","ping_status":"","sticky":false,"template":"","format":"standard","meta":{"footnotes":"","_share_on_mastodon":"0"},"categories":[20],"tags":[120,118,119,42,38,40,39,41,116,114,115,121,117],"class_list":["post-658000","post","type-post","status-publish","format-standard","has-post-thumbnail","category-nauka-i-technika","tag-nauka","tag-nauka-i-technika","tag-naukatechnika","tag-pl","tag-poland","tag-polish","tag-polska","tag-polski","tag-science","tag-science-and-technology","tag-sciencetechnology","tag-technika","tag-technology"],"share_on_mastodon":{"url":"https:\/\/pubeurope.com\/@pl\/117190687983432532","error":""},"_links":{"self":[{"href":"https:\/\/www.europesays.com\/pl\/wp-json\/wp\/v2\/posts\/658000","targetHints":{"allow":["GET"]}}],"collection":[{"href":"https:\/\/www.europesays.com\/pl\/wp-json\/wp\/v2\/posts"}],"about":[{"href":"https:\/\/www.europesays.com\/pl\/wp-json\/wp\/v2\/types\/post"}],"author":[{"embeddable":true,"href":"https:\/\/www.europesays.com\/pl\/wp-json\/wp\/v2\/users\/2"}],"replies":[{"embeddable":true,"href":"https:\/\/www.europesays.com\/pl\/wp-json\/wp\/v2\/comments?post=658000"}],"version-history":[{"count":0,"href":"https:\/\/www.europesays.com\/pl\/wp-json\/wp\/v2\/posts\/658000\/revisions"}],"wp:featuredmedia":[{"embeddable":true,"href":"https:\/\/www.europesays.com\/pl\/wp-json\/wp\/v2\/media\/658001"}],"wp:attachment":[{"href":"https:\/\/www.europesays.com\/pl\/wp-json\/wp\/v2\/media?parent=658000"}],"wp:term":[{"taxonomy":"category","embeddable":true,"href":"https:\/\/www.europesays.com\/pl\/wp-json\/wp\/v2\/categories?post=658000"},{"taxonomy":"post_tag","embeddable":true,"href":"https:\/\/www.europesays.com\/pl\/wp-json\/wp\/v2\/tags?post=658000"}],"curies":[{"name":"wp","href":"https:\/\/api.w.org\/{rel}","templated":true}]}}