{"id":658060,"date":"2026-08-31T15:25:11","date_gmt":"2026-08-31T15:25:11","guid":{"rendered":"https:\/\/www.europesays.com\/pl\/658060\/"},"modified":"2026-08-31T15:25:11","modified_gmt":"2026-08-31T15:25:11","slug":"tusk-lansuje-sie-przed-stocznia-gdanska-bohaterskie-czyny-premiera","status":"publish","type":"post","link":"https:\/\/www.europesays.com\/pl\/658060\/","title":{"rendered":"Tusk lansuje si\u0119 przed Stoczni\u0105 Gda\u0144sk\u0105. &#8222;Bohaterskie czyny&#8221; premiera"},"content":{"rendered":"<p data-v-01d4021f=\"\">Premier Donald Tusk opublikowa\u0142 nagranie w social mediach, na kt\u00f3rym opowiada o rocznicy Porozumie\u0144 Sierpniowych ze swojej perspektywy. Z tym, \u017ce w opowie\u015bci wyst\u0119puje tylko jeden bohater &#8211; sam Donald Tusk. &#8222;Ze strajku wyci\u0105gn\u0119li\u015bmy jedn\u0105 prost\u0105 lekcj\u0119: \u017ce prawd\u0119 nazywa\u0107 trzeba po imieniu, \u017ce kiedy w\u0142adza kradnie, trzeba jej powiedzie\u0107 \u201edo\u015b\u0107\u201d i trzeba umie\u0107 rozr\u00f3\u017cni\u0107 dobro od z\u0142a&#8221; &#8211; opowiada\u0142 Tusk. <\/p>\n<p data-v-01d4021f=\"\">Z okazji 46. rocznicy Porozumie\u0144 Sierpniowych premier Donald Tusk opublikowa\u0142 wideo, na kt\u00f3rym pytany przez osob\u0119 stoj\u0105c\u0105 po drugiej stronie kamery o swoj\u0105 pierwsz\u0105 prac\u0119, opowiedzia\u0142 histori\u0119 Stoczni Gda\u0144skiej ze swojej perspektywy.\u00a0<\/p>\n<p data-v-01d4021f=\"\">Moja pierwsza powa\u017cna praca &#8211; musia\u0142em zarobi\u0107 na obr\u0105czki &#8211; to praca w stoczniach Tr\u00f3jmiasta w Gdyni, w Komunie Paryskiej, tu oczywi\u015bcie w Gda\u0144sku, stoczni imienia Lenina. Ale to miejsce jest wa\u017cniejsze przecie\u017c z innego powodu historycznego. To tutaj trwa\u0142 i zako\u0144czy\u0142 si\u0119 wielki strajk 46 lat temu<\/p>\n<p data-v-01d4021f=\"\">&#8211; opowiada\u0142 premier Donald Tusk.<\/p>\n<p>&#8222;Bohater&#8221; Tusk<\/p>\n<p data-v-01d4021f=\"\">Premier tak\u017ce opowiada\u0142, jak za\u0142atwi\u0142 postawienie pomnika pomordowanych stoczniowc\u00f3w w grudniu 1970 roku.\u00a0<\/p>\n<p data-v-01d4021f=\"\">Jako ma\u0142y ch\u0142opak przedziera\u0142em si\u0119 ze szko\u0142y do domu, s\u0142ysza\u0142em te strza\u0142y. Organizowa\u0142em p\u00f3\u017aniej w roku &#8217;79 nielegaln\u0105 manifestacj\u0119 razem z Lechem Wa\u0142\u0119s\u0105, Bogdanem Borusewiczem. Lech Wa\u0142\u0119sa powiedzia\u0142 w tym miejscu: &#8222;Zobaczycie, za rok b\u0119dzie tu sta\u0142 pomnik albo ka\u017cdy przyniesie kamie\u0144 i usypiemy wielk\u0105 piramid\u0119&#8221;. Pomnik rok p\u00f3\u017aniej rzeczywi\u015bcie stan\u0105\u0142\u00a0<\/p>\n<p data-v-01d4021f=\"\">&#8211; m\u00f3wi\u0142 Tusk.<\/p>\n<p data-v-01d4021f=\"\">Ale to nie koniec &#8222;bohaterskich zas\u0142ug&#8221; szefa rz\u0105du.\u00a0<\/p>\n<p data-v-01d4021f=\"\">Tutaj te\u017c z grup\u0105 moich przyjaci\u00f3\u0142, student\u00f3w w dniu, kiedy zako\u0144czy\u0142 si\u0119 strajk, dok\u0142adnie pod t\u0105 bram\u0105, usiedli\u015bmy i postanowili\u015bmy za\u0142o\u017cy\u0107 Niezale\u017cne Zrzeszenie Student\u00f3w Polskich. Wtedy tak to si\u0119 nazywa\u0142o.<\/p>\n<p data-v-01d4021f=\"\">&#8211; opowiada\u0142 premier.\u00a0<\/p>\n<p data-v-01d4021f=\"\">Co ciekawe, podczas swoich heroicznych wyczyn\u00f3w premier doszed\u0142 do ciekawej konkluzji, kt\u00f3ra mog\u0142aby zaskoczy\u0107 wiele os\u00f3b.<\/p>\n<p data-v-01d4021f=\"\">Ze strajku wyci\u0105gn\u0119li\u015bmy jedn\u0105 prost\u0105 lekcj\u0119: \u017ce prawd\u0119 nazywa\u0107 trzeba po imieniu, \u017ce kiedy w\u0142adza kradnie, trzeba jej powiedzie\u0107 \u201edo\u015b\u0107\u201d i trzeba umie\u0107 rozr\u00f3\u017cni\u0107 dobro od z\u0142a, tak jak to robili robotnicy w stoczni. Wszyscy wtedy rozumieli\u015bmy, co jest czarne, co jest bia\u0142e<\/p>\n<p data-v-01d4021f=\"\">&#8211; wyzna\u0142.<\/p>\n<p>&#8222;Je\u015bli cz\u0142owiek ma si\u0119 serce, to umie rozr\u00f3\u017cni\u0107 k\u0142amstwo od prawdy&#8221;<\/p>\n<p data-v-01d4021f=\"\">To nie koniec jednak bohaterstwa Tuska i jego twardej opozycyjnej dzia\u0142alno\u015bci.\u00a0\u00a0<\/p>\n<p data-v-01d4021f=\"\">Kiedy nasta\u0142 stan wojenny, postanowi\u0142a za\u0142o\u017cy\u0107 s\u0142ynn\u0105 sp\u00f3\u0142dzielni\u0119 \u201e\u015awietlik\u201d. Malowali\u015bmy kominy, naprawiali\u015bmy konstrukcje na wysoko\u015bciach 100-200 m nad ziemi\u0105, tu w Gda\u0144sku, na \u015al\u0105sku, w P\u0142ocku, w \u0141ukowie, w \u0141osicach, w ca\u0142ej Polsce. I nauczyli\u015bmy si\u0119 jednego: trzyma\u0107 si\u0119 mocno liny, nie patrze\u0107 nigdy w d\u00f3\u0142, mie\u0107 zaufanie do tych, z kt\u00f3rymi si\u0119 pracuje\u00a0<\/p>\n<p data-v-01d4021f=\"\">&#8211; opowiada.<\/p>\n<p data-v-01d4021f=\"\">I znowu Tusk doda\u0142 od siebie kilka s\u0142\u00f3w na temat swojego pojmowania prawdy.\u00a0<\/p>\n<p data-v-01d4021f=\"\">Pami\u0119tali\u015bmy t\u0119 lekcj\u0119 spod bramy, ze strajku sierpniowego, \u017ce je\u015bli cz\u0142owiek ma dobr\u0105 wol\u0119, jest cz\u0142owiek ma otwarte oczy, je\u015bli ma serce, to umie rozr\u00f3\u017cni\u0107 k\u0142amstwo od prawdy. To jest taki moment, kiedy my\u015bl\u0119 o ca\u0142ym swoim \u017cyciu, o tej pracy na linach. A to trzymanie si\u0119 mocno liny i odwaga wzi\u0119\u0142y si\u0119 w\u0142a\u015bnie st\u0105d, z gda\u0144skiej stoczni<\/p>\n<p data-v-01d4021f=\"\">&#8211; podsumowa\u0142.\u00a0<\/p>\n<p data-v-01d4021f=\"\">Gdyby podsumowa\u0107 wideo, to wynika z niego, \u017ce Donald Tusk praktycznie sam rozpocz\u0105\u0142 strajk w Stoczni Gda\u0144skiej, sam walczy\u0142 z komun\u0105 i sam j\u0105 obali\u0142. A po drugie premier zawsze &#8222;sta\u0142 w prawdzie&#8221;. Wydaje si\u0119, \u017ce oba wnioski dotycz\u0105ce premiera s\u0105 r\u00f3wnie prawdziwe.\u00a0<\/p>\n<p data-v-01d4021f=\"\">kh\/x.com<\/p>\n","protected":false},"excerpt":{"rendered":"Premier Donald Tusk opublikowa\u0142 nagranie w social mediach, na kt\u00f3rym opowiada o rocznicy Porozumie\u0144 Sierpniowych ze swojej perspektywy.&hellip;\n","protected":false},"author":2,"featured_media":658061,"comment_status":"","ping_status":"","sticky":false,"template":"","format":"standard","meta":{"footnotes":"","_share_on_mastodon":"0"},"categories":[62713],"tags":[121116,1345,88380,127822,13347,72917,907,99789,4362,2462,1005,380,423,231,127821,123474,3654],"class_list":["post-658060","post","type-post","status-publish","format-standard","has-post-thumbnail","category-donald-tusk","tag-analizy-polityczne","tag-donald-tusk","tag-komentarze-polityczne","tag-kulisy-polityki","tag-opozycja","tag-partie-polityczne","tag-polityka","tag-polityka-krajowa","tag-polityka-zagraniczna","tag-polska-polityka","tag-prezydent","tag-rzad","tag-sejm","tag-sondaze","tag-wiadomosci-polityczne","tag-wpolityce-pl","tag-wybory"],"share_on_mastodon":{"url":"https:\/\/pubeurope.com\/@pl\/117190821570032520","error":""},"_links":{"self":[{"href":"https:\/\/www.europesays.com\/pl\/wp-json\/wp\/v2\/posts\/658060","targetHints":{"allow":["GET"]}}],"collection":[{"href":"https:\/\/www.europesays.com\/pl\/wp-json\/wp\/v2\/posts"}],"about":[{"href":"https:\/\/www.europesays.com\/pl\/wp-json\/wp\/v2\/types\/post"}],"author":[{"embeddable":true,"href":"https:\/\/www.europesays.com\/pl\/wp-json\/wp\/v2\/users\/2"}],"replies":[{"embeddable":true,"href":"https:\/\/www.europesays.com\/pl\/wp-json\/wp\/v2\/comments?post=658060"}],"version-history":[{"count":0,"href":"https:\/\/www.europesays.com\/pl\/wp-json\/wp\/v2\/posts\/658060\/revisions"}],"wp:featuredmedia":[{"embeddable":true,"href":"https:\/\/www.europesays.com\/pl\/wp-json\/wp\/v2\/media\/658061"}],"wp:attachment":[{"href":"https:\/\/www.europesays.com\/pl\/wp-json\/wp\/v2\/media?parent=658060"}],"wp:term":[{"taxonomy":"category","embeddable":true,"href":"https:\/\/www.europesays.com\/pl\/wp-json\/wp\/v2\/categories?post=658060"},{"taxonomy":"post_tag","embeddable":true,"href":"https:\/\/www.europesays.com\/pl\/wp-json\/wp\/v2\/tags?post=658060"}],"curies":[{"name":"wp","href":"https:\/\/api.w.org\/{rel}","templated":true}]}}