{"id":658062,"date":"2026-08-31T15:26:13","date_gmt":"2026-08-31T15:26:13","guid":{"rendered":"https:\/\/www.europesays.com\/pl\/658062\/"},"modified":"2026-08-31T15:26:13","modified_gmt":"2026-08-31T15:26:13","slug":"darmowe-lekcje-jazdy-w-szkolach-instruktor-jazdy-o-pomysle-karola-nawrockiego-auto-moto","status":"publish","type":"post","link":"https:\/\/www.europesays.com\/pl\/658062\/","title":{"rendered":"Darmowe lekcje jazdy w szko\u0142ach. Instruktor jazdy o pomy\u015ble Karola Nawrockiego. \u2013 Auto \/ Moto"},"content":{"rendered":"\n<p>&#13;<br \/>\nW sobot\u0119 29 sierpnia w\u00a0Juracie Karol Nawrocki zosta\u0142 zapytany na\u00a0briefingu m.in. o\u00a0pomys\u0142y inicjatyw ustawodawczych, kt\u00f3re w\u0142\u0105cza\u0142yby m\u0142odzie\u017c szerzej w\u00a0polityk\u0119. \u2013\u00a0To\u00a0nie b\u0119dzie tym razem tak, \u017ce\u00a0te poczucie m\u0142odzie\u017cy o\u00a0braku sprawczo\u015bci ugrz\u0119\u017anie w\u00a0Kancelarii Prezydenta. Ju\u017c tak nie\u00a0jest w\u00a0czasie tego roku. Warto chyba poda\u0107 dane. Rada M\u0142odzie\u017cy, kt\u00f3ra dzia\u0142a przy prezydencie, analizowa\u0142a i\u00a0opiniowa\u0142a pi\u0119\u0107 inicjatyw ustawodawczych. Jedna sko\u0144czy\u0142a si\u0119 wetem \u2013\u00a0zacz\u0105\u0142 prezydent. &#13;\n<\/p>\n<p>&#13;<br \/>\n\u2013 To\u00a0oczywi\u015bcie nigdy nie\u00a0jest tak, \u017ce\u00a0podejmuj\u0105c decyzj\u0119 spogl\u0105dam w\u00a0stron\u0119 jednych fachowc\u00f3w albo jednej rady, ale\u00a0Rada do\u00a0spraw m\u0142odzie\u017cy przy prezydencie regularnie analizuje i\u00a0opiniuje polskie ustawy. Oczywi\u015bcie decyzja nale\u017cy zawsze do\u00a0mnie. Poza tym Rada do\u00a0spraw m\u0142odzie\u017cy przygotowuje ju\u017c inicjatyw\u0119 ustawodawcz\u0105, kt\u00f3ra jest cz\u0119\u015bci\u0105 mojego \u201ePlanu 21\u201d. Odnosi si\u0119 do\u00a0<a href=\"https:\/\/auto.wprost.pl\/aktualnosci\/12427131\/darmowe-lekcje-jazdy-w-szkolach-bedzie-projekt-prezydenta.html\" target=\"_blank\" rel=\"nofollow noopener\">bezp\u0142atnych lekcji na\u00a0nauk\u0119 jazdy w\u00a0szko\u0142ach<\/a>. Taka inicjatywa ustawodawcza jest przygotowywana \u2013\u00a0doda\u0142 Nawrocki. &#13;\n<\/p>\n<p>Prezydent z\u00a0propozycj\u0105 bezp\u0142atnej nauki jazdy w\u00a0szko\u0142ach. Ekspert wskaza\u0142 na\u00a0problem<\/p>\n<p>&#13;<br \/>\nInstruktor nauki jazdy Andrzej \u0141apa w\u00a0rozmowie z\u00a0\u201eFaktem\u201d zwr\u00f3ci\u0142 uwag\u0119 na\u00a0wysokie ceny kurs\u00f3w na\u00a0kategori\u0119 B. W\u00a0Warszawie trzeba zap\u0142aci\u0107 do\u00a05,5 tysi\u0119cy z\u0142otych, w\u00a0Szczecinie i\u00a0Katowicach do\u00a0pi\u0119ciu tys. z\u0142, a\u00a0we Wroc\u0142awiu i\u00a0Krakowie do\u00a04,5 tys. z\u0142. Do\u00a0tego dochodz\u0105 op\u0142aty za\u00a0egzamin teoretyczny \u2013\u00a0od\u00a055 do\u00a059 z\u0142 i\u00a0praktyczny \u2013\u00a0od\u00a0222 do\u00a0239 z\u0142. Ekspert stwierdzi\u0142, \u017ce\u00a0problem kurs\u00f3w finansowanych przez samorz\u0105dy polega na\u00a0tym, \u017ce\u00a0o\u015brodki dostaj\u0105 pieni\u0105dze dopiero po\u00a0odbytym szkoleniu. &#13;\n<\/p>\n<p>&#13;<br \/>\n\u2013 Przy obecnych 30 godzinach jazdy mo\u017ce to\u00a0prowadzi\u0107 do\u00a0niebezpiecznej praktyki: kandydat nie\u00a0zostanie dobrze wyszkolony, ale\u00a0o\u015brodek i\u00a0tak wystawi pozytywny wynik egzaminu wewn\u0119trznego tylko po\u00a0to, by\u00a0rozliczy\u0107 dotacj\u0119 \u2013\u00a0t\u0142umaczy\u0142 \u0141apa. Projekt mo\u017ce by\u0107 te\u017c finansowany z\u00a0pieni\u0119dzy wszystkich Polak\u00f3w, a\u00a0w\u00f3wczas nie\u00a0ka\u017cdy wystarczaj\u0105co anga\u017cuje si\u0119 w\u00a0nauk\u0119. \u2013\u00a0Brak osobistego wk\u0142adu finansowego przek\u0142ada si\u0119 na\u00a0mniejsz\u0105 dba\u0142o\u015b\u0107 o\u00a0wyniki \u2013\u00a0podsumowa\u0142 instruktor nauki jazdy. &#13;\n<\/p>\n<p> Darmowe lekcje jazdy w\u00a0szko\u0142ach. Instruktor jazdy o\u00a0pomy\u015ble Karola Nawrockiego <\/p>\n<p>&#13;<br \/>\n\u0141apa rozwin\u0105\u0142 w\u0105tek w\u00a0mediach spo\u0142eczno\u015bciowych. \u201eJestem ambiwalentny wobec samego pomys\u0142u, ale\u00a0w\u00a0obecnym systemie? Nie, nie\u00a0i\u00a0jeszcze raz nie\u201d \u2013\u00a0przekonywa\u0142 ekspert. \u0141apa protestowa\u0142, aby\u00a0\u201ew\u00a0taki system wpompowa\u0107 masowo publiczne pieni\u0105dze\u201d. \u201eNajpierw trzeba naprawi\u0107 spos\u00f3b finansowania i\u00a0organizowania takich szkole\u0144. Inaczej dostaniemy festiwal przetarg\u00f3w, najni\u017cszej ceny i\u00a0przerzucania ca\u0142ego ryzyka na\u00a0OSK. Na\u00a0dzi\u015b trzy razy NIE. Dzi\u0119kuj\u0119, do\u00a0widzenia\u201d \u2013\u00a0zako\u0144czy\u0142. &#13;\n<\/p>\n<p>&#13;<br \/>\n   Czytaj te\u017c:<br \/><a href=\"https:\/\/www.wprost.pl\/kraj\/12427494\/krzysztof-stanowski-stracil-prawo-jazdy.html\" rel=\"follow nofollow noopener\" data-schema=\"WPROST\" data-image=\"https:\/\/img.wprost.pl\/_thumb\/95\/88\/22a04521499cebd84d0b500edf21.jpeg\" target=\"_blank\">Krzysztof Stanowski przesadzi\u0142 na\u00a0drodze. Zabrali mu prawo jazdy. \u201eCapn\u0119li mnie\u201d<\/a>   Czytaj te\u017c:<br \/><a href=\"https:\/\/www.wprost.pl\/kraj\/12426759\/pijany-ukrainiec-wszczal-szarpanine-mial-do-czynienia-z-policjanta-po-sluzbie.html\" rel=\"follow nofollow noopener\" data-schema=\"WPROST\" data-image=\"https:\/\/img.wprost.pl\/_thumb\/54\/ec\/exxcdaa1745645734d0b3ebfc9f7.jpeg\" target=\"_blank\">Pijany Ukrainiec wszcz\u0105\u0142 awantur\u0119. Nie\u00a0wiedzia\u0142, na\u00a0kogo trafi\u0142?<\/a>&#13;<\/p>\n","protected":false},"excerpt":{"rendered":"&#13; W sobot\u0119 29 sierpnia w\u00a0Juracie Karol Nawrocki zosta\u0142 zapytany na\u00a0briefingu m.in. o\u00a0pomys\u0142y inicjatyw ustawodawczych, kt\u00f3re w\u0142\u0105cza\u0142yby m\u0142odzie\u017c&hellip;\n","protected":false},"author":2,"featured_media":658063,"comment_status":"","ping_status":"","sticky":false,"template":"","format":"standard","meta":{"footnotes":"","_share_on_mastodon":"0"},"categories":[62712],"tags":[210,3112,5648,54592,53225,690,52592,6159,14817,120,5830,420,43315],"class_list":["post-658062","post","type-post","status-publish","format-standard","has-post-thumbnail","category-karol-nawrocki","tag-aktualnosci","tag-auto","tag-darmowe","tag-instruktor","tag-jazda","tag-karol-nawrocki","tag-krystian-winogrodzki","tag-lekcje","tag-moto","tag-nauka","tag-pomysl","tag-szkola","tag-wprost"],"share_on_mastodon":{"url":"https:\/\/pubeurope.com\/@pl\/117190825545916630","error":""},"_links":{"self":[{"href":"https:\/\/www.europesays.com\/pl\/wp-json\/wp\/v2\/posts\/658062","targetHints":{"allow":["GET"]}}],"collection":[{"href":"https:\/\/www.europesays.com\/pl\/wp-json\/wp\/v2\/posts"}],"about":[{"href":"https:\/\/www.europesays.com\/pl\/wp-json\/wp\/v2\/types\/post"}],"author":[{"embeddable":true,"href":"https:\/\/www.europesays.com\/pl\/wp-json\/wp\/v2\/users\/2"}],"replies":[{"embeddable":true,"href":"https:\/\/www.europesays.com\/pl\/wp-json\/wp\/v2\/comments?post=658062"}],"version-history":[{"count":0,"href":"https:\/\/www.europesays.com\/pl\/wp-json\/wp\/v2\/posts\/658062\/revisions"}],"wp:featuredmedia":[{"embeddable":true,"href":"https:\/\/www.europesays.com\/pl\/wp-json\/wp\/v2\/media\/658063"}],"wp:attachment":[{"href":"https:\/\/www.europesays.com\/pl\/wp-json\/wp\/v2\/media?parent=658062"}],"wp:term":[{"taxonomy":"category","embeddable":true,"href":"https:\/\/www.europesays.com\/pl\/wp-json\/wp\/v2\/categories?post=658062"},{"taxonomy":"post_tag","embeddable":true,"href":"https:\/\/www.europesays.com\/pl\/wp-json\/wp\/v2\/tags?post=658062"}],"curies":[{"name":"wp","href":"https:\/\/api.w.org\/{rel}","templated":true}]}}