{"id":658080,"date":"2026-08-31T15:40:08","date_gmt":"2026-08-31T15:40:08","guid":{"rendered":"https:\/\/www.europesays.com\/pl\/658080\/"},"modified":"2026-08-31T15:40:08","modified_gmt":"2026-08-31T15:40:08","slug":"wroclaw-passage-przejscie-performatywne-instytutu-grotowskiego","status":"publish","type":"post","link":"https:\/\/www.europesays.com\/pl\/658080\/","title":{"rendered":"Wroc\u0142aw. Passage. Przej\u015bcie performatywne Instytutu Grotowskiego"},"content":{"rendered":"<p>\u201ePassage\u201d to cykl comiesi\u0119cznych dzia\u0142a\u0144 performatywnych realizowanych w Zau\u0142ku Jerzego Grotowskiego i Przej\u015bciu \u017bela\u017aniczym. Projekt przenosi sztuk\u0119 performatywn\u0105 poza mury instytucji, wpisuj\u0105c j\u0105 w rytm codziennego \u017cycia miasta.\u00a0<\/p>\n<p>            <a data-lightbox=\"article-gallery\" href=\"https:\/\/e-teatr.pl\/files\/multimedias\/182502\/post_pion_passage_performanse_dr.jpg\" rel=\"nofollow noopener\" target=\"_blank\">&#13;<br \/>\n        <img loading=\"lazy\" decoding=\"async\" src=\"https:\/\/www.europesays.com\/pl\/wp-content\/uploads\/2026\/08\/thumb_post_pion_passage_performanse_dr.jpg\" alt=\"\" title=\"\" width=\"800\" height=\"1000\"\/>      <\/a><\/p>\n<p>fot. mat. teatru<\/p>\n<p>Od sierpnia 2026 do czerwca 2027 przestrze\u0144 usytuowana mi\u0119dzy wroc\u0142awskimi Sukiennicami stanie si\u0119 scen\u0105 dzia\u0142a\u0144 artystycznych, stanowi\u0105cych zach\u0119t\u0119 do zatrzymania si\u0119 na chwil\u0119 i spojrzenia na otoczenie z innej perspektywy.<\/p>\n<p>Chcemy, by przestrze\u0144 ta by\u0142a miejscem spontanicznego kontaktu z performansem; miejscem niespodziewanych, nieoczekiwanych przej\u015b\u0107. Chcemy, by by\u0142a otwarta i \u0142atwo dost\u0119pna, tak aby dawa\u0142a mo\u017cliwo\u015b\u0107 budowania relacji \u2013 r\u00f3wnie\u017c z osobami, kt\u00f3re na co dzie\u0144 nie uczestnicz\u0105 w wydarzeniach artystycznych.<\/p>\n<p>Ka\u017cde wydarzenie pozostanie tajemnic\u0105, niespodziank\u0105 a\u017c do momentu rozpocz\u0119cia. Nie zapowiadamy formy ani przebiegu dzia\u0142a\u0144, pozostawiaj\u0105c miejsce na zaskoczenie, uwa\u017cno\u015b\u0107 i bezpo\u015brednie do\u015bwiadczenie.<\/p>\n<p>Projekt nawi\u0105zuje do idei przej\u015bcia, zar\u00f3wno w dos\u0142ownym znaczeniu miejskiego pasa\u017cu, jak i w sensie metaforycznym, rozumianym jako do\u015bwiadczanie nowych sposob\u00f3w odbioru rzeczywisto\u015bci. To zaproszenie do spotkania ze sztuk\u0105 we wsp\u00f3lnej przestrzeni, w kt\u00f3rej granice mi\u0119dzy codzienno\u015bci\u0105 a dzia\u0142aniem performatywnym staj\u0105 si\u0119 p\u0142ynne.<\/p>\n<p>Miejsce\u00a0Zau\u0142ek Jerzego Grotowskiego \/ Przej\u015bcie \u017bela\u017anicze<\/p>\n<p>Harmonogram\u00a0\u00a0<\/p>\n<p>Passage 1 pon. 31.08.2026, 12:00\u201324:00\u00a0<\/p>\n<p>Passage 2 sob. 19.09.2026, 15:00\u00a0<\/p>\n<p>Na wszystkie wydarzenia wst\u0119p wolny\u00a0<\/p>\n","protected":false},"excerpt":{"rendered":"\u201ePassage\u201d to cykl comiesi\u0119cznych dzia\u0142a\u0144 performatywnych realizowanych w Zau\u0142ku Jerzego Grotowskiego i Przej\u015bciu \u017bela\u017aniczym. Projekt przenosi sztuk\u0119 performatywn\u0105&hellip;\n","protected":false},"author":2,"featured_media":658081,"comment_status":"","ping_status":"","sticky":false,"template":"","format":"standard","meta":{"footnotes":"","_share_on_mastodon":"0"},"categories":[51607],"tags":[2434,8588,6588,17490,16331,51630,42,38,40,39,41,649,650,11541,51629,8815,51631,8767,51628,800,8816,1853],"class_list":["post-658080","post","type-post","status-publish","format-standard","has-post-thumbnail","category-wroclaw","tag-aktor","tag-aktorzy","tag-festiwal","tag-festiwale","tag-kariera","tag-kariery","tag-pl","tag-poland","tag-polish","tag-polska","tag-polski","tag-premiera","tag-premiery","tag-realizacja","tag-realizacje","tag-repertuar","tag-ruch-teatralny","tag-sztuka","tag-sztuki","tag-teatr","tag-teatry","tag-wroclaw"],"share_on_mastodon":{"url":"https:\/\/pubeurope.com\/@pl\/117190881399297516","error":""},"_links":{"self":[{"href":"https:\/\/www.europesays.com\/pl\/wp-json\/wp\/v2\/posts\/658080","targetHints":{"allow":["GET"]}}],"collection":[{"href":"https:\/\/www.europesays.com\/pl\/wp-json\/wp\/v2\/posts"}],"about":[{"href":"https:\/\/www.europesays.com\/pl\/wp-json\/wp\/v2\/types\/post"}],"author":[{"embeddable":true,"href":"https:\/\/www.europesays.com\/pl\/wp-json\/wp\/v2\/users\/2"}],"replies":[{"embeddable":true,"href":"https:\/\/www.europesays.com\/pl\/wp-json\/wp\/v2\/comments?post=658080"}],"version-history":[{"count":0,"href":"https:\/\/www.europesays.com\/pl\/wp-json\/wp\/v2\/posts\/658080\/revisions"}],"wp:featuredmedia":[{"embeddable":true,"href":"https:\/\/www.europesays.com\/pl\/wp-json\/wp\/v2\/media\/658081"}],"wp:attachment":[{"href":"https:\/\/www.europesays.com\/pl\/wp-json\/wp\/v2\/media?parent=658080"}],"wp:term":[{"taxonomy":"category","embeddable":true,"href":"https:\/\/www.europesays.com\/pl\/wp-json\/wp\/v2\/categories?post=658080"},{"taxonomy":"post_tag","embeddable":true,"href":"https:\/\/www.europesays.com\/pl\/wp-json\/wp\/v2\/tags?post=658080"}],"curies":[{"name":"wp","href":"https:\/\/api.w.org\/{rel}","templated":true}]}}