{"id":658100,"date":"2026-08-31T15:50:16","date_gmt":"2026-08-31T15:50:16","guid":{"rendered":"https:\/\/www.europesays.com\/pl\/658100\/"},"modified":"2026-08-31T15:50:16","modified_gmt":"2026-08-31T15:50:16","slug":"final-dlugoletniej-sprawy-sadowej-sojuszniczka-czeskiego-premiera-skazana","status":"publish","type":"post","link":"https:\/\/www.europesays.com\/pl\/658100\/","title":{"rendered":"Fina\u0142 d\u0142ugoletniej sprawy s\u0105dowej. Sojuszniczka czeskiego premiera skazana"},"content":{"rendered":"<p>Pos\u0142anka europejska Jana Nagyova zosta\u0142a uznana za winn\u0105 wy\u0142udzenia unijnych dotacji w sprawie o warto\u015bci 2 mln euro, zwi\u0105zanej z <a href=\"https:\/\/wiadomosci.onet.pl\/swiat\/komisja-europejska-uznala-ze-ma-podstawy-by-oskarzyc-andreja-babisza-w-tle-miliony\/e1794tp\" id=\"11c702be-306d-47e6-94ca-0611c0ec16ae\" rel=\"nofollow noopener\" target=\"_blank\">Agrofertem \u2014 koncernem rolniczym powi\u0105zanym z czeskim premierem Andrejem Babiszem<\/a>. Wyrok ten potwierdzi\u0142 w poniedzia\u0142ek S\u0105d Apelacyjny w Pradze.<\/p>\n<p>S\u0105d skaza\u0142 Nagyov\u0105, europos\u0142ank\u0119 z ramienia grupy Patrioci za Europ\u0105 i by\u0142\u0105 doradczyni\u0119 Babisza, na trzy lata wi\u0119zienia w zawieszeniu na pi\u0119\u0107 lat oraz grzywn\u0119 w wysoko\u015bci oko\u0142o 20 tys. euro za wy\u0142udzenie dotacji i nara\u017cenie finansowych interes\u00f3w Unii Europejskiej na szkod\u0119. S\u0105d utrzyma\u0142 w mocy wcze\u015bniejszy wyrok s\u0105du ni\u017cszej instancji z maja.<\/p>\n<p><a href=\"https:\/\/www.onet.pl\/\" title=\"Strona G\u0142\u00f3wna\" aria-label=\"Strona G\u0142\u00f3wna\" data-astro-prefetch=\"tap\" class=\"ods-a-logo-main-desktop\" rel=\"nofollow noopener\" target=\"_blank\"><img src=\"https:\/\/cdn.wiadomosci.onet.pl\/img\/Logo_desktop_Onet.svg\" class=\"ods-a-logo-main-desktop__image\" alt=\"Logo\" width=\"107\" height=\"60\" fetchpriority=\"high\" decoding=\"sync\" style=\"height:60px\"\/><\/a><\/p>\n<p class=\"ods-m-google-article__text\">Czytaj nas cz\u0119\u015bciej w Google<\/p>\n<p><a href=\"https:\/\/google.com\/preferences\/source?q=wiadomosci.onet.pl\" target=\"_blank\" rel=\"noopener noreferrer nofollow\" aria-label=\"Dodaj w Google\" title=\"Dodaj w Google\" class=\"ods-a-button ods-a-button__primary ods-a-button__default ods-a-button-l\">Dodaj w Google<\/a>Dalszy ci\u0105g artyku\u0142u pod materia\u0142em wideo<\/p>\n<p>Nagyova wielokrotnie zaprzecza\u0142a stawianym jej zarzutom i zamierza wnie\u015b\u0107 apelacj\u0119 do czeskiego S\u0105du Najwy\u017cszego \u2014 poinformowa\u0142 jej adwokat. W kwietniu zosta\u0142a pozbawiona immunitetu przez Parlament Europejski.<\/p>\n<p>Sprawa trwa\u0142a od lat<\/p>\n<p>Wyrok zamyka kolejny rozdzia\u0142 w d\u0142ugoletniej sprawie prowadzonej przez czeskie organy \u015bcigania i Europejski Urz\u0105d do spraw Zwalczania Nadu\u017cy\u0107 Finansowych (OLAF). Prokuratorzy oskar\u017cyli Nagyov\u0105 o udzia\u0142 w schemacie wydzielenia z konglomeratu Agrofert o\u015brodka rekreacyjnego Cap\u00ed Hnizdo w \u015brodkowych Czechach. Celem by\u0142o przedstawienie go jako samodzielnej firmy, by spe\u0142ni\u0107 warunki przyznania unijnych grant\u00f3w dla ma\u0142ych i \u015brednich przedsi\u0119biorstw. P\u00f3\u017aniej Agrofert odzyska\u0142 w\u0142asno\u015b\u0107 obiektu.<\/p>\n<p>Rados\u0142aw Sikorski w &#8222;The Economist&#8221;: rosyjskie prowokacje nie s\u0105 przypadkowe. Europa musi zaakceptowa\u0107 ryzyko<\/p>\n<p class=\"ods-o-frame-in-text__paragraph\"><a href=\"https:\/\/wiadomosci.onet.pl\/swiat\/radoslaw-sikorski-w-the-economist-rosyjskie-prowokacje-nie-sa-przypadkowe-europa-musi\/19652g5?tpcc=202608_bloczek_newsroom\" id=\"db2a0ca2-54f5-4927-98ed-73744b5587f5\" rel=\"nofollow noopener\" target=\"_blank\">Przeczytaj tekst w Onecie!<\/a><\/p>\n<p><img class=\"ods-a-photo ods-a-photo--background\" src=\"https:\/\/www.europesays.com\/pl\/wp-content\/uploads\/2026\/08\/sN7k9lBaHR0cHM6Ly9vY2RuLmV1L3B1bHNjbXMvTURBXy9lODE2MDRlNjg2NDVjYzczZGZmMTlkOTBlYTA3N2U0NS5qcGeRlQLNA.jpeg\" height=\"300\" width=\"450\" alt=\"Rados\u0142aw Sikorski\" loading=\"lazy\" fetchpriority=\"low\" decoding=\"async\"\/><\/p>\n<p>Na pocz\u0105tku sprawa s\u0105dowa toczy\u0142a si\u0119 przeciwko Nagyovej i Babiszowi. Jednak po tym, jak czeski parlament w marcu odm\u00f3wi\u0142 uchylenia immunitetu premiera, s\u0105d miejski w Pradze zdecydowa\u0142 o rozdzieleniu post\u0119powa\u0144. Post\u0119powanie wobec Babisza pozostaje zawieszone na czas trwania jego mandatu. Premier zaprzecza jakimkolwiek nieprawid\u0142owo\u015bciom.<\/p>\n<p>Babisz przekaza\u0142 Agrofert do funduszu powierniczego, gdy w grudniu ponownie obj\u0105\u0142 urz\u0105d premiera i twierdzi, \u017ce nie ma ju\u017c \u017cadnych powi\u0105za\u0144 z za\u0142o\u017conym przez siebie koncernem. Krytycy wskazuj\u0105 jednak, \u017ce nowe <a href=\"https:\/\/wiadomosci.onet.pl\/swiat\/problem-babisza-w-czechach-premier-miliarder-nawet-nie-czyta-pism-od-ke\/nqek7jl\" id=\"c1952b5c-9427-4ae5-b70b-85096a47407b\" rel=\"nofollow noopener\" target=\"_blank\">rozwi\u0105zanie niewiele zmienia w kwestii potencjalnego konfliktu interes\u00f3w<\/a>.<\/p>\n","protected":false},"excerpt":{"rendered":"Pos\u0142anka europejska Jana Nagyova zosta\u0142a uznana za winn\u0105 wy\u0142udzenia unijnych dotacji w sprawie o warto\u015bci 2 mln euro,&hellip;\n","protected":false},"author":2,"featured_media":658101,"comment_status":"","ping_status":"","sticky":false,"template":"","format":"standard","meta":{"footnotes":"","_share_on_mastodon":"0"},"categories":[14],"tags":[8599,61195,32,33,779,27,34,35,28,31,48,25,46,40,41,412,47,80,29,30,128180,26,82,83,84],"class_list":["post-658100","post","type-post","status-publish","format-standard","has-post-thumbnail","category-swiat","tag-andrej_babisz","tag-bottomfeed_styl","tag-breaking-news","tag-breakingnews","tag-czechy","tag-headlines","tag-latest-news","tag-latestnews","tag-naglowki","tag-najwazniejsze-artykuly","tag-nat_styl","tag-news","tag-omp","tag-polish","tag-polski","tag-prawo_sady_prawnicy","tag-screening_general","tag-swiat","tag-top-stories","tag-topstories","tag-unijne_dotacje","tag-wiadomosci","tag-world","tag-world-news","tag-worldnews"],"share_on_mastodon":{"url":"https:\/\/pubeurope.com\/@pl\/117190921320431228","error":""},"_links":{"self":[{"href":"https:\/\/www.europesays.com\/pl\/wp-json\/wp\/v2\/posts\/658100","targetHints":{"allow":["GET"]}}],"collection":[{"href":"https:\/\/www.europesays.com\/pl\/wp-json\/wp\/v2\/posts"}],"about":[{"href":"https:\/\/www.europesays.com\/pl\/wp-json\/wp\/v2\/types\/post"}],"author":[{"embeddable":true,"href":"https:\/\/www.europesays.com\/pl\/wp-json\/wp\/v2\/users\/2"}],"replies":[{"embeddable":true,"href":"https:\/\/www.europesays.com\/pl\/wp-json\/wp\/v2\/comments?post=658100"}],"version-history":[{"count":0,"href":"https:\/\/www.europesays.com\/pl\/wp-json\/wp\/v2\/posts\/658100\/revisions"}],"wp:featuredmedia":[{"embeddable":true,"href":"https:\/\/www.europesays.com\/pl\/wp-json\/wp\/v2\/media\/658101"}],"wp:attachment":[{"href":"https:\/\/www.europesays.com\/pl\/wp-json\/wp\/v2\/media?parent=658100"}],"wp:term":[{"taxonomy":"category","embeddable":true,"href":"https:\/\/www.europesays.com\/pl\/wp-json\/wp\/v2\/categories?post=658100"},{"taxonomy":"post_tag","embeddable":true,"href":"https:\/\/www.europesays.com\/pl\/wp-json\/wp\/v2\/tags?post=658100"}],"curies":[{"name":"wp","href":"https:\/\/api.w.org\/{rel}","templated":true}]}}