{"id":658106,"date":"2026-08-31T15:53:22","date_gmt":"2026-08-31T15:53:22","guid":{"rendered":"https:\/\/www.europesays.com\/pl\/658106\/"},"modified":"2026-08-31T15:53:22","modified_gmt":"2026-08-31T15:53:22","slug":"podwyzki-na-stacjach-paliw-zbigniew-bogucki-atakuje-rzad-donalda-tuska","status":"publish","type":"post","link":"https:\/\/www.europesays.com\/pl\/658106\/","title":{"rendered":"Podwy\u017cki na stacjach paliw. Zbigniew Bogucki atakuje rz\u0105d Donalda Tuska"},"content":{"rendered":"<p>Od 1 wrze\u015bnia nast\u0105pi przywr\u00f3cenie 23 proc. stawki podatku VAT, co automatycznie spowoduje podwy\u017cki cen paliw obj\u0119tych pakietem w sprzeda\u017cy detalicznej. Eksperci spodziewaj\u0105 si\u0119 podwy\u017cek cen benzyn i oleju nap\u0119dowego w przedziale od 60 do 90 gr na litrze. Powr\u00f3t do normalnej stawki podatku VAT skrytykowa\u0142 w poniedzia\u0142ek Zbigniew Bogucki.<\/p>\n<p>Dalszy ci\u0105g artyku\u0142u pod materia\u0142em wideo<\/p>\n<p>&#8222;W dniach, kiedy \u015bwi\u0119tujemy powstanie Solidarno\u015bci, Polacy po 46 latach od podpisania Porozumie\u0144 Sierpniowych musz\u0105 w czasie rz\u0105d\u00f3w \u00bbdemokracji walcz\u0105cej\u00ab oblega\u0107 stacje paliw jak w czasie demokracji ludowej i g\u0142\u0119bokiej komuny oblegali CPN-y. Kierowcy stoj\u0105 w kolejkach, poniewa\u017c od jutra ceny paliw poszybuj\u0105 w g\u00f3r\u0119 o blisko z\u0142ot\u00f3wk\u0119 za litr&#8221; \u2014 pisze na platformie X.<\/p>\n<p><a href=\"https:\/\/www.onet.pl\/\" title=\"Strona G\u0142\u00f3wna\" aria-label=\"Strona G\u0142\u00f3wna\" data-astro-prefetch=\"tap\" class=\"ods-a-logo-main-desktop\" rel=\"nofollow noopener\" target=\"_blank\"><img src=\"https:\/\/cdn.wiadomosci.onet.pl\/img\/Logo_desktop_Onet.svg\" class=\"ods-a-logo-main-desktop__image\" alt=\"Logo\" width=\"107\" height=\"60\" fetchpriority=\"high\" decoding=\"sync\" style=\"height:60px\"\/><\/a><\/p>\n<p class=\"ods-m-google-article__text\">Czytaj nas cz\u0119\u015bciej w Google<\/p>\n<p><a href=\"https:\/\/google.com\/preferences\/source?q=onet.pl\" target=\"_blank\" rel=\"noopener noreferrer nofollow\" aria-label=\"Dodaj w Google\" title=\"Dodaj w Google\" class=\"ods-a-button ods-a-button__primary ods-a-button__default ods-a-button-l\">Dodaj w Google<\/a><\/p>\n<p>Wed\u0142ug szefa Kancelarii Prezydenta &#8222;to efekt rz\u0105d\u00f3w libera\u0142a Donalda Tuska i komunisty W\u0142odzimierza Czarzastego&#8221;. &#8222;Pierwszy k\u0142ama\u0142 polskich kierowc\u00f3w, \u017ce benzyna b\u0119dzie po 5,19 z\u0142 za litr, tak jak komuni\u015bci w kwestiach ekonomicznych k\u0142amali Nar\u00f3d, a drugi mu w tym oszustwie pomaga, jak tylko mo\u017ce, poniewa\u017c jest wychowankiem tamtego systemu ob\u0142udy \u2014 biedy spo\u0142ecze\u0144stwa i przywilej\u00f3w w\u0142adzy&#8221; \u2014 dodaje Bogucki.<\/p>\n<p>Nale\u017cy przypomnie\u0107, \u017ce pod koniec lipca prezydent <a href=\"https:\/\/businessinsider.com.pl\/prawo\/podatki\/karol-nawrocki-kieruje-ustawe-o-podatku-od-nadzwyczajnych-zyskow-do-tk\/7tprjj6\" id=\"8be4aceb-5ab1-4698-8d2d-bce9cfdcedc8\" rel=\"nofollow noopener\" target=\"_blank\">Karol Nawrocki skierowa\u0142 ustaw\u0119 o podatku od nadzwyczajnych zysk\u00f3w z paliw<\/a> do Trybuna\u0142u Konstytucyjnego w trybie kontroli prewencyjnej. Premier nazwa\u0142 w\u00f3wczas t\u0119 decyzj\u0119 &#8222;szokuj\u0105c\u0105&#8221;.<\/p>\n<p>&#8222;Prezydent zablokowa\u0142 ustaw\u0119, kt\u00f3ra pozwala\u0142a opodatkowa\u0107 gigantyczne zyski koncern\u00f3w paliwowych, dzi\u0119ki czemu mo\u017cna by\u0142o sfinansowa\u0107 ta\u0144sze paliwa na naszych stacjach (program CPN). Pami\u0119tajcie o tym przy dystrybutorach&#8221; &#8211; napisa\u0142 Donald Tusk na platformie X.<\/p>\n<p>Koniec CPN. Tyle zap\u0142ac\u0105 kierowcy<\/p>\n<p>Poniedzia\u0142ek jest ostatnim dniem obowi\u0105zywania pakietu CPN, czyli ni\u017cszej \u2014 8 proc. stawki VAT i maksymalnych cen benzyny i oleju nap\u0119dowego. Za Pb95 p\u0142acimy maksymalnie 6,64 z\u0142\/l, Pb98 \u2014 7,46 z\u0142\/l i za olej nap\u0119dowy 7,31 z\u0142\/l.<\/p>\n<p>Eksperci BM Reflex podaj\u0105, \u017ce w ci\u0105gu najbli\u017cszych dni \u015brednia cena benzyny 95 ma wynosi\u0107 7 z\u0142 35 gr \u2014 a to oznacza wzrost o 83 gr. Jeszcze wyra\u017aniej ma p\u00f3j\u015b\u0107 w g\u00f3r\u0119 benzyna 98 \u2014 tu prognozowany jest wzrost o 84 gr za litr \u2014 do poziomu 8 z\u0142 19 gr. Olej nap\u0119dowy ma kosztowa\u0107 z kolei 8 z\u0142 9 gr za 1 l \u2014 tu eksperci BM Reflex spodziewaj\u0105 si\u0119 wzrostu o 67 gr. Ta\u0144szy o 1 gr ma by\u0107 gaz LPG (kt\u00f3ry akurat nie zosta\u0142 uj\u0119ty w CPN). Tu stawka ma wynie\u015b\u0107 2 z\u0142 96 gr za 1 l \u2014 <a href=\"https:\/\/businessinsider.com.pl\/poradnik-finansowy\/koniec-cpn-20-oto-nowe-ceny-paliw-tyle-od-wtorku-zaplaca-polacy\/hll0e98\" id=\"10259b95-c0f1-4999-8d9c-c08cd57a1c78\" rel=\"nofollow noopener\" target=\"_blank\">wskazuje Business Insider.<\/a>Afera Zondacrypto. Prawdziwym celem mo\u017ce by\u0107 Karol Nawrocki. &#8222;Uderzenie naprawd\u0119 bardzo mocne&#8221;<img class=\"ods-a-photo ods-a-photo--background\" src=\"https:\/\/www.europesays.com\/pl\/wp-content\/uploads\/2026\/08\/kSCk9lBaHR0cHM6Ly9vY2RuLmV1L3B1bHNjbXMvTURBXy9lNjE5MTA2ZWJlMTY5YTA2MzVlYzkxZTIzOTJjMGIyYS5qcGeRlQLNA.jpeg\" height=\"301\" width=\"450\" alt=\"Karol Nawrocki \" loading=\"lazy\" fetchpriority=\"low\" decoding=\"async\"\/><\/p>\n<p>R\u00f3wnie\u017c analitycy e-petrol.pl spodziewaj\u0105 si\u0119 wyra\u017anych podwy\u017cek. &#8222;Wed\u0142ug naszych prognoz przywr\u00f3cenie pe\u0142nych stawek VAT na paliwa od wrze\u015bnia b\u0119dzie oznacza\u0107 wyra\u017ane podwy\u017cki na stacjach. Przewidywane przedzia\u0142y cenowe na najbli\u017csze dni to do 7 z\u0142 38 gr do 7 z\u0142 51 gr za 1 l dla benzyny 95 oraz 8 z\u0142 19 gr do 8 z\u0142 33 gr za 1 l oleju nap\u0119dowego&#8221; \u2014 przekazuj\u0105.<\/p>\n","protected":false},"excerpt":{"rendered":"Od 1 wrze\u015bnia nast\u0105pi przywr\u00f3cenie 23 proc. stawki podatku VAT, co automatycznie spowoduje podwy\u017cki cen paliw obj\u0119tych pakietem&hellip;\n","protected":false},"author":2,"featured_media":658107,"comment_status":"","ping_status":"","sticky":false,"template":"","format":"standard","meta":{"footnotes":"","_share_on_mastodon":"0"},"categories":[62713],"tags":[497,61195,6336,1345,212,43,11902,49,48,46,55,47,788],"class_list":["post-658106","post","type-post","status-publish","format-standard","has-post-thumbnail","category-donald-tusk","tag-benzyna","tag-bottomfeed_styl","tag-ceny_paliw","tag-donald-tusk","tag-donald_tusk","tag-karol_nawrocki","tag-komunizm","tag-kraj","tag-nat_styl","tag-omp","tag-phx","tag-screening_general","tag-zbigniew_bogucki"],"share_on_mastodon":{"url":"https:\/\/pubeurope.com\/@pl\/117190931680494675","error":""},"_links":{"self":[{"href":"https:\/\/www.europesays.com\/pl\/wp-json\/wp\/v2\/posts\/658106","targetHints":{"allow":["GET"]}}],"collection":[{"href":"https:\/\/www.europesays.com\/pl\/wp-json\/wp\/v2\/posts"}],"about":[{"href":"https:\/\/www.europesays.com\/pl\/wp-json\/wp\/v2\/types\/post"}],"author":[{"embeddable":true,"href":"https:\/\/www.europesays.com\/pl\/wp-json\/wp\/v2\/users\/2"}],"replies":[{"embeddable":true,"href":"https:\/\/www.europesays.com\/pl\/wp-json\/wp\/v2\/comments?post=658106"}],"version-history":[{"count":0,"href":"https:\/\/www.europesays.com\/pl\/wp-json\/wp\/v2\/posts\/658106\/revisions"}],"wp:featuredmedia":[{"embeddable":true,"href":"https:\/\/www.europesays.com\/pl\/wp-json\/wp\/v2\/media\/658107"}],"wp:attachment":[{"href":"https:\/\/www.europesays.com\/pl\/wp-json\/wp\/v2\/media?parent=658106"}],"wp:term":[{"taxonomy":"category","embeddable":true,"href":"https:\/\/www.europesays.com\/pl\/wp-json\/wp\/v2\/categories?post=658106"},{"taxonomy":"post_tag","embeddable":true,"href":"https:\/\/www.europesays.com\/pl\/wp-json\/wp\/v2\/tags?post=658106"}],"curies":[{"name":"wp","href":"https:\/\/api.w.org\/{rel}","templated":true}]}}