{"id":658142,"date":"2026-08-31T16:13:11","date_gmt":"2026-08-31T16:13:11","guid":{"rendered":"https:\/\/www.europesays.com\/pl\/658142\/"},"modified":"2026-08-31T16:13:11","modified_gmt":"2026-08-31T16:13:11","slug":"lionel-messi-juz-nie-zagra-w-reprezentacji-argentyny-jest-komunikat","status":"publish","type":"post","link":"https:\/\/www.europesays.com\/pl\/658142\/","title":{"rendered":"Lionel Messi ju\u017c nie zagra w reprezentacji Argentyny. Jest komunikat"},"content":{"rendered":"<p>Lionel Messi zadebiutowa\u0142 w reprezentacji Argentyny w 2005 r. Od tego czasu w jej barwach zagra\u0142 a\u017c 207 razy i strzeli\u0142 125 bramek. W 2022 r. spe\u0142ni\u0142 marzenia rodak\u00f3w i poprowadzi\u0142 swoj\u0105 dru\u017cyn\u0119 narodow\u0105 do mistrzostwa \u015bwiata. Na kolejnym mundialu uda\u0142o mu si\u0119 dotrze\u0107 do wielkiego fina\u0142u.<\/p>\n<p>Dalszy ci\u0105g artyku\u0142u pod materia\u0142em wideo<\/p>\n<p>Teraz okazuje si\u0119, \u017ce fina\u0142 przegrany 0:1 po dogrywce by\u0142 ostatnim wyst\u0119pem Lionela Messiego w narodowych barwach. Pi\u0142karz postanowi\u0142 przekaza\u0107 te wie\u015bci kibicom za pomoc\u0105 Instagrama.<\/p>\n<p><a href=\"https:\/\/przegladsportowy.onet.pl\/\" title=\"Strona g\u0142\u00f3wna serwisu\" aria-label=\"Strona g\u0142\u00f3wna serwisu\" data-astro-prefetch=\"tap\" class=\"ods-a-logo-main-desktop\" rel=\"nofollow noopener\" target=\"_blank\"><img src=\"https:\/\/cdn.przegladsportowy.onet.pl\/img\/Logo_desktop_Onet.svg\" class=\"ods-a-logo-main-desktop__image\" alt=\"Logo\" width=\"107\" height=\"60\" fetchpriority=\"high\" decoding=\"sync\" style=\"height:60px\"\/><\/a><\/p>\n<p class=\"ods-m-google-article__text\">Czytaj nas cz\u0119\u015bciej w Google<\/p>\n<p><a href=\"https:\/\/google.com\/preferences\/source?q=przegladsportowy.onet.pl\" target=\"_blank\" rel=\"noopener noreferrer nofollow\" aria-label=\"Dodaj w Google\" title=\"Dodaj w Google\" class=\"ods-a-button ods-a-button__primary ods-a-button__default ods-a-button-l\">Dodaj w Google<\/a>Lionel Messi og\u0142asza koniec gry w kadrze! Opublikowa\u0142 komunikat<\/p>\n<p>&#8222;Po tym ca\u0142ym czasie, kt\u00f3ry min\u0105\u0142 od fina\u0142u i po d\u0142ugim namy\u015ble, chc\u0119 og\u0142osi\u0107 wszystkim, \u017ce odchodz\u0119 z reprezentacji\u2026<\/p>\n<p>To by\u0142a decyzja, kt\u00f3ra bola\u0142a mnie i nadal boli, ale rozumiem, \u017ce to w\u0142a\u015bciwy moment. Przysi\u0119gam, \u017ce zawsze dawa\u0142em z siebie wszystko, nie tylko w ostatnich latach, kiedy wygrywali\u015bmy wszystko, ale tak\u017ce wcze\u015bniej. Zawsze walczy\u0142em i dawa\u0142em z siebie wszystko dla tej koszulki, aby przynosi\u0107 Wam rado\u015b\u0107 i dum\u0119 z bycia Argenty\u0144czykiem poprzez pi\u0142k\u0119 no\u017cn\u0105&#8221; \u2014 napisa\u0142 w komunikacie Lionel Messi.<\/p>\n<p>&#8222;Nie zosta\u0142o wiele czasu, a rozdzia\u0142y si\u0119 zamykaj\u0105, a ten jest jednym z tych, kt\u00f3re bardzo mnie bol\u0105. Kocham, kocha\u0142em i zawsze b\u0119d\u0119 kocha\u0142 gr\u0119 w reprezentacji. Da\u0142em z siebie wszystko; nie mam nic wi\u0119cej do zaoferowania, a poza tym, za mn\u0105 id\u0105 wspaniali m\u0142odzi zawodnicy, kt\u00f3rzy zas\u0142uguj\u0105 na to, \u017ceby tam by\u0107.<\/p>\n<p>Dzi\u0119kuj\u0119 za ca\u0142\u0105 mi\u0142o\u015b\u0107 i wsparcie przez te 20 lat. B\u0119dzie mi brakowa\u0142o s\u0142uchania Was wszystkich z g\u0142\u0119bi serca. Teraz b\u0119d\u0119 jednym z Was, kibicuj\u0105c Wam z boku (w dobrych i z\u0142ych chwilach, a nawet bardziej)&#8221; \u2014 kontynuowa\u0142.<\/p>\n<p>&#8222;Dzi\u0119kuj\u0119 mojej rodzinie za to, \u017ce zawsze by\u0142a przy mnie, za to, \u017ce towarzyszy\u0142a mi w tej pi\u0119knej, ale trudnej podr\u00f3\u017cy. Dzi\u0119kuj\u0119 ka\u017cdemu trenerowi, koledze z dru\u017cyny i mened\u017cerowi, z kt\u00f3rym mia\u0142em przyjemno\u015b\u0107 dzieli\u0107 to do\u015bwiadczenie. Zabieram ze sob\u0105 niezapomniane wspomnienia i chwile.<\/p>\n<p>Odchodz\u0119 ze spokojem ducha i dum\u0105, \u017ce da\u0142em Wam, wraz z moimi kolegami z dru\u017cyny, naprawd\u0119 wymarzone chwile. To by\u0142o niesamowite m\u00f3c si\u0119 tym z Wami wszystkimi dzieli\u0107. Kocham Was!<\/p>\n<p>Dzi\u0119kuj\u0119 Ci, Bo\u017ce, za to, \u017ce uczyni\u0142e\u015b mnie Argenty\u0144czykiem.<\/p>\n<p>Naprz\u00f3d Argentyno!<\/p>\n<p>*Napisa\u0142em te s\u0142owa 21 lipca, dwa dni po finale. Dzi\u015b, po tym, co sta\u0142o si\u0119 z moim tat\u0105, jestem jeszcze bardziej przekonany ni\u017c wcze\u015bniej&#8221; \u2014 podsumowa\u0142 Messi.<\/p>\n","protected":false},"excerpt":{"rendered":"Lionel Messi zadebiutowa\u0142 w reprezentacji Argentyny w 2005 r. Od tego czasu w jej barwach zagra\u0142 a\u017c 207&hellip;\n","protected":false},"author":2,"featured_media":658143,"comment_status":"","ping_status":"","sticky":false,"template":"","format":"standard","meta":{"footnotes":"","_share_on_mastodon":"0"},"categories":[24],"tags":[128177,968,61195,16482,48,46,948,42,38,40,39,41,47,127,126,130,128178],"class_list":["post-658142","post","type-post","status-publish","format-standard","has-post-thumbnail","category-sport","tag-adshield_tst2","tag-argentyna","tag-bottomfeed_styl","tag-leo_messi","tag-nat_styl","tag-omp","tag-pilka_nozna","tag-pl","tag-poland","tag-polish","tag-polska","tag-polski","tag-screening_general","tag-sport","tag-sports","tag-wiadomosci_sportowe","tag-wthl_off"],"share_on_mastodon":{"url":"https:\/\/pubeurope.com\/@pl\/117191011565062397","error":""},"_links":{"self":[{"href":"https:\/\/www.europesays.com\/pl\/wp-json\/wp\/v2\/posts\/658142","targetHints":{"allow":["GET"]}}],"collection":[{"href":"https:\/\/www.europesays.com\/pl\/wp-json\/wp\/v2\/posts"}],"about":[{"href":"https:\/\/www.europesays.com\/pl\/wp-json\/wp\/v2\/types\/post"}],"author":[{"embeddable":true,"href":"https:\/\/www.europesays.com\/pl\/wp-json\/wp\/v2\/users\/2"}],"replies":[{"embeddable":true,"href":"https:\/\/www.europesays.com\/pl\/wp-json\/wp\/v2\/comments?post=658142"}],"version-history":[{"count":0,"href":"https:\/\/www.europesays.com\/pl\/wp-json\/wp\/v2\/posts\/658142\/revisions"}],"wp:featuredmedia":[{"embeddable":true,"href":"https:\/\/www.europesays.com\/pl\/wp-json\/wp\/v2\/media\/658143"}],"wp:attachment":[{"href":"https:\/\/www.europesays.com\/pl\/wp-json\/wp\/v2\/media?parent=658142"}],"wp:term":[{"taxonomy":"category","embeddable":true,"href":"https:\/\/www.europesays.com\/pl\/wp-json\/wp\/v2\/categories?post=658142"},{"taxonomy":"post_tag","embeddable":true,"href":"https:\/\/www.europesays.com\/pl\/wp-json\/wp\/v2\/tags?post=658142"}],"curies":[{"name":"wp","href":"https:\/\/api.w.org\/{rel}","templated":true}]}}