{"id":658146,"date":"2026-08-31T16:15:24","date_gmt":"2026-08-31T16:15:24","guid":{"rendered":"https:\/\/www.europesays.com\/pl\/658146\/"},"modified":"2026-08-31T16:15:24","modified_gmt":"2026-08-31T16:15:24","slug":"samsung-ma-zaskakujacy-problem-ze-swoim-najnowszym-flagowcem","status":"publish","type":"post","link":"https:\/\/www.europesays.com\/pl\/658146\/","title":{"rendered":"Samsung ma zaskakuj\u0105cy problem ze swoim najnowszym flagowcem"},"content":{"rendered":"<p>\t\t\t\t\t\t\t\t\t\t\t\t\t\t\t\t\t\t\t\t\t\t\t\t\t\t<a class=\"prefer-google-source__link\" href=\"https:\/\/www.google.com\/preferences\/source?q=tabletowo.pl\" target=\"_blank\" rel=\"noopener nofollow\" data-prefer-source-position=\"before-content\">Dodaj Tabletowo jako preferowane \u017ar\u00f3d\u0142o w GoogleNasze artyku\u0142y b\u0119d\u0105 cz\u0119\u015bciej pojawia\u0107 si\u0119 w Twoich wynikach<\/a><\/p>\n<p class=\"wp-block-paragraph\">Smartfon Samsung Galaxy Z Fold 8 zaskoczy\u0142 producenta, jednak okazuje si\u0119, \u017ce nie tylko pozytywnie. Korea\u0144czycy maj\u0105 bowiem niespodziewany problem z tym modelem.<\/p>\n<p>Smartfon Samsung Galaxy Z Fold 8 nie mo\u017ce by\u0107 produkowany w potrzebnych ilo\u015bciach przez jeden komponent<\/p>\n<p class=\"wp-block-paragraph\">Najnowszy sk\u0142adany <a href=\"https:\/\/www.tabletowo.pl\/premiera-samsung-galaxy-z-fold-8-ultra-galaxyzflip8\/\" data-type=\"post\" data-id=\"1064884\" rel=\"nofollow noopener\" target=\"_blank\">smartfon Samsung Galaxy Z Fold 8 zosta\u0142 zaprezentowany 22 lipca 2026 roku<\/a> i bardzo szybko okaza\u0142o si\u0119, \u017ce wzbudzi\u0142 ogromne zainteresowanie w\u015br\u00f3d klient\u00f3w, przez co niekt\u00f3rzy musieli wykaza\u0107 si\u0119 nadprzeci\u0119tn\u0105 cierpliwo\u015bci\u0105 z powodu d\u0142ugiego oczekiwania na dostaw\u0119 swojego egzemplarza.<\/p>\n<p class=\"wp-block-paragraph\">Korea\u0144czycy szybko zareagowali na nadspodziewany popyt na <a href=\"https:\/\/www.tabletowo.pl\/recenzja-samsunga-galaxy-z-fold-8-test-opinia\/\" data-type=\"post\" data-id=\"1068601\" rel=\"nofollow noopener\" target=\"_blank\">Samsunga Galaxy Z Fold 8<\/a>, jednak okazuje si\u0119, \u017ce na drodze stan\u0105\u0142 im\u2026 Display Driver IC, czyli sterownik do wy\u015bwietlacza. Serwis ZDNET Korea twierdzi bowiem, \u017ce pomimo zwi\u0119kszenia zam\u00f3wie\u0144 na ten element, firma nie otrzyma oczekiwanej liczby niezb\u0119dnego do produkcji komponentu w oczekiwanym przez siebie (kr\u00f3tkim) czasie.<\/p>\n<p><a href=\"https:\/\/www.tabletowo.pl\/wp-content\/uploads\/2026\/08\/recenzja-samsunga-galaxy-z-fold-8-tabletowo-pura-14.jpg\" rel=\"nofollow noopener\" target=\"_blank\"><img width=\"1350\" height=\"900\" src=\"https:\/\/www.europesays.com\/pl\/wp-content\/uploads\/2026\/08\/1788192924_331_recenzja-samsunga-galaxy-z-fold-8-tabletowo-pura-14-1350x900.jpg\" alt=\"samsung galaxy z fold 8\" class=\"wp-image-1068714\" decoding=\"async\" loading=\"lazy\"\/><\/a>Samsung Galaxy Z Fold 8 \u2013 fot. Katarzyna Pura | Tabletowo.pl<\/p>\n<p class=\"wp-block-paragraph\">Dostawc\u0105 tych uk\u0142ad\u00f3w jest UMC z Tajwanu, kt\u00f3rego moce produkcyjne aktualnie nie pozwalaj\u0105 na zwi\u0119kszenie wolumenu produkcji, poniewa\u017c osi\u0105gni\u0119to ju\u017c maksymalny limit. Obecnie Tajwa\u0144czycy maj\u0105 produkowa\u0107 inne podzespo\u0142y na swoich liniach, wykorzystuj\u0105cych ten sam proces technologiczny 22 nm.<\/p>\n<p>Przez ten niespodziewany problem smartfon Samsung Galaxy Z Fold 8 mo\u017ce sprzeda\u0107 si\u0119 gorzej ni\u017c by m\u00f3g\u0142<\/p>\n<p class=\"wp-block-paragraph\">Sytuacja jest wr\u0119cz podbramkowa, poniewa\u017c Korea\u0144czycy zmuszeni s\u0105 wykorzysta\u0107 wszystkie dost\u0119pne sterowniki do Samsunga Galaxy Z Fold 8, aby w maksymalnym stopniu odpowiedzie\u0107 na nadspodziewanie wysoki popyt na ten model. To jednak mo\u017ce nie wystarczy\u0107.<\/p>\n<p class=\"wp-block-paragraph\">Na swoje nieszcz\u0119\u015bcie nie mog\u0105 wykorzysta\u0107 w nim sterownik\u00f3w, u\u017cywanych w <a href=\"https:\/\/www.tabletowo.pl\/recenzja-samsung-galaxy-z-fold-8-ultra-test\/\" data-type=\"post\" data-id=\"1067339\" rel=\"nofollow noopener\" target=\"_blank\">Galaxy Z Fold 8 Ultra<\/a> i <a href=\"https:\/\/www.tabletowo.pl\/recenzja-samsung-galaxy-z-flip-8-test-opinia\/\" data-type=\"post\" data-id=\"1068006\" rel=\"nofollow noopener\" target=\"_blank\">Galaxy Z Flip 8<\/a>, poniewa\u017c w ka\u017cdym modelu jest on inny \u2013 nie ma mo\u017cliwo\u015bci \u201eprzesuni\u0119cia\u201d jak w przypadku RAM czy pami\u0119ci flash, gdy\u017c te s\u0105 uniwersalne.<\/p>\n<p class=\"wp-block-paragraph\">Wed\u0142ug portalu ZDNET Korea wyprodukowanie sterownika ekranu trwa nawet 4 miesi\u0105ce. Przyspieszenie produkcji \u2013 teoretycznie \u2013 jest mo\u017cliwe, lecz z uwagi na ca\u0142kowite ob\u0142o\u017cenie mocy produkcyjnych UMC <a href=\"https:\/\/zdnet.co.kr\/view\/?no=20260828153538\" target=\"_blank\" rel=\"noopener nofollow\">mia\u0142o stwierdzi\u0107<\/a>, \u017ce \u201ejest to trudne\u201d. Wi\u0105za\u0142oby si\u0119 to bowiem z op\u00f3\u017anieniem dostarczenia gotowych produkt\u00f3w dla innych firm.<\/p>\n","protected":false},"excerpt":{"rendered":"Dodaj Tabletowo jako preferowane \u017ar\u00f3d\u0142o w GoogleNasze artyku\u0142y b\u0119d\u0105 cz\u0119\u015bciej pojawia\u0107 si\u0119 w Twoich wynikach Smartfon Samsung Galaxy&hellip;\n","protected":false},"author":2,"featured_media":658147,"comment_status":"","ping_status":"","sticky":false,"template":"","format":"standard","meta":{"footnotes":"","_share_on_mastodon":"0"},"categories":[20],"tags":[120,118,119,42,38,40,39,41,116,114,115,121,117],"class_list":["post-658146","post","type-post","status-publish","format-standard","has-post-thumbnail","category-nauka-i-technika","tag-nauka","tag-nauka-i-technika","tag-naukatechnika","tag-pl","tag-poland","tag-polish","tag-polska","tag-polski","tag-science","tag-science-and-technology","tag-sciencetechnology","tag-technika","tag-technology"],"share_on_mastodon":{"url":"https:\/\/pubeurope.com\/@pl\/117191018043590539","error":""},"_links":{"self":[{"href":"https:\/\/www.europesays.com\/pl\/wp-json\/wp\/v2\/posts\/658146","targetHints":{"allow":["GET"]}}],"collection":[{"href":"https:\/\/www.europesays.com\/pl\/wp-json\/wp\/v2\/posts"}],"about":[{"href":"https:\/\/www.europesays.com\/pl\/wp-json\/wp\/v2\/types\/post"}],"author":[{"embeddable":true,"href":"https:\/\/www.europesays.com\/pl\/wp-json\/wp\/v2\/users\/2"}],"replies":[{"embeddable":true,"href":"https:\/\/www.europesays.com\/pl\/wp-json\/wp\/v2\/comments?post=658146"}],"version-history":[{"count":0,"href":"https:\/\/www.europesays.com\/pl\/wp-json\/wp\/v2\/posts\/658146\/revisions"}],"wp:featuredmedia":[{"embeddable":true,"href":"https:\/\/www.europesays.com\/pl\/wp-json\/wp\/v2\/media\/658147"}],"wp:attachment":[{"href":"https:\/\/www.europesays.com\/pl\/wp-json\/wp\/v2\/media?parent=658146"}],"wp:term":[{"taxonomy":"category","embeddable":true,"href":"https:\/\/www.europesays.com\/pl\/wp-json\/wp\/v2\/categories?post=658146"},{"taxonomy":"post_tag","embeddable":true,"href":"https:\/\/www.europesays.com\/pl\/wp-json\/wp\/v2\/tags?post=658146"}],"curies":[{"name":"wp","href":"https:\/\/api.w.org\/{rel}","templated":true}]}}