{"id":658150,"date":"2026-08-31T16:17:20","date_gmt":"2026-08-31T16:17:20","guid":{"rendered":"https:\/\/www.europesays.com\/pl\/658150\/"},"modified":"2026-08-31T16:17:20","modified_gmt":"2026-08-31T16:17:20","slug":"luksusowe-nieruchomosci-marka-zuckerberga-irlandzki-zamek-dolacza-do-kolekcji","status":"publish","type":"post","link":"https:\/\/www.europesays.com\/pl\/658150\/","title":{"rendered":"Luksusowe nieruchomo\u015bci Marka Zuckerberga. Irlandzki zamek do\u0142\u0105cza do kolekcji"},"content":{"rendered":"<p>Warto\u015b\u0107 portfolio nieruchomo\u015bci zgromadzonych przez <a href=\"https:\/\/plejada.pl\/temat\/mark-zuckerberg\/8xcppt1\" id=\"4c56291d-203d-477c-adf5-4e9eddbb023c\" rel=\"nofollow noopener\" target=\"_blank\">Marka Zuckenberga<\/a> zbli\u017ca si\u0119 do 500 mln dol. Do niedawna wszystkie posiad\u0142o\u015bci miliardera znajdowa\u0142y si\u0119 w USA. Teraz sytuacja si\u0119 zmieni\u0142a. Rzecznik za\u0142o\u017cyciela Meta potwierdzi\u0142, \u017ce Zuckerberg i jego \u017cona, Priscilla Chan, kupili 200-letni zamek w hrabstwie Waterford w Irlandii.<\/p>\n<p>&#8222;Mark i jego rodzina ciesz\u0105 si\u0119, \u017ce b\u0119d\u0105 mogli dalej opiekowa\u0107 si\u0119 tym historycznym domem. Z niecierpliwo\u015bci\u0105 czekaj\u0105 r\u00f3wnie\u017c na sp\u0119dzanie czasu w Irlandii, gdzie Meta ma swoj\u0105 mi\u0119dzynarodow\u0105 siedzib\u0119&#8221; \u2014 przekaza\u0142 w o\u015bwiadczeniu przes\u0142anym e-mailem do Business Insidera Brian Baker.<\/p>\n<p><a href=\"https:\/\/www.onet.pl\/\" title=\"Strona G\u0142\u00f3wna\" aria-label=\"Strona G\u0142\u00f3wna\" data-astro-prefetch=\"tap\" class=\"ods-a-logo-main-desktop\" rel=\"nofollow noopener\" target=\"_blank\"><img src=\"https:\/\/cdn.plejada.pl\/img\/Logo_desktop_Onet.svg\" class=\"ods-a-logo-main-desktop__image\" alt=\"Logo\" width=\"107\" height=\"60\" fetchpriority=\"high\" decoding=\"sync\" style=\"height:60px\"\/><\/a><\/p>\n<p class=\"ods-m-google-article__text\">Czytaj nas cz\u0119\u015bciej w Google<\/p>\n<p><a href=\"https:\/\/google.com\/preferences\/source?q=plejada.pl\" target=\"_blank\" rel=\"noopener noreferrer nofollow\" aria-label=\"Dodaj w Google\" title=\"Dodaj w Google\" class=\"ods-a-button ods-a-button__primary ods-a-button__default ods-a-button-l\">Dodaj w Google<\/a><\/p>\n<p>Wed\u0142ug &#8222;The Irish Times&#8221; gotycka rezydencja, wybudowana w 1830 r., jest warta nawet 35 mln dol. (ponad 130 mln z\u0142). Ma 11 sypialni, a tak\u017ce basen. Wcze\u015bniej w\u0142a\u015bcicielami nieruchomo\u015bci byli Michael Alen-Buckley, wsp\u00f3\u0142za\u0142o\u017cyciel prywatnej firmy inwestycyjnej RAB Capital, oraz jego \u017cona Giancarla. W rozmowie z &#8222;The New York Times&#8221; para powiedzia\u0142a, \u017ce jest &#8222;wdzi\u0119czna za mo\u017cliwo\u015b\u0107 uratowania i odrestaurowania zamku Strancally&#8221;. &#8222;Cieszymy si\u0119, \u017ce Mark i jego rodzina zamierzaj\u0105 kontynuowa\u0107 nasz\u0105 opiek\u0119 nad posiad\u0142o\u015bci\u0105, inwestuj\u0105c w jej utrzymanie i dalsze ulepszanie zar\u00f3wno budynku, jak i otaczaj\u0105cych go teren\u00f3w, kt\u00f3re b\u0119d\u0105 ich domem&#8221; \u2014 dodali.<\/p>\n<p><img class=\"ods-a-photo ods-a-photo--background\" src=\"https:\/\/www.europesays.com\/pl\/wp-content\/uploads\/2026\/08\/1788193039_997_FAZk9lBaHR0cHM6Ly9vY2RuLmV1L3B1bHNjbXMvTURBXy83NjIwNDAyZjgxMWUxZTA2OWM0NTlkNWEzYWZjZTlmZi5qcGeRlQLNA.jpeg\" height=\"281\" width=\"450\" alt=\"Mark Zuckerberg, Donald Trump\" loading=\"lazy\" fetchpriority=\"low\" decoding=\"async\"\/>Kolekcjoner luksusowych nieruchomo\u015bci<\/p>\n<p>Zamek w Europie to najnowszy nabytek w imponuj\u0105cym portfolio nieruchomo\u015bci Marka Zuckerberga. Ten jeden z najwi\u0119kszych gigant\u00f3w technologicznych jest w\u0142a\u015bcicielem pi\u0119ciu dom\u00f3w w dzielnicy Crescent Park w Palo Alto. Pierwszy kupi\u0142 w maju 2011 r. za 7 mln dol. Nast\u0119pnie wyda\u0142 ponad 43 mln dol. na cztery kolejne nieruchomo\u015bci otaczaj\u0105ce jego pierwotny dom. Wed\u0142ug CNBC dom zosta\u0142 wyposa\u017cony m.in. w &#8222;wykonanego na zam\u00f3wienie asystenta wykorzystuj\u0105cego sztuczn\u0105 inteligencj\u0119&#8221;. Nieruchomo\u015b\u0107 znajduje si\u0119 zaledwie 10 minut jazdy samochodem od siedziby Meta w Menlo Park.<\/p>\n<p>W 2019 r. szef Meta kupi\u0142 dwie s\u0105siaduj\u0105ce ze sob\u0105 posiad\u0142o\u015bci nad jeziorem Tahoe. Zap\u0142aci\u0142 59 mln dol. Dokumenty podatkowe obu nieruchomo\u015bci \u2014 znanych jako Carousel Estate i Brushwood Estate \u2014 wskazuj\u0105 ten sam adres, kt\u00f3ry pojawia si\u0119 r\u00f3wnie\u017c w dokumentach dotycz\u0105cych innych posiad\u0142o\u015bci powi\u0105zanych z Zuckerbergiem. Trzy lata p\u00f3\u017aniej miliarder sprzeda\u0142 sw\u00f3j dom w San Francisco za \u2014 jak informowano \u2014 31 mln dol. Mia\u0142 kupi\u0107 go w 2010 r. za 10 mln dol.<\/p>\n<p>Dalszy ci\u0105g artyku\u0142u pod materia\u0142em wideo<\/p>\n<p>Nie wiadomo dok\u0142adnie, ile hektar\u00f3w ziemi Mark Zuckerberg obecnie posiada na Hawajach. Skupowanie teren\u00f3w na wyspie Kauai rozpocz\u0105\u0142 w 2014 r. Business Insider zidentyfikowa\u0142 co najmniej 1200 akr\u00f3w obejmuj\u0105cych 17 dzia\u0142ek, kt\u00f3re maj\u0105 ten sam adres podatkowy co inne nieruchomo\u015bci szefa Meta. Ich w\u0142a\u015bcicielami s\u0105 sp\u00f3\u0142ki LLC, w tym Kahu&#8217;aina Holdings LLC i Pila&#8217;a International LLC.<\/p>\n<p>Wspomniane 1200 akr\u00f3w obejmuje oko\u0142o 750 akr\u00f3w, za kt\u00f3re Zuckerberg mia\u0142 zap\u0142aci\u0107 w 2014 r. 100 mln dol. Na tym terenie znajduje si\u0119 ponad 350 akr\u00f3w wzd\u0142u\u017c pla\u017cy Pila&#8217;a. Kolejn\u0105 cz\u0119\u015bci\u0105 hawajskiego imperium jest niemal 600 akr\u00f3w ziemi na p\u00f3\u0142nocnym wybrze\u017cu Kauai, za kt\u00f3re w 2021 r. szef Meta mia\u0142 zap\u0142aci\u0107 ok. 53 mln dol. <\/p>\n<p>Na jednej z dzia\u0142ek powstaje Koolau Ranch \u2014 ogromny kompleks, kt\u00f3ry wed\u0142ug doniesie\u0144 b\u0119dzie obejmowa\u0142 <a href=\"https:\/\/plejada.pl\/zagraniczni-celebryci\/mark-zuckerberg-przerwal-milczenie-chodzi-o-bunkier-zaglady-za-100-mln-dol\/fj43dp9\" id=\"8e234ab5-eb44-4ee8-8d85-7a9692adf306\" rel=\"nofollow noopener\" target=\"_blank\">podziemny &#8222;bunkier zag\u0142ady&#8221;<\/a> o powierzchni oko\u0142o 5000 st\u00f3p kwadratowych, wyposa\u017cony w wyj\u015bcie awaryjne. Magazyn &#8222;Wired&#8221; informowa\u0142, \u017ce zakup ziemi i stworzenie ca\u0142ej posiad\u0142o\u015bci kosztowa\u0142y szacunkowo 270 mln dol.W marcu 2025 r. Zuckerberg kupi\u0142 rezydencj\u0119 w Waszyngtonie o powierzchni 15 tys. st\u00f3p kwadratowych. Dom znajduje si\u0119 w dzielnicy Massachusetts Avenue Heights, 3 km od Bia\u0142ego Domu, i \u2014 wed\u0142ug Politico \u2014 zosta\u0142 sprzedany za &#8222;23 mln dol. w got\u00f3wce&#8221;. <a href=\"https:\/\/plejada.pl\/zagraniczni-celebryci\/mark-zuckerberg-zostal-sasiadem-donalda-trumpa-kupil-rezydencje-za-23-mln-dol\/mh2gyhz\" id=\"279597fc-4b20-4576-a312-522b38dca547\" rel=\"nofollow noopener\" target=\"_blank\">Strony przeprowadzi\u0142y transakcj\u0119 prywatnie<\/a>, bior\u0105c pod uwag\u0119 szybki zwrot z zakupu.Rok p\u00f3\u017aniej ameryka\u0144skie media ujawni\u0142y, \u017ce prezes Meta i jego \u017cona <a href=\"https:\/\/plejada.pl\/newsy\/mark-zuckerberg-bije-rekordy-na-rynku-nieruchomosci-170-mln-dol-za-rezydencje\/grdgqn2\" id=\"f317d411-caa3-45a8-aa33-234effa68c7e\" rel=\"nofollow noopener\" target=\"_blank\">zostali w\u0142a\u015bcicielami nieruchomo\u015bci na Florydzie<\/a>. Rezydencja na ekskluzywnej wyspie Indian Creek w Miami, znanej jako Billionaire Bunker (bunkier miliarder\u00f3w), by\u0142a wystawiona na sprzeda\u017c za 200 mln dol. Zuckerberg i Chan zbili cen\u0119 do 170 mln dol. Stali si\u0119 s\u0105siadami m.in. <a href=\"https:\/\/plejada.pl\/temat\/jeff-bezos\/1x5wlm8\" id=\"6be2a5f9-76a3-42e9-ac6f-b28609c31b71\" rel=\"nofollow noopener\" target=\"_blank\">Jeffa Bezosa<\/a>, Toma Brady&#8217;ego, <a href=\"https:\/\/plejada.pl\/newsy\/julio-iglesias-z-zarzutami-o-handel-ludzmi-i-molestowanie-opublikowal-oswiadczenie\/2djzg9q\" id=\"a54d451d-d671-48c1-a683-d4d84e4fe231\" rel=\"nofollow noopener\" target=\"_blank\">Julia Iglesiasa<\/a>, <a href=\"https:\/\/plejada.pl\/temat\/ivanka-trump\/t40t3qv\" id=\"5376c9b8-e463-4734-b4af-713a3d5020b9\" rel=\"nofollow noopener\" target=\"_blank\">Ivanki Trump<\/a> i <a href=\"https:\/\/plejada.pl\/temat\/jared-kushner\/vdq3vqw\" id=\"e46a2501-7adc-4c84-b588-61aa7c2cf832\" rel=\"nofollow noopener\" target=\"_blank\">Jareda Kushnera<\/a>. &#8222;To nie jest zwyk\u0142y zakup domu. To pokaz si\u0142y miliardera z Doliny Krzemowej&#8221; \u2014 oceni\u0142 &#8222;The Wall Street Journal&#8221;.<img class=\"ods-a-photo ods-a-photo--background\" src=\"https:\/\/www.europesays.com\/pl\/wp-content\/uploads\/2026\/08\/IMGk9lBaHR0cHM6Ly9vY2RuLmV1L3B1bHNjbXMvTURBXy85NzkxMTcwZTYxNGExNjdjNjI0OGM4MTNlNzI3YWQ2ZC5qcGeRkwXNB.jpeg\" height=\"588\" width=\"940\" alt=\"Priscilla Chan, Mark Zuckerberg, Jeff Bezos\" loading=\"lazy\" fetchpriority=\"auto\" decoding=\"auto\" url=\"https:\/\/ocdn.eu\/pulscms\/MDA_\/9791170e614a167c6248c813e727ad6d.jpg\" description=\"Priscilla Chan, Mark Zuckerberg, Jeff Bezos\" author=\"Lev Radin, Instagram\/@zuck \/ Shutterstock\" source=\"\" link=\"\"\/><\/p>\n<p>Lev Radin, Instagram\/@zuck \/ Shutterstock<\/p>\n<p>Priscilla Chan, Mark Zuckerberg, Jeff Bezos<\/p>\n<p>Dzi\u0119kujemy, \u017ce przeczyta\u0142a\u015b\/e\u015b nasz artyku\u0142 do ko\u0144ca. W serwisie Plejada.pl ka\u017cdego dnia piszemy o najwa\u017cniejszych wydarzeniach show-biznesowych. B\u0105d\u017a na bie\u017c\u0105co!<a rel=\"nofollow noopener\" href=\"https:\/\/profile.google.com\/cp\/Cg0vZy8xMWJ6X19wdHBx\" id=\"e4db3276-a9da-48b8-b2b6-a425dfd5e46e\" target=\"_blank\"> Obserwuj<\/a> Plejad\u0119 w Google. Odwied\u017a nas tak\u017ce na<a rel=\"nofollow noopener\" href=\"https:\/\/www.facebook.com\/plejadapl\" id=\"1c81406d-614e-4f4e-9eca-84c2492a5440\" target=\"_blank\"> Facebooku<\/a>,<a rel=\"nofollow noopener\" href=\"https:\/\/www.instagram.com\/plejadapl\/\" id=\"d78d44bb-e12a-4595-b302-408e2cbf947f\" target=\"_blank\"> Instagramie<\/a>,<a rel=\"nofollow noopener\" href=\"https:\/\/www.youtube.com\/c\/plejada\" id=\"a332375d-066a-4ba7-a781-648b4f3beede\" target=\"_blank\"> YouTubie<\/a> oraz<a rel=\"nofollow noopener\" href=\"https:\/\/www.tiktok.com\/@plejada_pl\" id=\"7d462acd-2cda-4b40-829a-8454be501850\" target=\"_blank\"> TikToku<\/a>.Chcesz podzieli\u0107 si\u0119 ciekawym newsem lub zaproponowa\u0107 temat? Skontaktuj si\u0119 z nami, pisz\u0105c maila na adres: <a rel=\"nofollow noopener\" href=\"https:\/\/plejada.pl\/newsy\/luksusowe-nieruchomosci-marka-zuckerberga-irlandzki-zamek-dolacza-do-kolekcji\/mailto:plejada@redakcjaonet.pl\" id=\"478a71f8-ae20-4d66-9869-cb8815b7816a\" target=\"_blank\">plejada@redakcjaonet.pl<\/a>.<script async src=\"\/\/www.instagram.com\/embed.js\"><\/script><script async src=\"\/\/www.tiktok.com\/embed.js\"><\/script><\/p>\n","protected":false},"excerpt":{"rendered":"Warto\u015b\u0107 portfolio nieruchomo\u015bci zgromadzonych przez Marka Zuckenberga zbli\u017ca si\u0119 do 500 mln dol. Do niedawna wszystkie posiad\u0142o\u015bci miliardera&hellip;\n","protected":false},"author":2,"featured_media":658151,"comment_status":"","ping_status":"","sticky":false,"template":"","format":"standard","meta":{"footnotes":"","_share_on_mastodon":"0"},"categories":[14],"tags":[61195,32,33,27,7257,43804,11049,488,34,35,487,76750,28,31,48,25,125,1138,46,40,41,47,80,29,30,26,82,83,84,3048],"class_list":["post-658150","post","type-post","status-publish","format-standard","has-post-thumbnail","category-swiat","tag-bottomfeed_styl","tag-breaking-news","tag-breakingnews","tag-headlines","tag-irlandia","tag-ivanka_trump","tag-jared_kushner","tag-jeff_bezos","tag-latest-news","tag-latestnews","tag-mark_zuckerberg","tag-milionerzy_miliarderzy","tag-naglowki","tag-najwazniejsze-artykuly","tag-nat_styl","tag-news","tag-newsy","tag-nieruchomosci","tag-omp","tag-polish","tag-polski","tag-screening_general","tag-swiat","tag-top-stories","tag-topstories","tag-wiadomosci","tag-world","tag-world-news","tag-worldnews","tag-zagraniczne_gwiazdy"],"share_on_mastodon":{"url":"https:\/\/pubeurope.com\/@pl\/117191027254829126","error":""},"_links":{"self":[{"href":"https:\/\/www.europesays.com\/pl\/wp-json\/wp\/v2\/posts\/658150","targetHints":{"allow":["GET"]}}],"collection":[{"href":"https:\/\/www.europesays.com\/pl\/wp-json\/wp\/v2\/posts"}],"about":[{"href":"https:\/\/www.europesays.com\/pl\/wp-json\/wp\/v2\/types\/post"}],"author":[{"embeddable":true,"href":"https:\/\/www.europesays.com\/pl\/wp-json\/wp\/v2\/users\/2"}],"replies":[{"embeddable":true,"href":"https:\/\/www.europesays.com\/pl\/wp-json\/wp\/v2\/comments?post=658150"}],"version-history":[{"count":0,"href":"https:\/\/www.europesays.com\/pl\/wp-json\/wp\/v2\/posts\/658150\/revisions"}],"wp:featuredmedia":[{"embeddable":true,"href":"https:\/\/www.europesays.com\/pl\/wp-json\/wp\/v2\/media\/658151"}],"wp:attachment":[{"href":"https:\/\/www.europesays.com\/pl\/wp-json\/wp\/v2\/media?parent=658150"}],"wp:term":[{"taxonomy":"category","embeddable":true,"href":"https:\/\/www.europesays.com\/pl\/wp-json\/wp\/v2\/categories?post=658150"},{"taxonomy":"post_tag","embeddable":true,"href":"https:\/\/www.europesays.com\/pl\/wp-json\/wp\/v2\/tags?post=658150"}],"curies":[{"name":"wp","href":"https:\/\/api.w.org\/{rel}","templated":true}]}}