{"id":658186,"date":"2026-08-31T16:43:10","date_gmt":"2026-08-31T16:43:10","guid":{"rendered":"https:\/\/www.europesays.com\/pl\/658186\/"},"modified":"2026-08-31T16:43:10","modified_gmt":"2026-08-31T16:43:10","slug":"to-koniec-messi-oglosil-wazna-decyzje","status":"publish","type":"post","link":"https:\/\/www.europesays.com\/pl\/658186\/","title":{"rendered":"To koniec. Messi og\u0142osi\u0142 wa\u017cn\u0105 decyzj\u0119"},"content":{"rendered":"\n<p class=\"contentpart contentpart--default contentpart--text\" data-position=\"0\">Debiutowa\u0142 17 sierpnia 2005 roku. Rozegra\u0142 207 mecz\u00f3w w reprezentacji Argentyny &#8211; strzeli\u0142 125 goli i zanotowa\u0142 68 asyst.<\/p>\n<p class=\"contentpart contentpart--default contentpart--text\" data-position=\"1\">Na tym jednak koniec. W wieku 39 lat\u00a0Lionel Messi poinformowa\u0142 w poniedzia\u0142ek o zako\u0144czeniu reprezentacyjnej kariery.<\/p>\n<p>  <img decoding=\"async\" src=\"https:\/\/v.wpimg.pl\/X3dwLnN2d1IFFTpdYUl6R0ZNbgcnEHQREVV2TGEGbUtRT2MdOlZ2RBQUKABgQjQcDRotCStBd1IAAWMeIlM7VgwYIAorQAdEFFk_GCkQJQ\" alt=\"\" width=\"45\" height=\"58\" loading=\"lazy\"\/>  <\/p>\n<p class=\"contentpart contentpart--default contentpart--text\" data-position=\"2\">&#8211; Po czasie, kt\u00f3ry min\u0105\u0142 od zako\u0144czeniu fina\u0142u mistrzostw \u015bwiata i d\u0142ugim namy\u015ble, chc\u0119 og\u0142osi\u0107 wszystkim, \u017ce odchodz\u0119 z reprezentacji &#8211; napisa\u0142 Messi na swoim Instagramie.<\/p>\n<p class=\"contentpart contentpart--default contentpart--text\" data-position=\"3\">ZOBACZ WIDEO: Ameryka\u0144ski gwiazdor zwr\u00f3ci\u0142 si\u0119 do Lewandowskiego. &#8222;Musisz uwa\u017ca\u0107 na jedzenie&#8221;<\/p>\n<p class=\"contentpart contentpart--default contentpart--text\" data-position=\"5\">&#8222;To by\u0142a decyzja, kt\u00f3ra mnie bola\u0142a i nadal boli, ale rozumiem, \u017ce to w\u0142a\u015bciwy moment. Przysi\u0119gam, \u017ce zawsze dawa\u0142em z siebie wszystko, nie tylko w ostatnich latach, kiedy wygrywali\u015bmy wszystko, ale tak\u017ce wcze\u015bniej. Zawsze walczy\u0142em i dawa\u0142em z siebie wszystko dla tej koszulki, aby przynosi\u0107 wam rado\u015b\u0107 i dum\u0119 z bycia Argenty\u0144czykiem poprzez pi\u0142k\u0119 no\u017cn\u0105&#8221; &#8211; przekaza\u0142 Messi.<\/p>\n<p class=\"contentpart contentpart--default contentpart--text\" data-position=\"6\">&#8222;Nie zosta\u0142o wiele czasu, rozdzia\u0142y si\u0119 zamykaj\u0105, a ten jest jednym z tych, kt\u00f3re bardzo mnie bol\u0105. Kocham, kocha\u0142em i zawsze b\u0119d\u0119 kocha\u0142 gr\u0119 w reprezentacji. Da\u0142em z siebie wszystko &#8211; nie mam nic wi\u0119cej do zaoferowania, a poza tym, za mn\u0105 id\u0105 wspaniali m\u0142odzi zawodnicy, kt\u00f3rzy zas\u0142uguj\u0105 na to, \u017ceby tam by\u0107.&#8221;<\/p>\n<p>  <img decoding=\"async\" src=\"https:\/\/v.wpimg.pl\/X3dwLnN2d1IFFTpdYUl6R0ZNbgcnEHQREVV2TGEGbUtRT2MdOlZ2RBQUKABgQjQcDRotCStBd1IAAWMeIlM7VgwYIAorQAdEFFk_GCkQJQ\" alt=\"\" width=\"45\" height=\"58\" loading=\"lazy\"\/>  <\/p>\n<p class=\"contentpart contentpart--default contentpart--text\" data-position=\"7\">Jak si\u0119 okaza\u0142o &#8211; jego ostatnim meczem w reprezentacji by\u0142 przegrany fina\u0142 mistrzostw \u015bwiata przeciwko Hiszpanii (0:1).<\/p>\n<p>  <img decoding=\"async\" src=\"https:\/\/www.europesays.com\/pl\/wp-content\/uploads\/2026\/08\/ODcxNTYuYCUCGjhndg5tMEFCbD0wV2NmFlp0dnZCeHQbVz0ydBIuKA8dPC13Aj8nBxZgJDVaPywMDCEndkMufVZBLWBoE30hWk58.jpeg\" alt=\"\" width=\"770\" height=\"\" loading=\"lazy\"\/>   <\/p>\n<p class=\"contentpart contentpart--default contentpart--text\" data-position=\"9\">&#8222;Napisa\u0142em te s\u0142owa 21 lipca, dwa dni po finale. Dzi\u015b, po tym, co sta\u0142o si\u0119 z moim tat\u0105, jestem jeszcze bardziej przekonany ni\u017c wcze\u015bniej&#8221; &#8211; podkre\u015bli\u0142 Messi na sam koniec.<\/p>\n<p class=\"contentpart contentpart--default contentpart--text\" data-position=\"10\">W najbli\u017cszym czasie przekonamy si\u0119, co z dalsz\u0105 karier\u0105 pi\u0142karsk\u0105. Przypomnijmy, \u017ce Messi ma wa\u017cny kontrakt z Interem Miami do ko\u0144ca 2028 roku.<\/p>\n","protected":false},"excerpt":{"rendered":"Debiutowa\u0142 17 sierpnia 2005 roku. Rozegra\u0142 207 mecz\u00f3w w reprezentacji Argentyny &#8211; strzeli\u0142 125 goli i zanotowa\u0142 68&hellip;\n","protected":false},"author":2,"featured_media":658187,"comment_status":"","ping_status":"","sticky":false,"template":"","format":"standard","meta":{"footnotes":"","_share_on_mastodon":"0"},"categories":[24],"tags":[968,1278,3037,9090,989,269,1286,42,38,40,39,41,1287,127,126],"class_list":["post-658186","post","type-post","status-publish","format-standard","has-post-thumbnail","category-sport","tag-argentyna","tag-lionel-messi","tag-mistrzostwa-swiata","tag-mistrzostwa-swiata-2026","tag-pilka-na-swiecie","tag-pilka-nozna","tag-pilka-nozna-w-argentynie","tag-pl","tag-poland","tag-polish","tag-polska","tag-polski","tag-reprezentacja-argentyny","tag-sport","tag-sports"],"share_on_mastodon":{"url":"https:\/\/pubeurope.com\/@pl\/117191129292961365","error":""},"_links":{"self":[{"href":"https:\/\/www.europesays.com\/pl\/wp-json\/wp\/v2\/posts\/658186","targetHints":{"allow":["GET"]}}],"collection":[{"href":"https:\/\/www.europesays.com\/pl\/wp-json\/wp\/v2\/posts"}],"about":[{"href":"https:\/\/www.europesays.com\/pl\/wp-json\/wp\/v2\/types\/post"}],"author":[{"embeddable":true,"href":"https:\/\/www.europesays.com\/pl\/wp-json\/wp\/v2\/users\/2"}],"replies":[{"embeddable":true,"href":"https:\/\/www.europesays.com\/pl\/wp-json\/wp\/v2\/comments?post=658186"}],"version-history":[{"count":0,"href":"https:\/\/www.europesays.com\/pl\/wp-json\/wp\/v2\/posts\/658186\/revisions"}],"wp:featuredmedia":[{"embeddable":true,"href":"https:\/\/www.europesays.com\/pl\/wp-json\/wp\/v2\/media\/658187"}],"wp:attachment":[{"href":"https:\/\/www.europesays.com\/pl\/wp-json\/wp\/v2\/media?parent=658186"}],"wp:term":[{"taxonomy":"category","embeddable":true,"href":"https:\/\/www.europesays.com\/pl\/wp-json\/wp\/v2\/categories?post=658186"},{"taxonomy":"post_tag","embeddable":true,"href":"https:\/\/www.europesays.com\/pl\/wp-json\/wp\/v2\/tags?post=658186"}],"curies":[{"name":"wp","href":"https:\/\/api.w.org\/{rel}","templated":true}]}}