{"id":658190,"date":"2026-08-31T16:45:28","date_gmt":"2026-08-31T16:45:28","guid":{"rendered":"https:\/\/www.europesays.com\/pl\/658190\/"},"modified":"2026-08-31T16:45:28","modified_gmt":"2026-08-31T16:45:28","slug":"windows-11-zmienia-konfiguracje-onedrive-nowosc-przy-instalacji","status":"publish","type":"post","link":"https:\/\/www.europesays.com\/pl\/658190\/","title":{"rendered":"Windows 11 zmienia konfiguracj\u0119 OneDrive. Nowo\u015b\u0107 przy instalacji"},"content":{"rendered":"<p>Now\u0105 opcj\u0119 Windowsa 11\u00a0zauwa\u017cono w\u00a0OOBE, czyli ekranie, kt\u00f3ry prowadzi u\u017cytkownika przez pierwsze uruchomienie komputera. To w\u0142a\u015bnie tam Microsoft pokazuje najwa\u017cniejsze us\u0142ugi systemu i\u00a0zach\u0119ca do ich w\u0142\u0105czenia ju\u017c na starcie.<\/p>\n<p>Wcze\u015bniej przy konfiguracji OneDrive nie da\u0142o si\u0119 po prostu odm\u00f3wi\u0107. U\u017cytkownik m\u00f3g\u0142 przej\u015b\u0107 dalej, ale system podsuwa\u0142 przycisk &#8222;Przypomnij mi za 3\u00a0dni&#8221;, zamiast jasnej odpowiedzi, \u017ce nie chce korzysta\u0107 z\u00a0tej funkcji.<\/p>\n<p>Teraz ten element ma dzia\u0142a\u0107 inaczej. Wed\u0142ug relacji Mayanka Parmara z\u00a0Windows Latest przycisk &#8222;Przypomnij mi za 3\u00a0dni&#8221; zast\u0105pi\u0142 napis &#8222;Zrezygnuj z\u00a0kopii zapasowej&#8221;, kt\u00f3ry pozwala od razu ca\u0142kowicie odrzuci\u0107 konfiguracj\u0119 OneDrive.<\/p>\n<p>Zmiana wydaje si\u0119 niewielka, ale dotyczy wa\u017cnego elementu obs\u0142ugi systemu. W\u00a0ostatnich latach Microsoft mia\u0142 problem z\u00a0przyjmowaniem \u015bwiadomej odmowy u\u017cytkownik\u00f3w co do korzystania z\u00a0konkretnych opcji, a\u00a0cz\u0119\u015b\u0107 os\u00f3b zarzuca\u0142a firmie projektowanie interfejsu tak, by utrudnia\u0142 rezygnacj\u0119.<\/p>\n<p>Mo\u017ce to by\u0107 kolejny element inicjatywy dzia\u0142aj\u0105cych przy projekcie Windows K2. W\u00a0tym uj\u0119ciu Microsoft ma dawa\u0107 u\u017cytkownikowi wi\u0119cej kontroli nad tym, kt\u00f3re us\u0142ugi chce uruchomi\u0107, a\u00a0z\u00a0kt\u00f3rych woli zrezygnowa\u0107 ju\u017c podczas konfiguracji Windows 11.<\/p>\n<p>Na razie jest to pojedyncza zmiana zauwa\u017cona w\u00a0procesie OOBE. Dotyczy ona OneDrive i\u00a0kopii zapasowej, a\u00a0nie ca\u0142ego zestawu us\u0142ug pokazywanych przy pierwszym uruchomieniu systemu.<\/p>\n","protected":false},"excerpt":{"rendered":"Now\u0105 opcj\u0119 Windowsa 11\u00a0zauwa\u017cono w\u00a0OOBE, czyli ekranie, kt\u00f3ry prowadzi u\u017cytkownika przez pierwsze uruchomienie komputera. To w\u0142a\u015bnie tam Microsoft&hellip;\n","protected":false},"author":2,"featured_media":658191,"comment_status":"","ping_status":"","sticky":false,"template":"","format":"standard","meta":{"footnotes":"","_share_on_mastodon":"0"},"categories":[20],"tags":[120,118,119,42,38,40,39,41,116,114,115,121,117],"class_list":["post-658190","post","type-post","status-publish","format-standard","has-post-thumbnail","category-nauka-i-technika","tag-nauka","tag-nauka-i-technika","tag-naukatechnika","tag-pl","tag-poland","tag-polish","tag-polska","tag-polski","tag-science","tag-science-and-technology","tag-sciencetechnology","tag-technika","tag-technology"],"share_on_mastodon":{"url":"https:\/\/pubeurope.com\/@pl\/117191135963529735","error":""},"_links":{"self":[{"href":"https:\/\/www.europesays.com\/pl\/wp-json\/wp\/v2\/posts\/658190","targetHints":{"allow":["GET"]}}],"collection":[{"href":"https:\/\/www.europesays.com\/pl\/wp-json\/wp\/v2\/posts"}],"about":[{"href":"https:\/\/www.europesays.com\/pl\/wp-json\/wp\/v2\/types\/post"}],"author":[{"embeddable":true,"href":"https:\/\/www.europesays.com\/pl\/wp-json\/wp\/v2\/users\/2"}],"replies":[{"embeddable":true,"href":"https:\/\/www.europesays.com\/pl\/wp-json\/wp\/v2\/comments?post=658190"}],"version-history":[{"count":0,"href":"https:\/\/www.europesays.com\/pl\/wp-json\/wp\/v2\/posts\/658190\/revisions"}],"wp:featuredmedia":[{"embeddable":true,"href":"https:\/\/www.europesays.com\/pl\/wp-json\/wp\/v2\/media\/658191"}],"wp:attachment":[{"href":"https:\/\/www.europesays.com\/pl\/wp-json\/wp\/v2\/media?parent=658190"}],"wp:term":[{"taxonomy":"category","embeddable":true,"href":"https:\/\/www.europesays.com\/pl\/wp-json\/wp\/v2\/categories?post=658190"},{"taxonomy":"post_tag","embeddable":true,"href":"https:\/\/www.europesays.com\/pl\/wp-json\/wp\/v2\/tags?post=658190"}],"curies":[{"name":"wp","href":"https:\/\/api.w.org\/{rel}","templated":true}]}}