{"id":658194,"date":"2026-08-31T16:47:11","date_gmt":"2026-08-31T16:47:11","guid":{"rendered":"https:\/\/www.europesays.com\/pl\/658194\/"},"modified":"2026-08-31T16:47:11","modified_gmt":"2026-08-31T16:47:11","slug":"bezczelne-klamstwa-izrael-grzmi-po-slowach-premiera-hiszpanii","status":"publish","type":"post","link":"https:\/\/www.europesays.com\/pl\/658194\/","title":{"rendered":"&#8222;Bezczelne k\u0142amstwa&#8221;. Izrael grzmi po s\u0142owach premiera Hiszpanii"},"content":{"rendered":"<p><a href=\"https:\/\/www.google.com\/preferences\/source?q=wiadomosci.wp.pl\" target=\"_blank\" rel=\"nofollow noopener\" class=\"preferred-source-banner\" id=\"preferred-source-banner\" data-vab-box=\"preferred_source_banner\"><\/p>\n<p class=\"preferred-source-banner-title\">Dodaj WP Wiadomo\u015bci jako preferowane \u017ar\u00f3d\u0142o w Google<\/p>\n<p class=\"preferred-source-banner-subtitle\">Nasze tre\u015bci b\u0119d\u0105 cz\u0119\u015bciej wy\u015bwietla\u0107 si\u0119 w Twoich wynikach Google<\/p>\n<p><\/a> <\/p>\n<p>Najwa\u017cniejsze informacje:<\/p>\n<ul>\n<li>Gideon Saar napisa\u0142 w\u00a0serwisie X, \u017ce Pedro Sanchez &#8222;po raz kolejny sk\u0142ama\u0142&#8221;, obci\u0105\u017caj\u0105c Izrael odpowiedzialno\u015bci\u0105 za przekazy o\u00a0Ceucie.<\/li>\n<li>Hiszpa\u0144ski premier m\u00f3wi\u0142 w\u00a0radiu Cadena SER o\u00a0dezinformacji szerzonej przez siatki powi\u0105zane z\u00a0Rosj\u0105 i\u00a0Izraelem oraz grupy skrajnie prawicowe.<\/li>\n<li>Pod koniec lipca do Ceuty z\u00a0Maroka przedosta\u0142o si\u0119 ponad 70\u00a0tys. migrant\u00f3w.<\/li>\n<li>Sanchez wykluczy\u0142 udzia\u0142 w\u0142adz Maroka, podkre\u015blaj\u0105c, \u017ce wsp\u00f3\u0142pracuj\u0105ce z\u00a0rz\u0105dem s\u0142u\u017cby wywiadowcze nie wskaza\u0142y na odpowiedzialno\u015b\u0107 Rabatu.<\/li>\n<\/ul>\n<p>Szef izraelskiej dyplomacji Gideon Saar oskar\u017cy\u0142 premiera Hiszpanii po jego wypowiedzi na temat <a href=\"https:\/\/wiadomosci.wp.pl\/mieszkancy-ceuty-maja-dosc-wyszli-na-ulice-zaprotestowac-7322845078882752a\" rel=\"noopener noreferrer nofollow\" target=\"_blank\">kryzysu migracyjnego w\u00a0Ceucie<\/a>. Zarzuci\u0142 Pedrowi Sanchezowi mijanie si\u0119 z\u00a0prawd\u0105 i\u00a0przekonywa\u0142, \u017ce szef rz\u0105du w\u00a0Madrycie pr\u00f3buje w\u00a0ten spos\u00f3b przykry\u0107 problemy w\u00a0polityce wewn\u0119trznej.<\/p>\n<p> <img role=\"presentation\" class=\"absolute left-1\/2 top-1\/2 max-h-[80%] max-w-[100px] -translate-x-1\/2 -translate-y-1\/2\" src=\"https:\/\/v.wpimg.pl\/ZXJfd3AudTkrBBIAbg54LGhcRlAxHQUrPgJGH2MAeGJoSQ1eIBI_K2UHAEVuBTY5KQMMXC0RPyoVERQdMgM9ejc\" loading=\"lazy\" decoding=\"async\"\/> <\/p>\n<p>Wpis Saara pojawi\u0142 si\u0119 po poniedzia\u0142kowym wywiadzie Sancheza w\u00a0radiu Cadena SER. Hiszpa\u0144ski premier m\u00f3wi\u0142 w\u00a0nim, \u017ce dezinformacj\u0119 dotycz\u0105c\u0105 wydarze\u0144 w\u00a0Ceucie mia\u0142y rozpowszechnia\u0107 siatki powi\u0105zane z\u00a0Rosj\u0105 i\u00a0Izraelem oraz grupy skrajnie prawicowe.<\/p>\n<p>Szef MSZ Izraela oskar\u017ca hiszpa\u0144skiego premiera<\/p>\n<p>Saar odni\u00f3s\u0142 si\u0119 do s\u0142\u00f3w Sancheza w\u00a0serwisie X. &#8222;Sanchez po raz kolejny sk\u0142ama\u0142, w\u00a0zadziwiaj\u0105cy spos\u00f3b oskar\u017caj\u0105c Izrael o\u00a0rozpowszechnianie wprowadzaj\u0105cych w\u00a0b\u0142\u0105d informacji na temat wydarze\u0144 w\u00a0Ceucie&#8221; &#8211; napisa\u0142 izraelski minister.<\/p>\n<p>W\u00a0kolejnym fragmencie wpisu doda\u0142: &#8222;S\u0105 to bezczelne k\u0142amstwa&#8221;. W\u00a0jego ocenie rozpowszechnianie takich twierdze\u0144 nie odwr\u00f3ci uwagi od &#8222;haniebnej pora\u017cki Sancheza w\u00a0zarz\u0105dzaniu sprawami w\u0142asnego pa\u0144stwa&#8221;.<\/p>\n<p> <img role=\"presentation\" class=\"absolute left-1\/2 top-1\/2 max-h-[80%] max-w-[100px] -translate-x-1\/2 -translate-y-1\/2\" src=\"https:\/\/v.wpimg.pl\/ZXJfd3AudTkrBBIAbg54LGhcRlAxHQUrPgJGH2MAeGJoSQ1eIBI_K2UHAEVuBTY5KQMMXC0RPyoVERQdMgM9ejc\" loading=\"lazy\" decoding=\"async\"\/> <a href=\"https:\/\/wiadomosci.wp.pl\/fiasko-misji-szefa-cia-w-rosji-brytyjczycy-wprost-o-slabosci-zachodu-7324396550420512a\" class=\"teaser-inline\" rel=\"nofollow noopener\" target=\"_blank\">  <img decoding=\"async\" src=\"https:\/\/www.europesays.com\/pl\/wp-content\/uploads\/2026\/08\/ZTE2YjFkdTUkUC9ZaRB4IGcIewMvSXZ2MBBjSGlaaGx1SnYMLwc_JiBCNkQhGS8kJEUpRDYHdTU1W3Ycd0Q-PTZCNQs_RD85J1c9.jpeg\" loading=\"lazy\" class=\"wp-media-image cropped\" alt=\"Fiasko misji szefa CIA w Rosji? Brytyjczycy wprost o s\u0142abo\u015bci Zachodu\"\/><\/p>\n<p>Fiasko misji szefa CIA w Rosji? Brytyjczycy wprost o s\u0142abo\u015bci Zachodu<\/p>\n<p><\/a><\/p>\n<p>Kryzys migracyjny w Ceucie<\/p>\n<p>Ceuta to jedna z\u00a0dw\u00f3ch hiszpa\u0144skich eksklaw w\u00a0p\u00f3\u0142nocnej Afryce. Pod koniec lipca na terytorium przedosta\u0142o si\u0119 z\u00a0Maroka ponad 70\u00a0tys. migrant\u00f3w, z\u00a0kt\u00f3rych wi\u0119kszo\u015b\u0107 mia\u0142a opu\u015bci\u0107 je w\u00a0ci\u0105gu kilkunastu godzin.<\/p>\n<p>Sanchez przekaza\u0142 jednocze\u015bnie, \u017ce <a href=\"https:\/\/wiadomosci.wp.pl\/tragiczny-bilans-kryzysu-na-ceucie-podano-liczbe-zabitych-7315003486697472a\" rel=\"noopener noreferrer nofollow\" target=\"_blank\">w\u00a0Ceucie nadal pozostaje ok. 5\u00a0tys. migrant\u00f3w, kt\u00f3rzy dostali si\u0119 tam podczas masowego nap\u0142ywu<\/a>. Hiszpa\u0144ski premier powo\u0142a\u0142 si\u0119 przy tym na ustalenia Europejskiej S\u0142u\u017cby Dzia\u0142a\u0144 Zewn\u0119trznych (ESDZ). Jak m\u00f3wi\u0142, Izrael i\u00a0Rosja mia\u0142y wykorzystywa\u0107 kryzys migracyjny w\u00a0Ceucie, by krytykowa\u0107 Madryt za postaw\u0119 Hiszpanii wobec wojen w\u00a0Strefie Gazy i\u00a0Ukrainie.<\/p>\n<p> <img role=\"presentation\" class=\"absolute left-1\/2 top-1\/2 max-h-[80%] max-w-[100px] -translate-x-1\/2 -translate-y-1\/2\" src=\"https:\/\/v.wpimg.pl\/ZXJfd3AudTkrBBIAbg54LGhcRlAxHQUrPgJGH2MAeGJoSQ1eIBI_K2UHAEVuBTY5KQMMXC0RPyoVERQdMgM9ejc\" loading=\"lazy\" decoding=\"async\"\/> <\/p>\n<p>W\u00a0tej samej wypowiedzi polityk nie rozwin\u0105\u0142 jednak w\u0105tku i\u00a0nie przedstawi\u0142 dalszych dowod\u00f3w na zaanga\u017cowanie Izraela i\u00a0Rosji. Jednocze\u015bnie wykluczy\u0142 odpowiedzialno\u015b\u0107 w\u0142adz Maroka za wywo\u0142anie kryzysu. Podkre\u015bli\u0142, \u017ce \u017cadna ze s\u0142u\u017cb wywiadowczych wsp\u00f3\u0142pracuj\u0105cych z\u00a0hiszpa\u0144skim rz\u0105dem nie wskaza\u0142a na udzia\u0142 Rabatu w\u00a0tych wydarzeniach.<\/p>\n<p> <a href=\"https:\/\/wiadomosci.wp.pl\/horror-pod-berlinem-mezczyzna-rzucil-sie-na-kobiete-zginela-7324354229794848a\" class=\"teaser-inline\" rel=\"nofollow noopener\" target=\"_blank\">  <img decoding=\"async\" src=\"https:\/\/www.europesays.com\/pl\/wp-content\/uploads\/2026\/08\/ZWMyNTFkdTYsGzhnaRB4I29DbD0vSXZ1OFt0dmlaaG99AWEyLwc_JSgJIXohGS8nLA4-ejYHdTY9EGEid0Q-Pj4JIjU_RD86Lxwq.jpeg\" loading=\"lazy\" class=\"wp-media-image cropped\" alt=\"Horror pod Berlinem. M\u0119\u017cczyzna rzuci\u0142 si\u0119 na kobiet\u0119. Zgin\u0119\u0142a na miejscu\"\/><\/p>\n<p>Horror pod Berlinem. M\u0119\u017cczyzna rzuci\u0142 si\u0119 na kobiet\u0119. Zgin\u0119\u0142a na miejscu<\/p>\n<p><\/a> <\/p>\n<p>Do s\u0142\u00f3w Sancheza odni\u00f3s\u0142 si\u0119 r\u00f3wnie\u017c Kreml. Wed\u0142ug informacji przytoczonych przez Reuters rzecznik Dmitrij Pieskow przekaza\u0142 rosyjskiej stacji RBK, \u017ce Rosja nie by\u0142a zaanga\u017cowana w\u00a0kryzys migracyjny w\u00a0Hiszpanii.<\/p>\n<p> <img role=\"presentation\" class=\"absolute left-1\/2 top-1\/2 max-h-[80%] max-w-[100px] -translate-x-1\/2 -translate-y-1\/2\" src=\"https:\/\/v.wpimg.pl\/ZXJfd3AudTkrBBIAbg54LGhcRlAxHQUrPgJGH2MAeGJoSQ1eIBI_K2UHAEVuBTY5KQMMXC0RPyoVERQdMgM9ejc\" loading=\"lazy\" decoding=\"async\"\/> <\/p>\n<p>W\u00a0ubieg\u0142ym tygodniu ministra obrony Hiszpanii Margarita Robles wyja\u015bnia\u0142a, \u017ce masowy nap\u0142yw migrant\u00f3w by\u0142 efektem oddolnej, spontanicznej mobilizacji tysi\u0119cy os\u00f3b. Jak wskazywa\u0142a, sytuacj\u0119 mia\u0142y podsyca\u0107 fa\u0142szywe informacje w\u00a0sieci dotycz\u0105ce \u0142atwego przekraczania granicy.<\/p>\n","protected":false},"excerpt":{"rendered":"Dodaj WP Wiadomo\u015bci jako preferowane \u017ar\u00f3d\u0142o w Google Nasze tre\u015bci b\u0119d\u0105 cz\u0119\u015bciej wy\u015bwietla\u0107 si\u0119 w Twoich wynikach Google&hellip;\n","protected":false},"author":2,"featured_media":658195,"comment_status":"","ping_status":"","sticky":false,"template":"","format":"standard","meta":{"footnotes":"","_share_on_mastodon":"0"},"categories":[14],"tags":[32,33,27,34,35,28,31,25,40,41,80,29,30,26,82,83,84],"class_list":["post-658194","post","type-post","status-publish","format-standard","has-post-thumbnail","category-swiat","tag-breaking-news","tag-breakingnews","tag-headlines","tag-latest-news","tag-latestnews","tag-naglowki","tag-najwazniejsze-artykuly","tag-news","tag-polish","tag-polski","tag-swiat","tag-top-stories","tag-topstories","tag-wiadomosci","tag-world","tag-world-news","tag-worldnews"],"share_on_mastodon":{"url":"https:\/\/pubeurope.com\/@pl\/117191144392273398","error":""},"_links":{"self":[{"href":"https:\/\/www.europesays.com\/pl\/wp-json\/wp\/v2\/posts\/658194","targetHints":{"allow":["GET"]}}],"collection":[{"href":"https:\/\/www.europesays.com\/pl\/wp-json\/wp\/v2\/posts"}],"about":[{"href":"https:\/\/www.europesays.com\/pl\/wp-json\/wp\/v2\/types\/post"}],"author":[{"embeddable":true,"href":"https:\/\/www.europesays.com\/pl\/wp-json\/wp\/v2\/users\/2"}],"replies":[{"embeddable":true,"href":"https:\/\/www.europesays.com\/pl\/wp-json\/wp\/v2\/comments?post=658194"}],"version-history":[{"count":0,"href":"https:\/\/www.europesays.com\/pl\/wp-json\/wp\/v2\/posts\/658194\/revisions"}],"wp:featuredmedia":[{"embeddable":true,"href":"https:\/\/www.europesays.com\/pl\/wp-json\/wp\/v2\/media\/658195"}],"wp:attachment":[{"href":"https:\/\/www.europesays.com\/pl\/wp-json\/wp\/v2\/media?parent=658194"}],"wp:term":[{"taxonomy":"category","embeddable":true,"href":"https:\/\/www.europesays.com\/pl\/wp-json\/wp\/v2\/categories?post=658194"},{"taxonomy":"post_tag","embeddable":true,"href":"https:\/\/www.europesays.com\/pl\/wp-json\/wp\/v2\/tags?post=658194"}],"curies":[{"name":"wp","href":"https:\/\/api.w.org\/{rel}","templated":true}]}}