{"id":658206,"date":"2026-08-31T16:57:38","date_gmt":"2026-08-31T16:57:38","guid":{"rendered":"https:\/\/www.europesays.com\/pl\/658206\/"},"modified":"2026-08-31T16:57:38","modified_gmt":"2026-08-31T16:57:38","slug":"dojlidy-bialystok-z-kompletem-zwyciestw-i-awansem-do-1-8-finalu-ligi-mistrzow","status":"publish","type":"post","link":"https:\/\/www.europesays.com\/pl\/658206\/","title":{"rendered":"Dojlidy Bia\u0142ystok z kompletem zwyci\u0119stw i awansem do 1\/8 fina\u0142u Ligi Mistrz\u00f3w"},"content":{"rendered":"\n<p>            <img decoding=\"async\" class=\"art-figimg\" src=\"https:\/\/www.europesays.com\/pl\/wp-content\/uploads\/2026\/08\/150593-e.jpg\" width=\"375\" height=\"250\" alt=\"Dojlidy Bia\u0142ystok z kompletem zwyci\u0119stw i awansem do 1\/8 fina\u0142u Ligi Mistrz\u00f3w\" loading=\"lazy\" fetchpriority=\"high\"\/><br \/>\n            Fot: Dojlidy Bia\u0142ystok<\/p>\n<p class=\"art-lid\">Trzy mecze i trzy zwyci\u0119stwa. Tenisi\u015bci sto\u0142owi Dojlid Bia\u0142ystok znakomicie spisali si\u0119 w fazie grupowej Ligi Mistrz\u00f3w, wygrywaj\u0105c z mistrzem Francji z 2024 r. oraz zespo\u0142ami z Czech i Austrii. Bia\u0142ostoczanie zagraj\u0105 dzi\u0119ki temu w 1\/8 fina\u0142u.<\/p>\n<p class=\"art-cont\">Udany pocz\u0105tek<\/p>\n<p>Pierwszym rywalem Dojlid by\u0142 AS Pontoise Cergy TT &#8211; czyli mistrz Francji z 2024 r &#8211; i ju\u017c inauguracyjne spotkanie pokaza\u0142o, \u017ce Bia\u0142ostoczanie s\u0105 dobrze przygotowani do walki z wymagaj\u0105cymi przeciwnikami. Losy meczu wa\u017cy\u0142y si\u0119 do ostatniego pojedynku, a Dojlidy koniec ko\u0144c\u00f3w zwyci\u0119\u017cy\u0142y 3:2.<\/p>\n<p>Aleksandr Khanin rozpocz\u0105\u0142 spotkanie od wygranej z Mihaiem Bobocic\u0105, p\u00f3\u017aniej Amirezza Abbasi przegra\u0142 z Zhou Kaiem, ale Piotr Chodorski po pi\u0119ciosetowej walce pokona\u0142 Julesa Cavaille&#8217;a. Gdy Khanin uleg\u0142 Zhou Kaiowi, o ko\u0144cowym wyniku zdecydowa\u0142 ostatni mecz. Abbasi nie pozostawi\u0142 w nim \u017cadnych w\u0105tpliwo\u015bci, wygrywaj\u0105c z Bobocic\u0105 3:0.<\/p>\n<p>Drugi thriller zako\u0144czony sukcesem<\/p>\n<p>Nast\u0119pnego dnia bia\u0142ostoczanie zmierzyli si\u0119 z czeskim TTC Ostrava 2016. Tak\u017ce tym razem kibice byli \u015bwiadkami bardzo wyr\u00f3wnanego spotkania, kt\u00f3re ponownie zako\u0144czy\u0142o si\u0119 zwyci\u0119stwem Dojlid 3:2.<\/p>\n<p>Po pora\u017cce Khanina z Ondrejem Kvetonem do remisu doprowadzi\u0142 Abbasi, pokonuj\u0105c Simona Belika. Nast\u0119pnie Piotr Chodorski wygra\u0142 z Adamem Stalzerem, a Czesi zdo\u0142ali jeszcze wyr\u00f3wna\u0107 stan rywalizacji po pi\u0119ciosetowej pora\u017cce Abbasiego z Kvetonem, jednak decyduj\u0105cy pojedynek nale\u017ca\u0142 do Khanina. Bia\u0142ostoczanin pewnie pokona\u0142 Belika i zapewni\u0142 swojej dru\u017cynie drugie zwyci\u0119stwo.<\/p>\n<p>Mocne zako\u0144czenie fazy grupowej<\/p>\n<p>W ostatnim meczu, rozegranym w niedziel\u0119\u00a0(30.08), Dojlidy stan\u0119\u0142y naprzeciw austriackiego SPG Felbermayr Wels. Tym razem Bia\u0142ostoczanie nie dopu\u015bcili do nerwowej ko\u0144c\u00f3wki i zako\u0144czyli spotkanie efektownym zwyci\u0119stwem 3:0.<\/p>\n<p>Amirezza Abbasi pokona\u0142 by\u0142ego zawodnika Dojlid Patryka Zat\u00f3wk\u0119, potem Aleksandr Khanin po wymagaj\u0105cym pojedynku wygra\u0142 z Maciejem Ko\u0142odziejczykiem, a kropk\u0119 nad &#8222;i&#8221; postawi\u0142 Piotr Chodorski, kt\u00f3ry ogra\u0142\u00a0Felixa Wetzela.<\/p>\n<p>Zaj\u0119cie 1. miejsca w grupie oznacza, \u017ce Dojlidy zobaczymy w fazie pucharowej Ligi Mistrz\u00f3w. Kto b\u0119dzie nast\u0119pnym rywalem bia\u0142ostockiej ekipy? Tego dowiemy si\u0119 ju\u017c wkr\u00f3tce.<\/p>\n<p class=\"art-autimg\">\n<p>                            <img decoding=\"async\" class=\"art-autimgi\" src=\"https:\/\/www.europesays.com\/pl\/wp-content\/uploads\/2026\/08\/1788195458_254_avatar_1x.jpg\" alt=\"Rafa\u0142 \u017buk\" width=\"64\" height=\"64\" loading=\"lazy\"\/><\/p>\n<p class=\"art-autname\">Rafa\u0142 \u017buk<\/p>\n<p>rafal.zuk@bialystokonline.pl<\/p>\n<p>Przeczytaj tak\u017ce<\/p>\n<p>&#13;<br \/>\n&#13;<br \/>\n&#13;<br \/>\n<img loading=\"lazy\" decoding=\"async\" src=\"https:\/\/www.europesays.com\/pl\/wp-content\/uploads\/2026\/08\/1788195458_452_adlog.gif\" width=\"0\" height=\"0\" alt=\"\" style=\"width: 0px; height: 0px;\"\/><\/p>\n<p>Popularne dzisiaj<\/p>\n","protected":false},"excerpt":{"rendered":"Fot: Dojlidy Bia\u0142ystok Trzy mecze i trzy zwyci\u0119stwa. Tenisi\u015bci sto\u0142owi Dojlid Bia\u0142ystok znakomicie spisali si\u0119 w fazie grupowej&hellip;\n","protected":false},"author":2,"featured_media":658207,"comment_status":"","ping_status":"","sticky":false,"template":"","format":"standard","meta":{"footnotes":"","_share_on_mastodon":"0"},"categories":[51614],"tags":[2151,51731,113,51730,61040,128197,3754,51738,51735,4041,1096,1089,399,17334,51736,2921,127322,3840,51734,8736,1232,120,7116,17265,19285,42,5083,38,40,39,41,6309,1756,8815,38950,123,800,30988,4278,1323,51737,2879,253],"class_list":["post-658206","post","type-post","status-publish","format-standard","has-post-thumbnail","category-bialystok","tag-bialystok","tag-bialystokonline","tag-biznes","tag-bstok","tag-dojlidy-bialystok","tag-dojlidy-bialystok-z-kompletem-zwyciestw-i-awansem-do-1-8-finalu-ligi-mistrzow","tag-dom","tag-drobne","tag-firm","tag-firmy","tag-hotele","tag-imprezy","tag-informacje","tag-katalog","tag-kina","tag-koncert","tag-liga-mistrzowsport","tag-lokale","tag-miejski","tag-mieszkanie","tag-motoryzacja","tag-nauka","tag-ogloszenia","tag-on-line","tag-online","tag-pl","tag-podlasie","tag-poland","tag-polish","tag-polska","tag-polski","tag-portal","tag-praca","tag-repertuar","tag-rozklad","tag-rozrywka","tag-teatr","tag-tenis-stolowy","tag-turystyka","tag-uroda","tag-urzedy","tag-zakupy","tag-zdrowie"],"share_on_mastodon":{"url":"","error":"Validation failed: Text character limit of 500 exceeded"},"_links":{"self":[{"href":"https:\/\/www.europesays.com\/pl\/wp-json\/wp\/v2\/posts\/658206","targetHints":{"allow":["GET"]}}],"collection":[{"href":"https:\/\/www.europesays.com\/pl\/wp-json\/wp\/v2\/posts"}],"about":[{"href":"https:\/\/www.europesays.com\/pl\/wp-json\/wp\/v2\/types\/post"}],"author":[{"embeddable":true,"href":"https:\/\/www.europesays.com\/pl\/wp-json\/wp\/v2\/users\/2"}],"replies":[{"embeddable":true,"href":"https:\/\/www.europesays.com\/pl\/wp-json\/wp\/v2\/comments?post=658206"}],"version-history":[{"count":0,"href":"https:\/\/www.europesays.com\/pl\/wp-json\/wp\/v2\/posts\/658206\/revisions"}],"wp:featuredmedia":[{"embeddable":true,"href":"https:\/\/www.europesays.com\/pl\/wp-json\/wp\/v2\/media\/658207"}],"wp:attachment":[{"href":"https:\/\/www.europesays.com\/pl\/wp-json\/wp\/v2\/media?parent=658206"}],"wp:term":[{"taxonomy":"category","embeddable":true,"href":"https:\/\/www.europesays.com\/pl\/wp-json\/wp\/v2\/categories?post=658206"},{"taxonomy":"post_tag","embeddable":true,"href":"https:\/\/www.europesays.com\/pl\/wp-json\/wp\/v2\/tags?post=658206"}],"curies":[{"name":"wp","href":"https:\/\/api.w.org\/{rel}","templated":true}]}}