{"id":658268,"date":"2026-08-31T17:34:25","date_gmt":"2026-08-31T17:34:25","guid":{"rendered":"https:\/\/www.europesays.com\/pl\/658268\/"},"modified":"2026-08-31T17:34:25","modified_gmt":"2026-08-31T17:34:25","slug":"co-smierc-yankesa-oznacza-dla-krakowa-ekspert-wskazuje-mozliwy-scenariusz","status":"publish","type":"post","link":"https:\/\/www.europesays.com\/pl\/658268\/","title":{"rendered":"Co \u015bmier\u0107 &#8222;Yankesa&#8221; oznacza dla Krakowa? Ekspert wskazuje mo\u017cliwy scenariusz"},"content":{"rendered":"<p>W nocy z 20 na 21 sierpnia na osiedlu Willowym w Krakowie dosz\u0142o do brutalnej napa\u015bci na 36-letniego Jakuba Ch., kibola Hutnika Krak\u00f3w o pseudonimie &#8222;Yankes&#8221;. Mimo szybkiej interwencji s\u0142u\u017cb m\u0119\u017cczyzna zmar\u0142 podczas transportu do szpitala. Pobicie, kt\u00f3re zako\u0144czy\u0142o si\u0119 \u015bmierci\u0105 &#8222;Yankesa&#8221;, przypisywane jest cz\u0142onkom wrogiej mu &#8222;M\u0142odej Ferajny&#8221;, jednej z grup chuliga\u0144skich tworzonej przez m\u0142odych fanatyk\u00f3w Wis\u0142y Krak\u00f3w.<\/p>\n<p>Jakie b\u0119d\u0105 konsekwencje \u015bmierci 36-latka? Czy spe\u0142ni si\u0119 czarny scenariusz i w Krakowie wr\u00f3c\u0105 czasy polowa\u0144, okaleczania i mordowania sympatyk\u00f3w innych dru\u017cyn pi\u0142karskich?<\/p>\n<p>Nasz rozm\u00f3wca zwi\u0105zany z krakowskim wymiarem sprawiedliwo\u015bci podkre\u015bla, \u017ce nie mo\u017cna wykluczy\u0107, i\u017c jaka\u015b radykalna grupa kogo\u015b zaatakuje w akcie zemsty, natomiast obecne wydarzenia i medialna wrzawa nie s\u0105 na r\u0119k\u0119 wielu osobom.<\/p>\n<p>Nie tylko chodzi o to, \u017ce \u015bmier\u0107 &#8222;Yankesa&#8221; to cios w wizerunek Wis\u0142y Krak\u00f3w, kt\u00f3ra po kilku latach wr\u00f3ci\u0142a do Ekstraklasy i znowu jest kojarzona ze stadionowymi bandytami. Nie chodzi te\u017c o to, \u017ce od klubu mog\u0105 odwr\u00f3ci\u0107 si\u0119 sponsorzy, a kibice Wis\u0142y b\u0119d\u0105 wyzywani na stadionach w ca\u0142ej Polsce od &#8222;morderc\u00f3w&#8221;.<\/p>\n<p>Obecne zamieszanie uderza w du\u017c\u0105 grup\u0119 pseudokibic\u00f3w, kt\u00f3ra chcia\u0142aby ciszy, bo czerpie zyski z narkotyk\u00f3w, z bramek w dyskotekach i z rozboj\u00f3w, a zarobek pr\u00f3buje zainwestowa\u0107 w legalne interesy.<\/p>\n<p>Dzia\u0142ania s\u0142u\u017cb mog\u0105 im teraz pokrzy\u017cowa\u0107 r\u00f3\u017cne plany.<\/p>\n<p>\u2014 Prosz\u0119 mi wierzy\u0107, w krakowskich organach \u015bcigania pad\u0142o jedno has\u0142o: wszystkie r\u0119ce na pok\u0142ad, \u017ceby z\u0142apa\u0107 sprawc\u00f3w i wyja\u015bni\u0107 okoliczno\u015bci \u015bmierci &#8222;Yankesa&#8221;. Ponadto spraw\u0105 interesuj\u0105 si\u0119 znani politycy, bo dotyczy ona g\u0142o\u015bnego i niestety wci\u0105\u017c nierozwi\u0105zanego w Polsce tematu grup przest\u0119pczych zwi\u0105zanych z czo\u0142owymi klubami pi\u0142karskimi, a czasami tak\u017ce z lokaln\u0105 polityk\u0105 \u2014 wskazuje nasz rozm\u00f3wca specjalizuj\u0105cy si\u0119 w sprawach karnych.<\/p>\n<p>\u2014 Na pewno teraz policjanci i prokuratorzy b\u0119d\u0105 zadawali zatrzymanym i \u015bwiadkom wiele pyta\u0144, wyp\u0142yn\u0105 rzeczy, kt\u00f3re wcze\u015bniej by\u0142y w ukryciu. Zapewne te\u017c kto\u015b p\u0119knie i p\u00f3jdzie na wsp\u00f3\u0142prac\u0119, ujawniaj\u0105c rozmaite przest\u0119pstwa. To jest gra o du\u017c\u0105 stawk\u0119 \u2014 dodaje.<\/p>\n<p>Kibic Hutnika skatowany w Krakowie. Nowe fakty na temat przesz\u0142o\u015bci &#8222;Yankesa&#8221;<img class=\"ods-a-photo ods-a-photo--background\" src=\"https:\/\/www.europesays.com\/pl\/wp-content\/uploads\/2026\/08\/1788197660_800_Az9k9lBaHR0cHM6Ly9vY2RuLmV1L3B1bHNjbXMvTURBXy8yYjQyNDkyODQ5MWQwYmM5MTdjOWNhYTMwMzU2Y2Y3My5wbmeRlQLNA.jpeg\" height=\"253\" width=\"450\" alt=\"Z lewej: kadr z nagrania monitoringu pokazuj\u0105cego pobicie 36-latka w Krakowie. Dalej: kibice Wis\u0142y Krak\u00f3w\" loading=\"lazy\" fetchpriority=\"low\" decoding=\"async\"\/><\/p>\n<p>\u2014 Atak na &#8222;Yankesa&#8221;, kt\u00f3ry anio\u0142kiem nie by\u0142, to g\u0142upawy atak &#8222;m\u0142odych&#8221; obliczony zapewne na powi\u0119kszenie wp\u0142yw\u00f3w na blokowiskach na Nowej Hucie. Jestem przekonany, \u017ce tzw. stara gwardia b\u0119dzie chcia\u0142a wszystko wyciszy\u0107 i zapobiec dalszemu rozlewowi krwi. Ci starsi wiedz\u0105, \u017ce takie ataki nie pozostaj\u0105 bezkarne i \u017ce mo\u017cna dosta\u0107 nawet do\u017cywotnie wi\u0119zienie \u2014 podkre\u015bla.<\/p>\n<p>\u2014 Ponadto wielu chuliganom ca\u0142e to zamieszanie nie jest na r\u0119k\u0119 z powod\u00f3w biznesowych. Im bardziej policja b\u0119dzie kopa\u0107 przy sprawie \u015bmierci &#8222;Yankesa&#8221;, tym szybciej mo\u017ce doj\u015b\u0107 do wielu innych nielegalnych dzia\u0142a\u0144 tego \u015brodowiska, kt\u00f3re swoje nieuczciwe zyski lokuje np. w deweloperce. W Krakowie znana jest <a href=\"https:\/\/wiadomosci.onet.pl\/slask\/kibole-chcieli-porwac-i-upokorzyc-gangstera-bokserka-ruszyl-ich-proces\/0qlx9tk\" id=\"d3dfc6a6-cd1d-4956-a86a-1cf2b54622a9\" rel=\"nofollow noopener\" target=\"_blank\">historia cho\u0107by kibola &#8222;Bokserka&#8221;<\/a>, kt\u00f3ry kiedy\u015b biega\u0142 z maczet\u0105, a teraz sprzedaje ludziom mieszkania \u2014 zaznacza nasze \u017ar\u00f3d\u0142o.&#8221;Krak\u00f3w nie zap\u0142onie, ale mo\u017cliwe s\u0105 nag\u0142e ataki&#8221;<\/p>\n<p>Tego, \u017ce sytuacja w Krakowie mo\u017ce rozwin\u0105\u0107 si\u0119 w stron\u0119 dalszej przemocy, obawia si\u0119 z kolei Rafa\u0142 Chwedoruk, prof. Uniwersytetu Warszawskiego. Od lat bada \u015brodowiska fanatycznych kibic\u00f3w polskich dru\u017cyn pi\u0142karskich.<\/p>\n<p>\u2014 Zapewne jaka\u015b cz\u0119\u015b\u0107 znajomych zmar\u0142ego kibica chcia\u0142aby szybkiej zemsty i kibicowskiej wojny na ca\u0142ego, ale to troch\u0119 tak, jak z potencjalnym atakiem Rosji na Polsk\u0119: zapewne Putin by chcia\u0142, ale nie ma kim tego zrobi\u0107. W kot\u0142ach, czy m\u0142ynach polskich stadion\u00f3w te\u017c nie ma teraz zast\u0119p\u00f3w &#8222;\u017co\u0142nierzy&#8221; gotowych na tak\u0105 walk\u0119, siedz\u0105 tam cz\u0119sto nastolatkowie i m\u0142odzi m\u0119\u017cczy\u017ani wychowani w innych czasach, ni\u017c poprzednie pokolenia. Wiedz\u0105, \u017ce wszystko jest monitorowane. Ponadto w poprzednich dekadach prowadzono pewnego rodzaju &#8222;chuliga\u0144sk\u0105 prac\u0119 u podstaw&#8221;, bo \u017ceby co\u015b znaczy\u0107 w \u015brodowisku fanatyk\u00f3w, trzeba si\u0119 by\u0142o przez d\u0142ugi czas stara\u0107. Czasy si\u0119 jednak zmieni\u0142y \u2014 przekonuje.<\/p>\n<p>Kulisy ataku na &#8222;Yankesa&#8221;. Nowe informacje w sprawie &#8222;M\u0142odej Ferajny&#8221;<img class=\"ods-a-photo ods-a-photo--background\" src=\"https:\/\/www.europesays.com\/pl\/wp-content\/uploads\/2026\/08\/iFvk9lBaHR0cHM6Ly9vY2RuLmV1L3B1bHNjbXMvTURBXy9hNzY4NTg2NGRhM2I1YzA4YTMwYmQ0ZjhiNmI3MGU5OS5qcGeRlQLNA.jpeg\" height=\"338\" width=\"450\" alt=\"Zatrzymanie jednego z podejrzewanych o zab\u00f3jstwo &quot;Yankesa&quot; w Krakowie\" loading=\"lazy\" fetchpriority=\"low\" decoding=\"async\"\/><\/p>\n<p>\u2014 Teraz ta cz\u0119\u015b\u0107 m\u0142odych ludzi, kt\u00f3rzy stali si\u0119 chuliganami, nie b\u0119dzie dokonywa\u0107 masowych akt\u00f3w przemocy. Krak\u00f3w nie zap\u0142onie, bo takich radykalnych chuligan\u00f3w jest ma\u0142o i chocia\u017c bywaj\u0105 bardzo brutalni, brakuje im tak\u017ce do\u015bwiadczenia i sprytu poprzednich pokole\u0144. Koniec ko\u0144c\u00f3w obawiam si\u0119 nie tyle masowej eskalacji, lecz dalszych, pojedynczych, bardzo brutalnych akt\u00f3w przemocy \u2014 m\u00f3wi.<\/p>\n<p>Prof. Chwedoruk nie wyklucza, \u017ce kto\u015b w ramach rewan\u017cu dopu\u015bci si\u0119 nag\u0142ego, nawet publicznego aktu agresji wobec kibic\u00f3w Wis\u0142y Krak\u00f3w. Na przyk\u0142ad postanowi obrzuci\u0107 sektor Wis\u0142y p\u0142on\u0105cymi racami.<\/p>\n<p>\u2014 Obecna sytuacja to na pewno spore wyzwanie dla PZPN, bo nie wiadomo, w kt\u00f3r\u0105 stron\u0119 rozwinie si\u0119 sytuacja. Kto\u015b mo\u017ce doj\u015b\u0107 do wniosku, \u017ce skoro &#8222;M\u0142oda Ferajna&#8221; wymierza takie ciosy poni\u017cej pasa, to trzeba potraktowa\u0107 ich tak samo i przyk\u0142adnie ukara\u0107 bez wzgl\u0119du na form\u0119 i gro\u017c\u0105ce konsekwencje. Ucierpie\u0107 mog\u0105 postronne osoby tylko dlatego, \u017ce nosz\u0105 barwy tego krakowskiego klubu i znajd\u0105 si\u0119 w jakim\u015b miejscu w nieodpowiednim czasie \u2014 wskazuje ekspert.<\/p>\n<p>Lata, kt\u00f3re nios\u0142y \u015bmier\u0107. Wojna gang\u00f3w w Krakowie<img class=\"ods-a-photo ods-a-photo--background\" src=\"https:\/\/www.europesays.com\/pl\/wp-content\/uploads\/2026\/08\/1788197663_448_pOjk9lBaHR0cHM6Ly9vY2RuLmV1L3B1bHNjbXMvTURBXy8yYWFhNWU2Zjc4ZWY3NWExOWE3YjBlY2ZhMmM4NzE4MS5wbmeRlQLNA.jpeg\" height=\"237\" width=\"419\" alt=\"Lata, kt\u00f3re nios\u0142y \u015bmier\u0107. Wojna gang\u00f3w w Krakowie\" loading=\"lazy\" fetchpriority=\"low\" decoding=\"async\"\/>Co dalej z kibolami Wis\u0142y? &#8222;M\u0142oda Ferajna&#8221; dosta\u0142a zakaz od klubu<\/p>\n<p>Z wypowiedzi r\u00f3\u017cnych kibic\u00f3w pi\u0142karskich skupionych wok\u00f3\u0142 grup chuliga\u0144skich wynika tymczasem, \u017ce w \u015brodowisku tocz\u0105 si\u0119 rozmowy, jak zareagowa\u0107 na wydarzenia w Krakowie. Jedni my\u015bl\u0105 o bojkocie kibic\u00f3w Wis\u0142y, naciskaniu na w\u0142asne kluby, by nie przyjmowa\u0142y ich na trybunach; inni m\u00f3wi\u0105 z kolei, \u017ce trzeba odej\u015b\u0107 od zasady odpowiedzialno\u015bci zbiorowej.<\/p>\n<p>\u2014 Ja bym raczej wyklucza\u0142 atak na chuligan\u00f3w Wis\u0142y. Nikt nie chce siedzie\u0107 za grup\u0119 tych kretyn\u00f3w z Krakowa. Ponadto nie wszyscy kibole Wis\u0142y to konfidenci i nie wszyscy tworz\u0105 zradykalizowan\u0105 &#8222;M\u0142od\u0105 Ferajn\u0119&#8221;. W naszym \u015brodowisku faktycznie tocz\u0105 si\u0119 teraz rozmowy, jak zareagowa\u0107 na wydarzenia z Krakowa \u2014 komentuje nasze \u017ar\u00f3d\u0142o w ruchu kibicowskim.<\/p>\n<p>Do w\u0105tku dzia\u0142alno\u015bci &#8222;M\u0142ode Ferajny&#8221; odnios\u0142y si\u0119 ju\u017c oficjalnie w\u0142adze Wis\u0142y Krak\u00f3w. Og\u0142osi\u0142y, \u017ce zabraniaj\u0105 wywieszania flag i eksponowania nazwy tej grupy przy okazji mecz\u00f3w &#8222;Bia\u0142ej Gwiazdy&#8221;. Nazwa ma znikn\u0105\u0107 ze stadionu krakowskiego klubu.<\/p>\n<p>Kibole. Gangsterzy. Deweloperzy<img class=\"ods-a-photo ods-a-photo--background\" src=\"https:\/\/www.europesays.com\/pl\/wp-content\/uploads\/2026\/08\/1788197665_834_sBOk9lBaHR0cHM6Ly9vY2RuLmV1L3B1bHNjbXMvTURBXy9kZGRiZjAyMTc3NzExYTQ5ZWU4YTM2YjRkNjhiYjAyMS5wbmeRlQLNA.jpeg\" height=\"222\" width=\"394\" alt=\"Magdalena K. sta\u0142a si\u0119 twarz\u0105 brutalnego gangu narkotykowego\" loading=\"lazy\" fetchpriority=\"low\" decoding=\"async\"\/><\/p>\n<p>\u015aledczy nie wiedz\u0105 na razie, co by\u0142o bezpo\u015bredni\u0105 przyczyn\u0105 \u015bmierci &#8222;Yankesa&#8221;.<\/p>\n<p>\u2014 Zlecili\u015bmy dodatkowe badania toksykologiczne i histopatologiczne, aby ustali\u0107 przyczyn\u0119 zgonu. Ponadto na cz\u0119\u015b\u0107 pyta\u0144, ze wzgl\u0119du na dobro prowadzonego \u015bledztwa i trwaj\u0105ce intensywne czynno\u015bci, nie mo\u017cemy w tej chwili odpowiedzie\u0107 \u2014 zaznacza prokurator Tomasz Waszczuk, rzecznik prasowy prowadz\u0105cej \u015bledztwo Prokuratury Okr\u0119gowej w Krakowie.<\/p>\n<p>CZYTAJ WI\u0118CEJ: <a href=\"https:\/\/wiadomosci.onet.pl\/krakow\/sprawa-zabojstwa-yankesa-w-krakowie-cztery-osoby-zatrzymane\/fzdx7vk\" id=\"8e1aba9a-c181-4c61-be47-94fdb787549d\" rel=\"nofollow noopener\" target=\"_blank\">Sprawa zab\u00f3jstwa &#8222;Yankesa&#8221; w Krakowie. S\u0142u\u017cby zatrzyma\u0142y pi\u0119\u0107 os\u00f3b<\/a><\/p>\n","protected":false},"excerpt":{"rendered":"W nocy z 20 na 21 sierpnia na osiedlu Willowym w Krakowie dosz\u0142o do brutalnej napa\u015bci na 36-letniego&hellip;\n","protected":false},"author":2,"featured_media":658269,"comment_status":"","ping_status":"","sticky":false,"template":"","format":"standard","meta":{"footnotes":"","_share_on_mastodon":"0"},"categories":[51606],"tags":[56,61195,1304,48,46,42,38,414,40,39,41,1598,47,2354],"class_list":["post-658268","post","type-post","status-publish","format-standard","has-post-thumbnail","category-krakow","tag-article_premium","tag-bottomfeed_styl","tag-krakow","tag-nat_styl","tag-omp","tag-pl","tag-poland","tag-policja","tag-polish","tag-polska","tag-polski","tag-pseudokibice","tag-screening_general","tag-wisla_krakow"],"share_on_mastodon":{"url":"https:\/\/pubeurope.com\/@pl\/117191329177248798","error":""},"_links":{"self":[{"href":"https:\/\/www.europesays.com\/pl\/wp-json\/wp\/v2\/posts\/658268","targetHints":{"allow":["GET"]}}],"collection":[{"href":"https:\/\/www.europesays.com\/pl\/wp-json\/wp\/v2\/posts"}],"about":[{"href":"https:\/\/www.europesays.com\/pl\/wp-json\/wp\/v2\/types\/post"}],"author":[{"embeddable":true,"href":"https:\/\/www.europesays.com\/pl\/wp-json\/wp\/v2\/users\/2"}],"replies":[{"embeddable":true,"href":"https:\/\/www.europesays.com\/pl\/wp-json\/wp\/v2\/comments?post=658268"}],"version-history":[{"count":0,"href":"https:\/\/www.europesays.com\/pl\/wp-json\/wp\/v2\/posts\/658268\/revisions"}],"wp:featuredmedia":[{"embeddable":true,"href":"https:\/\/www.europesays.com\/pl\/wp-json\/wp\/v2\/media\/658269"}],"wp:attachment":[{"href":"https:\/\/www.europesays.com\/pl\/wp-json\/wp\/v2\/media?parent=658268"}],"wp:term":[{"taxonomy":"category","embeddable":true,"href":"https:\/\/www.europesays.com\/pl\/wp-json\/wp\/v2\/categories?post=658268"},{"taxonomy":"post_tag","embeddable":true,"href":"https:\/\/www.europesays.com\/pl\/wp-json\/wp\/v2\/tags?post=658268"}],"curies":[{"name":"wp","href":"https:\/\/api.w.org\/{rel}","templated":true}]}}