{"id":658292,"date":"2026-08-31T17:46:44","date_gmt":"2026-08-31T17:46:44","guid":{"rendered":"https:\/\/www.europesays.com\/pl\/658292\/"},"modified":"2026-08-31T17:46:44","modified_gmt":"2026-08-31T17:46:44","slug":"gra-w-berka-to-nie-jest-juz-tusk-zwyciezca-lecz-autor-polityki-chaotycznej-leniwej-i-przede-wszystkim-nieudanej","status":"publish","type":"post","link":"https:\/\/www.europesays.com\/pl\/658292\/","title":{"rendered":"Gra w Berka. &#8222;To nie jest ju\u017c Tusk zwyci\u0119zca, lecz autor polityki chaotycznej, leniwej i przede wszystkim nieudanej&#8221;"},"content":{"rendered":"<p data-v-01d4021f=\"\">\n<p>Po co Donald Tusk wysy\u0142a Macieja Berka do Trybuna\u0142u Konstytucyjnego? W tej sprawie kr\u0105\u017c\u0105 najr\u00f3\u017cniejsze teorie, ale prawda jest banalnie prosta. To nie demoniczny plan premiera \u2013 to dora\u017ano\u015b\u0107, wr\u0119cz chaos. Wszystkie uzasadnienia s\u0105 dorabiane post factum.<\/p>\n<p style=\"margin-bottom: 0.35cm;\" data-v-01d4021f=\"\">Maciej Berek sam chcia\u0142 i\u015b\u0107 do Trybuna\u0142u Konstytucyjnego i prosi\u0142 o to swojego szefa, czyli premiera Donalda Tuska, a ten si\u0119 zgodzi\u0142. Takie s\u0105 ustalenia medi\u00f3w.<\/p>\n<p style=\"margin-bottom: 0.35cm;\" data-v-01d4021f=\"\">On tak zas\u0142u\u017cy\u0142 si\u0119 Tuskowi, \u017ce o co by nie poprosi\u0142, to by dosta\u0142<\/p>\n<p style=\"margin-bottom: 0.35cm;\" data-v-01d4021f=\"\">\u2013 czytamy na jednym z portali.<\/p>\n<p style=\"margin-bottom: 0.35cm;\" data-v-01d4021f=\"\">Dlaczego Berek pragnie zasi\u0105\u015b\u0107 w Trybunale? To proste. Funkcja s\u0119dziego TK jest zwie\u0144czeniem prawniczej kariery. Szuka sobie dobrego miejsca na dziewi\u0119\u0107 lat w sytuacji prawdopodobnie przegranych przez jego ob\u00f3z wybor\u00f3w. Przyda si\u0119 nie tylko miejsce pracy, lecz tak\u017ce immunitet s\u0119dziowski. Zreszt\u0105 w 2015 r. \u2013 wtedy, gdy Platforma Obywatelska straci\u0142a w\u0142adz\u0119 \u2013 Berek mia\u0142 zasi\u0105\u015b\u0107 w Europejskim Trybunale Obrachunkowym jako reprezentant Polski, ale zwyci\u0119ska prawica cofn\u0119\u0142a t\u0119 nominacj\u0119.<\/p>\n<p style=\"margin-bottom: 0.35cm;\" data-v-01d4021f=\"\">W obecnym rz\u0105dzie Berek pe\u0142ni\u0142 funkcj\u0119 ministra bez teki w Kancelarii Prezesa Rady Ministr\u00f3w i przewodnicz\u0105cego Komitetu Sta\u0142ego Rady Ministr\u00f3w. Opr\u00f3cz tego by\u0142 szefem Zespo\u0142u Programowania Prac Rz\u0105du, sekretarzem ds. parlamentarnych, cz\u0142onkiem Komitetu Ekonomicznego rz\u0105du oraz pe\u0142ni\u0142 przy premierze wiele niesformalizowanych funkcji. Od pewnego czasu przekazywa\u0142 zwi\u0105zane z tym obowi\u0105zki kolejnym urz\u0119dnikom KPRM, co r\u00f3wnie\u017c jest potwierdzeniem tego, \u017ce bardzo pragnie zasi\u0105\u015b\u0107 w TK.<\/p>\n","protected":false},"excerpt":{"rendered":"Po co Donald Tusk wysy\u0142a Macieja Berka do Trybuna\u0142u Konstytucyjnego? W tej sprawie kr\u0105\u017c\u0105 najr\u00f3\u017cniejsze teorie, ale prawda&hellip;\n","protected":false},"author":2,"featured_media":658293,"comment_status":"","ping_status":"","sticky":false,"template":"","format":"standard","meta":{"footnotes":"","_share_on_mastodon":"0"},"categories":[62713],"tags":[3510,1345,123475,190,291,5567,2707,261,1158,11753,102,907,39,28424,14241,127,80,26,6940,106520,123473,123474],"class_list":["post-658292","post","type-post","status-publish","format-standard","has-post-thumbnail","category-donald-tusk","tag-analizy","tag-donald-tusk","tag-fratria","tag-gospodarka","tag-historia","tag-komentarze","tag-kosciol","tag-kultura","tag-media","tag-najnowsze-wiadomosci","tag-opinie","tag-polityka","tag-polska","tag-publicystyka","tag-spoleczenstwo","tag-sport","tag-swiat","tag-wiadomosci","tag-wiadomosci-z-polski","tag-wiadomosci-ze-swiata","tag-wpolityce","tag-wpolityce-pl"],"share_on_mastodon":{"url":"https:\/\/pubeurope.com\/@pl\/117191375882045622","error":""},"_links":{"self":[{"href":"https:\/\/www.europesays.com\/pl\/wp-json\/wp\/v2\/posts\/658292","targetHints":{"allow":["GET"]}}],"collection":[{"href":"https:\/\/www.europesays.com\/pl\/wp-json\/wp\/v2\/posts"}],"about":[{"href":"https:\/\/www.europesays.com\/pl\/wp-json\/wp\/v2\/types\/post"}],"author":[{"embeddable":true,"href":"https:\/\/www.europesays.com\/pl\/wp-json\/wp\/v2\/users\/2"}],"replies":[{"embeddable":true,"href":"https:\/\/www.europesays.com\/pl\/wp-json\/wp\/v2\/comments?post=658292"}],"version-history":[{"count":0,"href":"https:\/\/www.europesays.com\/pl\/wp-json\/wp\/v2\/posts\/658292\/revisions"}],"wp:featuredmedia":[{"embeddable":true,"href":"https:\/\/www.europesays.com\/pl\/wp-json\/wp\/v2\/media\/658293"}],"wp:attachment":[{"href":"https:\/\/www.europesays.com\/pl\/wp-json\/wp\/v2\/media?parent=658292"}],"wp:term":[{"taxonomy":"category","embeddable":true,"href":"https:\/\/www.europesays.com\/pl\/wp-json\/wp\/v2\/categories?post=658292"},{"taxonomy":"post_tag","embeddable":true,"href":"https:\/\/www.europesays.com\/pl\/wp-json\/wp\/v2\/tags?post=658292"}],"curies":[{"name":"wp","href":"https:\/\/api.w.org\/{rel}","templated":true}]}}