{"id":658334,"date":"2026-08-31T18:11:09","date_gmt":"2026-08-31T18:11:09","guid":{"rendered":"https:\/\/www.europesays.com\/pl\/658334\/"},"modified":"2026-08-31T18:11:09","modified_gmt":"2026-08-31T18:11:09","slug":"ostre-slowa-posla-pis-do-mateusza-morawieckiego-czy-ty-sie-dobrze-czujesz","status":"publish","type":"post","link":"https:\/\/www.europesays.com\/pl\/658334\/","title":{"rendered":"Ostre s\u0142owa pos\u0142a PiS do Mateusza Morawieckiego. &#8222;Czy ty si\u0119 dobrze czujesz?&#8221;"},"content":{"rendered":"<p>Dlaczego o tym piszemy?<\/p>\n<p>Powstanie Rozwoju Plus wi\u0105\u017ce si\u0119 z kryzysem wewn\u0105trz Prawa i Sprawiedliwo\u015bci. Pod koniec lipca up\u0142yn\u0105\u0142 termin ultimatum prezesa Jaros\u0142awa Kaczy\u0144skiego, kt\u00f3ry nakaza\u0142 parlamentarzystom rezygnacj\u0119 z przynale\u017cno\u015bci do zewn\u0119trznych stowarzysze\u0144 politycznych pod gro\u017ab\u0105 wykluczenia z partii. Politycy skupieni wok\u00f3\u0142 by\u0142ego premiera Mateusza Morawieckiego (ponad 40 os\u00f3b) nie z\u0142o\u017cyli wymaganych deklaracji, uznaj\u0105c, \u017ce nie zrezygnowali z cz\u0142onkostwa w PiS, a jedynie realizuj\u0105 now\u0105 inicjatyw\u0119 spo\u0142eczn\u0105. Ostatecznie, po skierowaniu przez kierownictwo PiS spraw do rzecznika dyscypliny, politycy ze stowarzyszenia Rozw\u00f3j Plus uznali, \u017ce nie s\u0105 ju\u017c cz\u0142onkami PiS, i pod koniec lipca zarejestrowali w\u0142asny klub parlamentarny.<\/p>\n","protected":false},"excerpt":{"rendered":"Dlaczego o tym piszemy? Powstanie Rozwoju Plus wi\u0105\u017ce si\u0119 z kryzysem wewn\u0105trz Prawa i Sprawiedliwo\u015bci. Pod koniec lipca&hellip;\n","protected":false},"author":2,"featured_media":658335,"comment_status":"","ping_status":"","sticky":false,"template":"","format":"standard","meta":{"footnotes":"","_share_on_mastodon":"0"},"categories":[12],"tags":[61195,32,33,36,37,27,49,34,35,3946,26879,28,31,48,25,46,529,42,38,40,39,41,114016,47,29,30,70,26],"class_list":["post-658334","post","type-post","status-publish","format-standard","has-post-thumbnail","category-polska","tag-bottomfeed_styl","tag-breaking-news","tag-breakingnews","tag-featured-news","tag-featurednews","tag-headlines","tag-kraj","tag-latest-news","tag-latestnews","tag-mateusz_morawiecki","tag-michal_wojcik_polityk","tag-naglowki","tag-najwazniejsze-artykuly","tag-nat_styl","tag-news","tag-omp","tag-pis","tag-pl","tag-poland","tag-polish","tag-polska","tag-polski","tag-rozwoj_plus","tag-screening_general","tag-top-stories","tag-topstories","tag-w_skrocie","tag-wiadomosci"],"share_on_mastodon":{"url":"https:\/\/pubeurope.com\/@pl\/117191474472237324","error":""},"_links":{"self":[{"href":"https:\/\/www.europesays.com\/pl\/wp-json\/wp\/v2\/posts\/658334","targetHints":{"allow":["GET"]}}],"collection":[{"href":"https:\/\/www.europesays.com\/pl\/wp-json\/wp\/v2\/posts"}],"about":[{"href":"https:\/\/www.europesays.com\/pl\/wp-json\/wp\/v2\/types\/post"}],"author":[{"embeddable":true,"href":"https:\/\/www.europesays.com\/pl\/wp-json\/wp\/v2\/users\/2"}],"replies":[{"embeddable":true,"href":"https:\/\/www.europesays.com\/pl\/wp-json\/wp\/v2\/comments?post=658334"}],"version-history":[{"count":0,"href":"https:\/\/www.europesays.com\/pl\/wp-json\/wp\/v2\/posts\/658334\/revisions"}],"wp:featuredmedia":[{"embeddable":true,"href":"https:\/\/www.europesays.com\/pl\/wp-json\/wp\/v2\/media\/658335"}],"wp:attachment":[{"href":"https:\/\/www.europesays.com\/pl\/wp-json\/wp\/v2\/media?parent=658334"}],"wp:term":[{"taxonomy":"category","embeddable":true,"href":"https:\/\/www.europesays.com\/pl\/wp-json\/wp\/v2\/categories?post=658334"},{"taxonomy":"post_tag","embeddable":true,"href":"https:\/\/www.europesays.com\/pl\/wp-json\/wp\/v2\/tags?post=658334"}],"curies":[{"name":"wp","href":"https:\/\/api.w.org\/{rel}","templated":true}]}}