{"id":658346,"date":"2026-08-31T18:23:19","date_gmt":"2026-08-31T18:23:19","guid":{"rendered":"https:\/\/www.europesays.com\/pl\/658346\/"},"modified":"2026-08-31T18:23:19","modified_gmt":"2026-08-31T18:23:19","slug":"motor-lublin-szykuje-hit-transferowy-byly-gracz-manchesteru-city-i-monaco-na-celowniku","status":"publish","type":"post","link":"https:\/\/www.europesays.com\/pl\/658346\/","title":{"rendered":"Motor Lublin szykuje hit transferowy. By\u0142y gracz Manchesteru City i Monaco na celowniku"},"content":{"rendered":"<p>\t\t\t\t        <img loading=\"lazy\" decoding=\"async\" src=\"https:\/\/www.europesays.com\/pl\/wp-content\/uploads\/2026\/08\/rony-lopes_1000_108093.jpg\" alt=\"fot. Paulo Ladeira\/Bola na Rede\" width=\"900\" height=\"600\"\/><\/p>\n<p>fot. Paulo Ladeira\/Bola na Rede<\/p>\n<p>\t\t\t\t<a href=\"https:\/\/www.podkarpacielive.pl\/statystyki\/28,motor-lublin-sa\" rel=\"nofollow noopener\" target=\"_blank\">Motor Lublin<\/a> mo\u017ce sprawi\u0107 spor\u0105 niespodziank\u0119 przed zamkni\u0119ciem letniego okna transferowego. Z klubem z Lublina \u0142\u0105czony jest Rony Lopes, 30-letni ofensywny zawodnik maj\u0105cy w CV Manchester City, AS Monaco, Lille czy Sevill\u0119. Portugalczyk wyst\u0119powa\u0142 r\u00f3wnie\u017c w seniorskiej reprezentacji swojego kraju. Na razie nie ma jednak oficjalnego potwierdzenia transferu.&#13;<br \/>\nZ Manchesteru City do Monaco&#13;<\/p>\n<p class=\"isSelectedEnd\" style=\"text-align: justify;\">Marcos Paulo Mesquita Lopes, znany jako Rony Lopes, urodzi\u0142 si\u0119 28 grudnia 1995 roku w Brazylii, ale na arenie mi\u0119dzynarodowej reprezentowa\u0142 Portugali\u0119. Pierwsze pi\u0142karskie kroki stawia\u0142 m.in. w akademii Benfiki Lizbona, sk\u0105d jako nastolatek przeni\u00f3s\u0142 si\u0119 do Manchesteru City.<\/p>\n<p>&#13;<\/p>\n<p class=\"isSelectedEnd\" style=\"text-align: justify;\">W pierwszym zespole angielskiego giganta nie zdo\u0142a\u0142 wywalczy\u0107 sobie sta\u0142ego miejsca. Du\u017co wa\u017cniejszym etapem jego kariery okaza\u0142a si\u0119 Francja. Najpierw trafi\u0142 na wypo\u017cyczenie do Lille, a nast\u0119pnie zosta\u0142 zawodnikiem AS Monaco. Klub z Ksi\u0119stwa zap\u0142aci\u0142 za niego oko\u0142o 12 mln euro.<\/p>\n<p>&#13;<\/p>\n<p class=\"isSelectedEnd\" style=\"text-align: justify;\">Najlepszy okres Portugalczyka przypad\u0142 na sezon 2017\/2018. W rozgrywkach Ligue 1 zdoby\u0142 w\u00f3wczas 15 bramek i zanotowa\u0142 siedem asyst, staj\u0105c si\u0119 jednym z wa\u017cniejszych ofensywnych zawodnik\u00f3w Monaco. Mia\u0142 te\u017c okazj\u0119 wyst\u0119powa\u0107 w Lidze Mistrz\u00f3w.<\/p>\n<p>&#13;<br \/>\nSevilla zap\u0142aci\u0142a za niego wielkie pieni\u0105dze&#13;<\/p>\n<p class=\"isSelectedEnd\" style=\"text-align: justify;\">Dobre wyst\u0119py we Francji sprawi\u0142y, \u017ce w 2019 roku po Rony&#8217;ego Lopesa si\u0119gn\u0119\u0142a Sevilla. Hiszpa\u0144ski klub wy\u0142o\u017cy\u0142 za niego oko\u0142o 25 mln euro. Pobyt w Andaluzji nie u\u0142o\u017cy\u0142 si\u0119 jednak tak, jak oczekiwano. Portugalczyk nie zdo\u0142a\u0142 na sta\u0142e przebi\u0107 si\u0119 do podstawowego sk\u0142adu i rozpocz\u0105\u0142 seri\u0119 wypo\u017cycze\u0144.<\/p>\n<p>&#13;<\/p>\n<p class=\"isSelectedEnd\" style=\"text-align: justify;\">W kolejnych latach reprezentowa\u0142 m.in. OGC Nice, Olympiakos Pireus i Troyes. Szczeg\u00f3lnie udany by\u0142 jego pobyt w tym ostatnim klubie, gdzie ponownie pokaza\u0142, \u017ce potrafi by\u0107 skuteczny na poziomie Ligue 1.<\/p>\n<p>&#13;<\/p>\n<p class=\"isSelectedEnd\" style=\"text-align: justify;\">P\u00f3\u017aniej jego kariera przenios\u0142a si\u0119 przede wszystkim do Portugalii i Turcji. Gra\u0142 w Bradze, Alanyasporze i Farense, a poprzedni sezon sp\u0119dzi\u0142 w CD Tondela.<\/p>\n<p>&#13;<br \/>\nCztery gole i dwie asysty w Portugalii&#13;<\/p>\n<p class=\"isSelectedEnd\" style=\"text-align: justify;\">W barwach Tondeli Lopes rozegra\u0142 w sezonie 2025\/2026 16 spotka\u0144 ligowych, zdoby\u0142 cztery bramki i zaliczy\u0142 dwie asysty. Na murawie sp\u0119dzi\u0142 nieco ponad tysi\u0105c minut.<\/p>\n<p>&#13;<\/p>\n<p class=\"isSelectedEnd\" style=\"text-align: justify;\">Co ciekawe, w ko\u0144c\u00f3wce rozgrywek pracowa\u0142 pod wodz\u0105 dobrze znanego w Lublinie Gon\u00e7alo Feio. By\u0142y trener Motoru przej\u0105\u0142 Tondel\u0119 w trakcie sezonu i znalaz\u0142 dla Lopesa miejsce w ofensywnym ustawieniu zespo\u0142u. Portugalczyk odpowiedzia\u0142 dobr\u0105 ko\u0144c\u00f3wk\u0105, bo w trzy ze swoich czterech bramek\u00a0 w lidze zdoby\u0142 w ostatnich tygodniach rozgrywek.<\/p>\n<p>&#13;<\/p>\n<p class=\"isSelectedEnd\" style=\"text-align: justify;\">Tondeli nie uda\u0142o si\u0119 jednak utrzyma\u0107 w portugalskiej ekstraklasie. Po spadku Lopes rozsta\u0142 si\u0119 z klubem i obecnie pozostaje wolnym zawodnikiem, co sprawia, \u017ce Motor nie musia\u0142by p\u0142aci\u0107 za jego transfer.<\/p>\n<p>&#13;<br \/>\nMa na koncie wyst\u0119py w reprezentacji Portugalii&#13;<\/p>\n<p class=\"isSelectedEnd\" style=\"text-align: justify;\">CV Lopesa robi wra\u017cenie r\u00f3wnie\u017c ze wzgl\u0119du na reprezentacyjn\u0105 przesz\u0142o\u015b\u0107. Ofensywny pomocnik regularnie wyst\u0119powa\u0142 w m\u0142odzie\u017cowych reprezentacjach Portugalii, od kategorii U-16 a\u017c po U-21.<\/p>\n<p>&#13;<\/p>\n<p class=\"isSelectedEnd\" style=\"text-align: justify;\">Doczeka\u0142 si\u0119 tak\u017ce debiutu w pierwszej reprezentacji. W seniorskiej kadrze Portugalii wyst\u0105pi\u0142 dwukrotnie \u2013 w spotkaniach towarzyskich ze Stanami Zjednoczonymi i Chorwacj\u0105.<\/p>\n<p>&#13;<br \/>\nMotor nadal szuka wzmocnie\u0144&#13;<\/p>\n<p class=\"isSelectedEnd\" style=\"text-align: justify;\">Informacja o zainteresowaniu Lopesem pojawia si\u0119 w momencie, gdy Motor wci\u0105\u017c pracuje nad uzupe\u0142nieniem kadry. Trener Mariusz Misiura po spotkaniu z Piastem Gliwice przyznawa\u0142, \u017ce klub prowadzi rozmowy z potencjalnymi nowymi zawodnikami i potrzebuje kolejnych wzmocnie\u0144. Szkoleniowiec zdradzi\u0142 nawet, \u017ce w dniu meczu osobi\u015bcie rozmawia\u0142 z jednym z pi\u0142karzy, kt\u00f3ry mo\u017ce do\u0142\u0105czy\u0107 do zespo\u0142u.<\/p>\n<p>&#13;<\/p>\n<p class=\"isSelectedEnd\" style=\"text-align: justify;\">Nie wiadomo, czy chodzi\u0142o w\u0142a\u015bnie o Rony&#8217;ego Lopesa. Sam fakt zainteresowania zawodnikiem z takim do\u015bwiadczeniem pokazuje jednak, \u017ce w Lublinie mog\u0105 jeszcze wydarzy\u0107 si\u0119 ciekawe rzeczy.<\/p>\n<p>&#13;<\/p>\n<p class=\"isSelectedEnd\" style=\"text-align: justify;\">Motor dokona\u0142 tego lata du\u017cych zmian w kadrze. Do zespo\u0142u do\u0142\u0105czyli ju\u017c m.in. Bartosz Bereszy\u0144ski, Mateusz \u0141\u0119gowski, Makan Aiko, Yacine Bourhane oraz Tin Plavoti\u0107. W\u0142adze klubu od d\u0142u\u017cszego czasu sygnalizuj\u0105 jednak, \u017ce na tym transferowa ofensywa nie musi si\u0119 zako\u0144czy\u0107.<\/p>\n<p>&#13;<br \/>\nHit transferowy na Lubelskiej Arenie?&#13;<\/p>\n<p class=\"isSelectedEnd\" style=\"text-align: justify;\">Rony Lopes nie jest ju\u017c pi\u0142karzem znajduj\u0105cym si\u0119 na takim etapie kariery jak wtedy, gdy Sevilla p\u0142aci\u0142a za niego dziesi\u0105tki milion\u00f3w euro. Nadal ma jednak dopiero 30 lat, ogromne do\u015bwiadczenie z silnych europejskich lig oraz umiej\u0119tno\u015b\u0107 gry na kilku pozycjach ofensywnych.<\/p>\n<p>&#13;<\/p>\n<p class=\"isSelectedEnd\" style=\"text-align: justify;\">Mo\u017ce wyst\u0119powa\u0107 na skrzydle, jako ofensywny pomocnik, a tak\u017ce bli\u017cej napastnika. Jest lewono\u017cny i przez wi\u0119kszo\u015b\u0107 kariery najwi\u0119ksze zagro\u017cenie stwarza\u0142 dzi\u0119ki technice, dryblingowi oraz zej\u015bciom z prawej strony do \u015brodka.<\/p>\n<p>&#13;<\/p>\n<p style=\"text-align: justify;\">Gdyby Motorowi rzeczywi\u015bcie uda\u0142o si\u0119 doprowadzi\u0107 t\u0119 operacj\u0119 do ko\u0144ca, by\u0142by to jeden z najbardziej medialnych transfer\u00f3w w najnowszej historii lubelskiego klubu. Na razie Rony Lopes pozostaje jednak kandydatem do wzmocnienia dru\u017cyny, a nie jej nowym zawodnikiem. Wed\u0142ug informacji \u201eDziennika Wschodniego\u201d rozmowy i zainteresowanie Portugalczykiem s\u0105 realne, ale na oficjalny komunikat trzeba jeszcze poczeka\u0107.<\/p>\n","protected":false},"excerpt":{"rendered":"fot. Paulo Ladeira\/Bola na Rede Motor Lublin mo\u017ce sprawi\u0107 spor\u0105 niespodziank\u0119 przed zamkni\u0119ciem letniego okna transferowego. Z klubem&hellip;\n","protected":false},"author":2,"featured_media":658347,"comment_status":"","ping_status":"","sticky":false,"template":"","format":"standard","meta":{"footnotes":"","_share_on_mastodon":"0"},"categories":[51612],"tags":[51458,70056,70057,70055,70060,2449,1081,30321,269,42,8135,70059,38,40,39,41,57780,1838,131,127,70061,6743,14763,63331,57619,26654,24505,70058,174],"class_list":["post-658346","post","type-post","status-publish","format-standard","has-post-thumbnail","category-lublin","tag-2-liga","tag-3-liga-grupa-iv","tag-4-liga-podkarpacka","tag-asseco-resovia","tag-developres-rzeszow","tag-koszykowka","tag-lublin","tag-miasto-szkla-krosno","tag-pilka-nozna","tag-pl","tag-podkarpacie","tag-podkarpacki-sport","tag-poland","tag-polish","tag-polska","tag-polski","tag-relacje-live","tag-siarka-tarnobrzeg","tag-siatkowka","tag-sport","tag-spr-stal-mielec","tag-stal-mielec","tag-stal-rzeszow","tag-transmisje-na-zywo","tag-wilki-krosno","tag-wisloka-debica","tag-wyniki-na-zywo","tag-wyniki-pilka-podkarpacie","tag-zuzel"],"share_on_mastodon":{"url":"https:\/\/pubeurope.com\/@pl\/117191522447933736","error":""},"_links":{"self":[{"href":"https:\/\/www.europesays.com\/pl\/wp-json\/wp\/v2\/posts\/658346","targetHints":{"allow":["GET"]}}],"collection":[{"href":"https:\/\/www.europesays.com\/pl\/wp-json\/wp\/v2\/posts"}],"about":[{"href":"https:\/\/www.europesays.com\/pl\/wp-json\/wp\/v2\/types\/post"}],"author":[{"embeddable":true,"href":"https:\/\/www.europesays.com\/pl\/wp-json\/wp\/v2\/users\/2"}],"replies":[{"embeddable":true,"href":"https:\/\/www.europesays.com\/pl\/wp-json\/wp\/v2\/comments?post=658346"}],"version-history":[{"count":0,"href":"https:\/\/www.europesays.com\/pl\/wp-json\/wp\/v2\/posts\/658346\/revisions"}],"wp:featuredmedia":[{"embeddable":true,"href":"https:\/\/www.europesays.com\/pl\/wp-json\/wp\/v2\/media\/658347"}],"wp:attachment":[{"href":"https:\/\/www.europesays.com\/pl\/wp-json\/wp\/v2\/media?parent=658346"}],"wp:term":[{"taxonomy":"category","embeddable":true,"href":"https:\/\/www.europesays.com\/pl\/wp-json\/wp\/v2\/categories?post=658346"},{"taxonomy":"post_tag","embeddable":true,"href":"https:\/\/www.europesays.com\/pl\/wp-json\/wp\/v2\/tags?post=658346"}],"curies":[{"name":"wp","href":"https:\/\/api.w.org\/{rel}","templated":true}]}}