{"id":658374,"date":"2026-08-31T18:37:15","date_gmt":"2026-08-31T18:37:15","guid":{"rendered":"https:\/\/www.europesays.com\/pl\/658374\/"},"modified":"2026-08-31T18:37:15","modified_gmt":"2026-08-31T18:37:15","slug":"kontrowersyjna-interwencja-sopockiej-policji","status":"publish","type":"post","link":"https:\/\/www.europesays.com\/pl\/658374\/","title":{"rendered":"Kontrowersyjna interwencja sopockiej policji"},"content":{"rendered":"<p class=\"lead\">A\u017c sze\u015bciu policjant\u00f3w pr\u00f3bowa\u0142o opanowa\u0107 agresywnego psa, kt\u00f3ry rzuca\u0142 si\u0119 w\u00a0nocy na przechodni\u00f3w na ul. Bohater\u00f3w Monte Cassino, a\u00a0przy okazji pogryz\u0142 te\u017c swoj\u0105 w\u0142a\u015bcicielk\u0119. Kobieta trafi\u0142a do szpitala, zwierz\u0119 do schroniska, a\u00a0cz\u0142owiek, kt\u00f3ry wszystko nagrywa\u0142&#8230; na komend\u0119, gdzie us\u0142ysza\u0142 zarzuty.<\/p>\n<p>                                tak, ale raz i nie by\u0142a to sytuacja jednoznaczna<br \/>\n                                6%<\/p>\n<p>                                nie, w mojej ocenie policja przewa\u017cnie interweniuje w\u0142a\u015bciwie do sytuacji<br \/>\n                                52%<\/p>\n<p>W sieci pojawi\u0142a si\u0119 relacja &#8211; rzekomo przekazana przez \u015bwiadka zdarzenia &#8211; kt\u00f3r\u0105 opublikowali w\u00a0mediach spo\u0142eczno\u015bciowych przedstawiciele sopockiego stowarzyszenia W\u00a0Imieniu Sopocian.Agresywny pies rzuca\u0142 si\u0119 na przechodni\u00f3w<\/p>\n<p>&#8211; Nad ranem 29 sierpnia 2026 r. w\u00a0rejonie ul. Bohater\u00f3w Monte Cassino 61 podj\u0119to interwencj\u0119 policyjn\u0105 w\u00a0zwi\u0105zku z\u00a0agresywnie zachowuj\u0105cym si\u0119 psem. Wed\u0142ug relacji bezpo\u015bredniego \u015bwiadka na miejscu pojawi\u0142y si\u0119 kolejno trzy patrole, \u0142\u0105cznie oko\u0142o sze\u015bciu funkcjonariuszy. Interwencja, kt\u00f3rej pierwotnym celem mia\u0142o by\u0107 opanowanie zagro\u017cenia powodowanego przez zwierz\u0119, przybra\u0142a jednak zupe\u0142nie inny obr\u00f3t. Jeden z\u00a0obecnych na miejscu m\u0119\u017cczyzn rejestrowa\u0142 przebieg czynno\u015bci telefonem. Policjanci uznali, \u017ce utrudnia ich dzia\u0142ania, po czym kilku funkcjonariuszy jednocze\u015bnie przyst\u0105pi\u0142o do jego obezw\u0142adnienia &#8211; napisali.<\/p>\n<p>Obezw\u0142adnienie nagrywaj\u0105cego zdarzenie m\u0119\u017cczyzny<\/p>\n<p>Dodali, \u017ce filmuj\u0105cy zdarzenie m\u0119\u017cczyzna mia\u0142 podczas obezw\u0142adniania go przez policj\u0119 dwukrotnie uderzy\u0107 g\u0142ow\u0105 o\u00a0pod\u0142o\u017ce.<\/p>\n<p>\n            <a href=\"https:\/\/s-trojmiasto.pl\/zdj\/c\/n\/9\/4410\/1160x0\/4410481-Obezwladniono-tez-mezczyzne-ktory-mial-nagrywac-zdarzenie__c_0_418_1160_1508.webp\" target=\"_blank\" data-slide-name=\"860250\" data-lightbox-target=\"photo full\" data-sub-html=\"&lt;h4&gt;Obezw\u0142adniono te\u017c m\u0119\u017cczyzn\u0119, kt\u00f3ry mia\u0142 nagrywa\u0107 zdarzenie.&lt;\/h4&gt;&lt;p&gt;fot. W Imieniu Sopocian&lt;\/p&gt;&#010;\" class=\"photoMarker__link\" data-filter-brightness=\"brightness--100\" rel=\"nofollow noopener\"><\/p>\n<p>    <img decoding=\"async\" style=\"height:975px; aspect-ratio: 0.76923\/1; filter:brightness(1);\" alt=\"Obezw\u0142adniono te\u017c m\u0119\u017cczyzn\u0119, kt\u00f3ry mia\u0142 nagrywa\u0107 zdarzenie.\" src=\"https:\/\/www.europesays.com\/pl\/wp-content\/uploads\/2026\/08\/4410481-Obezwladniono-tez-mezczyzne-ktory-mial-nagrywac-zdarzenie__c_0_418_1160_1508.webp\" class=\"photoMarker__img lazy\" data-slider=\"img\"\/><\/p>\n<p>            <\/a><\/p>\n<p>&#8211; Powa\u017cne w\u0105tpliwo\u015bci budzi spos\u00f3b potraktowania osoby dokumentuj\u0105cej zdarzenie. Wed\u0142ug jej relacji policjanci kierowali wobec niej zapowiedzi u\u017cycia gazu i\u00a0innych \u015brodk\u00f3w przymusu, odpychali j\u0105 oraz utrudniali rejestrowanie interwencji. Na nagraniu [nagrania takiego jednak nie udost\u0119pniono, jedynie zdj\u0119cia &#8211; przyp. red.] wida\u0107 funkcjonariusza, kt\u00f3ry wielokrotnie ustawia si\u0119 bezpo\u015brednio przed telefonem i\u00a0zas\u0142ania obiektyw. Wyja\u015bnienia wymaga, czy zachowanie to s\u0142u\u017cy\u0142o wykonaniu konkretnej czynno\u015bci s\u0142u\u017cbowej, czy te\u017c zmierza\u0142o do ograniczenia mo\u017cliwo\u015bci utrwalenia sposobu stosowania si\u0142y &#8211; napisano na stronie stowarzyszenia.<\/p>\n<p>Jak interwencja wygl\u0105da\u0142a wed\u0142ug policji?<\/p>\n<p>O spraw\u0119 zapytali\u015bmy policjant\u00f3w z\u00a0Sopotu. Wed\u0142ug informacji przekazanych nam przez m\u0142. asp. Rados\u0142awa Ja\u015bkiewicza, rzecznika sopockiej komendy, zdarzenie mia\u0142o nieco inny przebieg, cho\u0107 g\u0142\u00f3wnie w\u00a0kwestii dotycz\u0105cej m\u0119\u017cczyzny nagrywaj\u0105cego interwencj\u0119.<\/p>\n<p><a href=\"https:\/\/katalog.trojmiasto.pl\/uslugi\/zwierzeta\/schroniska_dla_zwierzat\/\" class=\"catalog-info-box\" data-tklik=\"784887\" rel=\"nofollow noopener\" target=\"_blank\"><\/p>\n<p>Schroniska dla Zwierz\u0105t<\/p>\n<p><\/a><\/p>\n<p>Wed\u0142ug wersji policji, pocz\u0105tkowo podj\u0119to interwencj\u0119 zwi\u0105zan\u0105 z\u00a0kobiet\u0105, kt\u00f3ra nie potrafi\u0142a zapanowa\u0107 nad swoim agresywnym psem, kt\u00f3ry by\u0142 puszczony bez smyczy i\u00a0atakowa\u0142 przechodni\u00f3w (mia\u0142 kaganiec, tylko dlatego nikogo nie pogryz\u0142).<\/p>\n<p>                                    <a data-tklik=\"137110\" href=\"https:\/\/katalog.trojmiasto.pl\/prawo_i_doradztwo\/kancelarie_adwokackie_i_radcowskie\/dobre\/\" rel=\"nofollow noopener\" target=\"_blank\"><br \/>\n                                                    Ranking.trojmiasto.pl \u2013<br \/>\n                                                                    Najlepsze kancelarie adwokackie i radcowskie w Tr\u00f3jmie\u015bcie<br \/>\n                                                                    <\/a><br \/>\n                                                                                        <a href=\"https:\/\/katalog.trojmiasto.pl\/prawo_i_doradztwo\/kancelarie_adwokackie_i_radcowskie\/dobre\/gdansk\" rel=\"nofollow noopener\" target=\"_blank\">Gda\u0144sk<\/a>,                                                <a href=\"https:\/\/katalog.trojmiasto.pl\/prawo_i_doradztwo\/kancelarie_adwokackie_i_radcowskie\/dobre\/gdynia\" rel=\"nofollow noopener\" target=\"_blank\">Gdynia<\/a>,                                                <a href=\"https:\/\/katalog.trojmiasto.pl\/prawo_i_doradztwo\/kancelarie_adwokackie_i_radcowskie\/dobre\/sopot\" rel=\"nofollow noopener\" target=\"_blank\">Sopot<\/a>                        <\/p>\n<p>                <a data-tklik=\"137110\" href=\"https:\/\/katalog.trojmiasto.pl\/prawo_i_doradztwo\/kancelarie_adwokackie_i_radcowskie\/dobre\/\" rel=\"nofollow noopener\" target=\"_blank\"><br \/>\n                    wi\u0119cej<\/p>\n<p>                <\/a><\/p>\n<p>Zachowanie kobiety mog\u0142o budzi\u0107 podejrzenia, co do stanu jej zdrowia. Co prawda sama pr\u00f3bowa\u0142a zapanowa\u0107 nad psem, ale ten j\u0105 ugryz\u0142 i\u00a0porani\u0142. Konieczne by\u0142o wezwanie posi\u0142k\u00f3w do opanowania sytuacji z\u00a0agresywnym zwierz\u0119ciem. Ostatecznie policjanci nakryli je kocem i\u00a0w ten spos\u00f3b przetransportowali do schroniska. Na miejsce wezwano te\u017c ratownik\u00f3w medycznych.<\/p>\n<p>&#8211; Po konsultacji z\u00a0ratownikami w\u0142a\u015bcicielka psa zosta\u0142a przewieziona do szpitala, pies za\u015b trafi\u0142 bezpieczny do schroniska dla zwierz\u0105t &#8211; m\u00f3wi Ja\u015bkiewicz.<\/p>\n<p>Zatrzymany za zniewa\u017cenie policjant\u00f3w<\/p>\n<p>Co z\u00a0m\u0119\u017cczyzn\u0105, kt\u00f3rego obezw\u0142adniono?<\/p>\n<p>&#8211; Ten cz\u0142owiek by\u0142 agresywny i\u00a0wulgarny, ubli\u017ca\u0142 funkcjonariuszom i\u00a0utrudnia\u0142 interwencj\u0119. Zosta\u0142 zatrzymany i\u00a0us\u0142ysza\u0142 zarzuty dotycz\u0105ce zniewa\u017cenia funkcjonariuszy publicznych. Przebadano go i\u00a0okaza\u0142o si\u0119, \u017ce by\u0142 pijany &#8211; m\u00f3wi Ja\u015bkiewicz.\n                <\/p>\n","protected":false},"excerpt":{"rendered":"A\u017c sze\u015bciu policjant\u00f3w pr\u00f3bowa\u0142o opanowa\u0107 agresywnego psa, kt\u00f3ry rzuca\u0142 si\u0119 w\u00a0nocy na przechodni\u00f3w na ul. Bohater\u00f3w Monte Cassino,&hellip;\n","protected":false},"author":2,"featured_media":658375,"comment_status":"","ping_status":"","sticky":false,"template":"","format":"standard","meta":{"footnotes":"","_share_on_mastodon":"0"},"categories":[16],"tags":[113,54237,112,20400,1048,1064,15802,13202,15504,6183,42,38,414,40,39,41,12162,39438,1063,5602,90526,33344],"class_list":["post-658374","post","type-post","status-publish","format-standard","has-post-thumbnail","category-biznes","tag-biznes","tag-bohaterow-monte-cassino","tag-business","tag-czlowiek","tag-gdansk","tag-gdynia","tag-interwencja","tag-komenda","tag-nagranie","tag-pies","tag-pl","tag-poland","tag-policja","tag-polish","tag-polska","tag-polski","tag-przechodzien","tag-schronisko","tag-sopot","tag-szpital","tag-wlascicielka","tag-zarzut"],"share_on_mastodon":{"url":"https:\/\/pubeurope.com\/@pl\/117191576335455386","error":""},"_links":{"self":[{"href":"https:\/\/www.europesays.com\/pl\/wp-json\/wp\/v2\/posts\/658374","targetHints":{"allow":["GET"]}}],"collection":[{"href":"https:\/\/www.europesays.com\/pl\/wp-json\/wp\/v2\/posts"}],"about":[{"href":"https:\/\/www.europesays.com\/pl\/wp-json\/wp\/v2\/types\/post"}],"author":[{"embeddable":true,"href":"https:\/\/www.europesays.com\/pl\/wp-json\/wp\/v2\/users\/2"}],"replies":[{"embeddable":true,"href":"https:\/\/www.europesays.com\/pl\/wp-json\/wp\/v2\/comments?post=658374"}],"version-history":[{"count":0,"href":"https:\/\/www.europesays.com\/pl\/wp-json\/wp\/v2\/posts\/658374\/revisions"}],"wp:featuredmedia":[{"embeddable":true,"href":"https:\/\/www.europesays.com\/pl\/wp-json\/wp\/v2\/media\/658375"}],"wp:attachment":[{"href":"https:\/\/www.europesays.com\/pl\/wp-json\/wp\/v2\/media?parent=658374"}],"wp:term":[{"taxonomy":"category","embeddable":true,"href":"https:\/\/www.europesays.com\/pl\/wp-json\/wp\/v2\/categories?post=658374"},{"taxonomy":"post_tag","embeddable":true,"href":"https:\/\/www.europesays.com\/pl\/wp-json\/wp\/v2\/tags?post=658374"}],"curies":[{"name":"wp","href":"https:\/\/api.w.org\/{rel}","templated":true}]}}