{"id":658376,"date":"2026-08-31T18:38:24","date_gmt":"2026-08-31T18:38:24","guid":{"rendered":"https:\/\/www.europesays.com\/pl\/658376\/"},"modified":"2026-08-31T18:38:24","modified_gmt":"2026-08-31T18:38:24","slug":"rosja-grozi-bomba-atomowa-jesli-trzeba-bedzie-uderzymy","status":"publish","type":"post","link":"https:\/\/www.europesays.com\/pl\/658376\/","title":{"rendered":"Rosja grozi bomb\u0105 atomow\u0105. \u201eJe\u015bli trzeba b\u0119dzie \u2013 uderzymy\u201d"},"content":{"rendered":"<p>   <a href=\"https:\/\/defence24.pl\/strona-autora\/mateusz-saweczko\" target=\"_self\" class=\"article-author-block__avatar-wrap\" rel=\"nofollow noopener\"><img loading=\"lazy\" decoding=\"async\" src=\"https:\/\/www.europesays.com\/pl\/wp-content\/uploads\/2026\/08\/HXSLT85ZgwqZ6jAETfhjWAzrKiVxYPQqpcdl9zXt.ohmw.jpg\" alt=\"Mateusz Saweczko\"  width=\"100\" height=\"100\" author=\"Mateusz Saweczko\" caption=\"Mateusz Saweczko\" fullscreen=\"https:\/\/cdn.defence24.pl\/2026\/08\/31\/1920xpx\/HXSLT85ZgwqZ6jAETfhjWAzrKiVxYPQqpcdl9zXt.t16u.jpg\" class=\"img article-author-block__avatar img-avatar\" style=\"aspect-ratio:100 \/ 100;\"\/><\/a>  <img decoding=\"async\" src=\"https:\/\/www.europesays.com\/pl\/wp-content\/uploads\/2026\/08\/eAAsAtoWnrzlhGSrbvDs5qws7nuEm37z9BisgMoX.2d0o.jpg\" alt=\"Bomba atomowa eksploduj\u0105ca przed asfaltow\u0105 drog\u0105 - zdj\u0119cie ilustracyjne\"  width=\"800\" height=\"450\" author=\"Envato\" fetchpriority=\"high\" class=\"img image-with-caption__image\" style=\"aspect-ratio:800 \/ 450;\"\/><br \/>\n        Bomba atomowa eksploduj\u0105ca przed asfaltow\u0105 drog\u0105 &#8211; zdj\u0119cie ilustracyjne<br \/>\n       <br \/>Autor. Envato<\/p>\n<p>W niedziel\u0119 30 sierpnia, rosyjski pose\u0142 i przewodnicz\u0105cy partii Rodina, Aleksiej \u017burawlow, opublikowa\u0142 w rosyjskich mediach spo\u0142eczno\u015bciowych kr\u00f3tki film, w kt\u00f3rym ostrzega Ukrain\u0119 przed atakiem broni\u0105 j\u0105drow\u0105 i normalizuje jej u\u017cycie. \u201eJe\u015bli trzeba b\u0119dzie uderzy\u0107 \u2013 uderzymy!\u201d \u2013 grzmia\u0142 Rosjanin.<\/p>\n<p>         Rosyjski pose\u0142 zach\u0119ca do u\u017cycia broni j\u0105drowej przeciwko Ukrainie  <\/p>\n<p class=\"paragraph-module\">W materiale opublikowanym w rosyjskich mediach spo\u0142eczno\u015bciowych, deputowany do Dumy Pa\u0144stwowej Aleksiej \u017burawlow, grozi Ukrainie u\u017cyciem taktycznej broni j\u0105drowej, postrzegaj\u0105c tak\u0105 perspektyw\u0119 jako \u015brodek nacisku dla szybkiego zako\u0144czenia wojny. \u201eTrwaj\u0105 dyskusje: czy mo\u017cemy u\u017cywa\u0107 taktycznej broni j\u0105drowej? Czy nie mo\u017cemy? Takiej dyskusji w og\u00f3le nie powinno by\u0107. W razie konieczno\u015bci jeste\u015bmy zobowi\u0105zani jej u\u017cy\u0107. Do\u015b\u0107 ju\u017c ci\u0105g\u0142ego pope\u0142niania tych samych b\u0142\u0119d\u00f3w\u201d \u2013 stwierdzi\u0142 \u017burawlow, wcze\u015bniej optymistycznie podsumowuj\u0105c <a href=\"https:\/\/defence24.pl\/wiadomosci\/kijow-odessa-i-zaporoze-pod-ostrzalem-zmasowany-atak-rosji-na-ukraine\" rel=\"nofollow noopener\" target=\"_blank\">ostatnie rosyjskie ataki na Ukrainie<\/a>.<\/p>\n<p class=\"paragraph-module\">\u201eMoim zdaniem trzeba uderza\u0107 mocniej. I nie tylko moim zdaniem\u201d \u2013 m\u00f3wi\u0142 rosyjski pose\u0142. Przypomnijmy, \u017ce Aleksiej \u017burawlow od lat pozostaje lojalnym j\u0119zykiem Kremla, wspieraj\u0105c polityk\u0119 W\u0142adimira Putina \u2013 szczeg\u00f3lnie w kontek\u015bcie wojny na Ukrainie.<\/p>\n<p>     Dwa k\u0142amstwa w ci\u0105gu minuty. Tak dzia\u0142a propaganda  <\/p>\n<p class=\"paragraph-module\">Rosyjski polityk, pr\u00f3buj\u0105c uzasadni\u0107 konieczno\u015b\u0107 ataku j\u0105drowego na Ukrain\u0119, dwukrotnie pos\u0142u\u017cy\u0142 si\u0119 k\u0142amstwem \u2013 pomimo faktu, \u017ce jego wypowied\u017a trwa\u0142a nieco ponad minut\u0119.<\/p>\n<p class=\"paragraph-module\">W pierwszej kolejno\u015bci \u017burawlow sugerowa\u0142, \u017ce w trakcie rozpadu ZSRR, PKB Ukrainy by\u0142o wi\u0119ksze ni\u017c PKB Niemiec. \u201eI jak oni teraz si\u0119 do nas odnosz\u0105?\u201d \u201eNie musz\u0119 wam tego t\u0142umaczy\u0107\u2026\u201d \u2013 narzeka\u0142 Rosjanin. Jest to jednak wierutna bzdura. W rzeczywisto\u015bci PKB Ukrainy w \u00f3wczesnym okresie by\u0142o a\u017c 24 razy mniejsze od PKB Niemiec \u2013 abstrahuj\u0105c od faktu, \u017ce \u017cadna postawa strony ukrai\u0144skiej nie usprawiedliwia rosyjskich zbrodni wojennych pope\u0142nianych na Ukrainie, w tym zapowiedzi ataku nuklearnego.<\/p>\n<p class=\"paragraph-module\">Dalej \u017burawlow m\u00f3wi\u0142: \u201eA Amerykanie zrzucili na Japoni\u0119 dwie bomby atomowe. I co widzimy? Teraz obca\u0142owuj\u0105 Amerykan\u00f3w, gdzie tylko si\u0119 da. Premier Japonii sk\u0142ada kwiaty na grobie pilota, kt\u00f3ry zrzuci\u0142 bomby atomowe. Dlatego: je\u015bli trzeba b\u0119dzie uderzy\u0107 \u2013 b\u0119dziemy uderza\u0107! I to nie podlega dyskusji\u201d.<\/p>\n<p class=\"paragraph-module\">To drugie k\u0142amstwo rosyjskiego pos\u0142a. W rzeczywisto\u015bci japo\u0144ska premier nigdy nie uhonorowa\u0142a kwiatami pilota uczestnicz\u0105cego w misji atomowej na Nagasaki \u2013 sk\u0142ada\u0142a je na Grobie Nieznanego \u017bo\u0142nierza na Cmentarzu Narodowym w Arlington. Wspomniany pilot, Charles Sweeney, nawet nie jest pochowany w Arlington, a w Massachusetts.<\/p>\n<p>    Rosyjski politolog: Bro\u0144 j\u0105drowa zaakceptowana jako jedna z opcji  <\/p>\n<p class=\"paragraph-module\">Aleksiej \u017burawlow nie jest odosobniony w uprawianej przez siebie propagandzie \u2013 wraz z nim w jednym ch\u00f3rze \u015bpiewa Jurij Baranczyk, rosyjski, prokremlowski politolog. W takich s\u0142owach odni\u00f3s\u0142 si\u0119 do konieczno\u015bci przeprowadzenia ataku nuklearnego na terytorium Ukrainy: \u201eOd dawna pisa\u0142em, \u017ce Amerykanie prowadz\u0105 wynikiem 2:0. To niew\u0142a\u015bciwy stan rzeczy i trzeba go skorygowa\u0107. Trzeba dzia\u0142a\u0107 zgodnie z prawem si\u0142y, a wszyscy to zaakceptuj\u0105. I nie tylko zaakceptuj\u0105, ale b\u0119d\u0105 szanowa\u0107 = ba\u0107 si\u0119\u201d.<\/p>\n<p class=\"paragraph-module\">Pytany o bie\u017c\u0105cy pogl\u0105d na wykorzystanie broni atomowej przez Rosj\u0119 m\u00f3wi\u0142 jeszcze: \u201eZosta\u0142a ona (bomba atomowa \u2013 przyp. red.) zaakceptowana jako jedna z dopuszczalnych opcji. Dyskusje na ten temat si\u0119 zako\u0144czy\u0142y. Decyzja zosta\u0142a podj\u0119ta \u2013 mo\u017cna. Pytanie dotyczy zachowania przeciwnika, w tym pa\u0144stw europejskich, konkretnej sytuacji oraz kszta\u0142tuj\u0105cego si\u0119 kontekstu geopolitycznego\u201d.<\/p>\n<p class=\"paragraph-module\">Baranczyk sugerowa\u0142 r\u00f3wnie\u017c, \u017ce wykorzystanie broni j\u0105drowej przeciwko Ukrainie mo\u017ce sta\u0107 si\u0119 faktem w sytuacji, w kt\u00f3rej Kij\u00f3w przeprowadzi ataki rakietowe na Moskw\u0119 w trakcie wrze\u015bniowych wybor\u00f3w. \u201eTo stanie si\u0119 tym spustem, kt\u00f3ry pozwoli nam odbezpieczy\u0107 koncepcj\u0119 u\u017cycia broni j\u0105drowej i przenie\u015b\u0107 j\u0105 ze stanu czysto teoretycznego do skutecznie realizowanej praktyki. I to cieszy\u201d \u2013 podsumowa\u0142.<\/p>\n<p>  Alexander Stubb nie wierzy Rosji. Powo\u0142uje si\u0119 na Chiny  <\/p>\n<p class=\"paragraph-module\">Prezydent Finlandii, Alexander Stubb, nie wierzy w mo\u017cliwo\u015b\u0107 u\u017cycia przez Rosj\u0119 broni atomowej \u2013 przekonuje, \u017ce to jedynie pr\u00f3ba zastraszenia Zachodu. \u201eRosja chce, aby\u015bmy my, Europejczycy, siedzieli tutaj i dyskutowali: czy b\u0119dzie dalej eskalowa\u0107? Czy u\u017cyje broni j\u0105drowej? Czy zaatakuje NATO i Europ\u0119?\u201d \u2013 m\u00f3wi\u0142 fi\u0144ski prezydent.<\/p>\n<p class=\"paragraph-module\">W ostatnich dniach oznajmi\u0142 tak\u017ce, \u017ce chi\u0144ski minister spraw zagranicznych, Wang Yi, poinformowa\u0142 go, \u017ce Chiny nie dopuszcz\u0105 do takiej eskalacji. \u201eNigdy na to nie pozwolimy\u201d \u2013 mia\u0142 powiedzie\u0107 chi\u0144ski polityk.<\/p>\n","protected":false},"excerpt":{"rendered":"Bomba atomowa eksploduj\u0105ca przed asfaltow\u0105 drog\u0105 &#8211; zdj\u0119cie ilustracyjne Autor. Envato W niedziel\u0119 30 sierpnia, rosyjski pose\u0142 i&hellip;\n","protected":false},"author":2,"featured_media":658377,"comment_status":"","ping_status":"","sticky":false,"template":"","format":"standard","meta":{"footnotes":"","_share_on_mastodon":"0"},"categories":[14],"tags":[32,33,27,34,35,28,31,25,40,41,80,29,30,26,82,83,84],"class_list":["post-658376","post","type-post","status-publish","format-standard","has-post-thumbnail","category-swiat","tag-breaking-news","tag-breakingnews","tag-headlines","tag-latest-news","tag-latestnews","tag-naglowki","tag-najwazniejsze-artykuly","tag-news","tag-polish","tag-polski","tag-swiat","tag-top-stories","tag-topstories","tag-wiadomosci","tag-world","tag-world-news","tag-worldnews"],"share_on_mastodon":{"url":"","error":""},"_links":{"self":[{"href":"https:\/\/www.europesays.com\/pl\/wp-json\/wp\/v2\/posts\/658376","targetHints":{"allow":["GET"]}}],"collection":[{"href":"https:\/\/www.europesays.com\/pl\/wp-json\/wp\/v2\/posts"}],"about":[{"href":"https:\/\/www.europesays.com\/pl\/wp-json\/wp\/v2\/types\/post"}],"author":[{"embeddable":true,"href":"https:\/\/www.europesays.com\/pl\/wp-json\/wp\/v2\/users\/2"}],"replies":[{"embeddable":true,"href":"https:\/\/www.europesays.com\/pl\/wp-json\/wp\/v2\/comments?post=658376"}],"version-history":[{"count":0,"href":"https:\/\/www.europesays.com\/pl\/wp-json\/wp\/v2\/posts\/658376\/revisions"}],"wp:featuredmedia":[{"embeddable":true,"href":"https:\/\/www.europesays.com\/pl\/wp-json\/wp\/v2\/media\/658377"}],"wp:attachment":[{"href":"https:\/\/www.europesays.com\/pl\/wp-json\/wp\/v2\/media?parent=658376"}],"wp:term":[{"taxonomy":"category","embeddable":true,"href":"https:\/\/www.europesays.com\/pl\/wp-json\/wp\/v2\/categories?post=658376"},{"taxonomy":"post_tag","embeddable":true,"href":"https:\/\/www.europesays.com\/pl\/wp-json\/wp\/v2\/tags?post=658376"}],"curies":[{"name":"wp","href":"https:\/\/api.w.org\/{rel}","templated":true}]}}