{"id":658388,"date":"2026-08-31T18:47:13","date_gmt":"2026-08-31T18:47:13","guid":{"rendered":"https:\/\/www.europesays.com\/pl\/658388\/"},"modified":"2026-08-31T18:47:13","modified_gmt":"2026-08-31T18:47:13","slug":"budowa-malych-reaktorow-jadrowych-w-polsce-na-kolejnym-wirazu","status":"publish","type":"post","link":"https:\/\/www.europesays.com\/pl\/658388\/","title":{"rendered":"Budowa ma\u0142ych reaktor\u00f3w j\u0105drowych w Polsce na kolejnym wira\u017cu"},"content":{"rendered":"<p>Orlen Synthos Green Energy to joint venture kontrolowanego przez pa\u0144stwo multienergetycznego koncernu Orlen oraz Synthos Green Energy, nale\u017c\u0105cego miliardera Micha\u0142a So\u0142owowa, kt\u00f3re zosta\u0142o powo\u0142ane w maju 2022 roku do budowy floty ma\u0142ych modu\u0142owych reaktor\u00f3w j\u0105drowych BWRX-300 w Polsce. Po zmianie rz\u0105du, i przej\u0119ciu w\u0142adzy przez koalicj\u0119 15 pa\u017adziernika, udzia\u0142owcy cz\u0119\u015bciej si\u0119 k\u0142\u00f3c\u0105, ni\u017c wsp\u00f3\u0142pracuj\u0105 przy rozwoju projektu.<\/p>\n<p>                                    &#13;<\/p>\n<p>                                    &#13;<\/p>\n<p>Obecnie mamy kolejn\u0105 ods\u0142on\u0119 sporu. 31 sierpnia mija termin wniesienia przez OSGE op\u0142at licencyjnych zwi\u0105zanych z umow\u0105 na tzw. Standard Design BWRX-300 do sp\u00f3\u0142ki SGE, \u2026. udzia\u0142owca OSGE, nale\u017c\u0105cej do Micha\u0142a So\u0142owowa. OSGE ma nie mie\u0107 na to na to \u015brodk\u00f3w. Co potwierdzi\u0142 w rozmowie z wnp.pl Rafa\u0142 Kaspr\u00f3w, prezes OSGE, ale tak\u017ce SGE. To interesuj\u0105ca informacja, bo w sprawozdaniu z dzia\u0142alno\u015bci sp\u00f3\u0142ki za 2025 roku, zarz\u0105d OSGE twierdzi\u0142, \u017ce posiada ona wystarczaj\u0105ce zasoby finansowe pozwalaj\u0105ce na kontynuacj\u0119 dzia\u0142alno\u015bci w kolejnym okresie obrotowym, czyli w 2026 roku. <\/p>\n<p>                                    &#13;<\/p>\n<p>                                    &#13;<\/p>\n<p>SGE, wed\u0142ug prezesa Kaspr\u00f3wa mia\u0142o zaproponowa\u0107 drugiemu Orlenowi dokapitalizowanie OSGE lub udzielenie sp\u00f3\u0142ce po\u017cyczek. Orlen nie by\u0142 w stanie zaj\u0105\u0107 stanowiska w tej sprawie w wymaganym terminie, czyli do ko\u0144ca sierpnia. W tej sytuacji SGE ma przesun\u0105\u0107 termin p\u0142atno\u015bci, co sprawy nie za\u0142atwia, a odsuwa problem w czasie. <\/p>\n<p>                                    &#13;<\/p>\n<p>                                    &#13;<\/p>\n<p>Na koniec 2025 roku kapita\u0142y w\u0142asne OSGE wynosi\u0142y 434,2 mln z\u0142otych, po stracie w wysoko\u015bci 44,3 mln z\u0142otych. Zobowi\u0105zania 31 grudnia 2025 roku wynosi\u0142y 37,1 mln z\u0142otych. Nie wiadomo, czy wliczono w to p\u0142atno\u015bci za licencje dla SGE. Sp\u00f3\u0142ka OSGE by\u0142a dokapitalizowywana po raz ostatni w listopadzie 2023 roku, a wi\u0119c po wyborach, w wyniku kt\u00f3rych w\u0142adz\u0119 przej\u0119\u0142a koalicja 15 pa\u017adziernika, ale jeszcze przed wymian\u0105 w\u0142adz w Orlenie.<\/p>\n<p>                                    &#13;<\/p>\n<p>                                    &#13;<\/p>\n<p>Obecny pat ma mie\u0107 zwi\u0105zek z planowan\u0105 inwestycj\u0105 w bateri\u0119 SMR-\u00f3w we W\u0142oc\u0142awku, zlokalizowanych przy Anwilu, energoch\u0142onnym producencie nawoz\u00f3w i polichlorku winylu z grupy Orlen. Wed\u0142ug Business Insider Polska pa\u0144stwowy koncern jest gotowy do dokapitalizowania OSGE, ale oczekuje w zamian realnego wp\u0142ywu na projekt przygotowywany we W\u0142oc\u0142awku. <\/p>\n<p>                                    &#13;<\/p>\n<p>                                    &#13;<\/p>\n<p>Pocz\u0105tkowo Orlen mia\u0142 nawet zak\u0142ada\u0107 posiadanie 80 proc. udzia\u0142\u00f3w w sp\u00f3\u0142ce celowej. Zapewne chodzi o sp\u00f3\u0142k\u0119 BWRX-300 W\u0142oc\u0142awek. Jej jedynym udzia\u0142owcem jest OSGE (prezesem jest Rafa\u0142 Kaspr\u00f3w). Tak jak pozosta\u0142ych sp\u00f3\u0142ek projektowych powo\u0142anych do budowy reaktor\u00f3w w innych lokalizacjach. BWRX-300 W\u0142oc\u0142awek by\u0142 dokapitalizowany w maju 2025 roku kwot\u0105 3,5 mln z\u0142otych. Orlen, je\u015bli mia\u0142by przej\u0105\u0107 kontrol\u0119 musia\u0142by zasili\u0107 sp\u00f3\u0142k\u0119 kapita\u0142em, b\u0105d\u017a odkupi\u0107 udzia\u0142y od OSGE. Zmieni\u0142oby to jednak spos\u00f3b ca\u0142kowicie spos\u00f3b rozwoju planowanych projekt\u00f3w w ramach grupy OSGE. <\/p>\n<p>                                    &#13;<\/p>\n<p>                                    &#13;<\/p>\n<p>We W\u0142oc\u0142awku maj\u0105 powsta\u0107 cztery reaktory BWRX-300, co oznacza nak\u0142ady na poziomie 8 mld euro (jednak mia\u0142yby one przynie\u015b\u0107 nawet 200 mln euro rocznie oszcz\u0119dno\u015bci w kosztach zakupu praw do emisji CO2 w ramach unijnego systemu ETS). Wed\u0142ug Business Insider Polska &#8211; koncernowi nie chodzi jednak wy\u0142\u0105cznie o sam udzia\u0142 kapita\u0142owy. Dla Orlenu istotne maj\u0105 by\u0107 przede wszystkim decyzje dotycz\u0105ce wydatk\u00f3w, harmonogramu inwestycji oraz standard\u00f3w bezpiecze\u0144stwa. Koncern chce r\u00f3wnie\u017c mie\u0107 nieograniczony dost\u0119p do GE Vernova Hitachi Nuclear Energy, czyli dostawcy technologii, nad czym kontrol\u0119 ma obecnie Micha\u0142 So\u0142owow, poprzez SGE, kt\u00f3ry ma wy\u0142\u0105czno\u015b\u0107 m.in. na Polsk\u0119, W\u0119gry a ostatnio te\u017c Wielk\u0105 Brytani\u0119.<\/p>\n<p>                                    &#13;<\/p>\n<p>                                    &#13;<\/p>\n<p>Zarz\u0105d Orlenu deklaruje, \u017ce chce, aby pierwszy europejski reaktor SMR powsta\u0142 we W\u0142oc\u0142awku, ale zaznacza, \u017ce projekt musi by\u0107 realizowany z zachowaniem bezpiecze\u0144stwa technologicznego oraz interesu koncernu i jego akcjonariuszy.<\/p>\n<p>\n            Pobierz aplikacj\u0119 Newsmax Polska:\n        <\/p>\n<p>            <a href=\"https:\/\/apps.apple.com\/us\/app\/newsmax-polska\/id6762452749\" rel=\"nofollow noopener\" target=\"_blank\"><br \/>\n                <img decoding=\"async\" src=\"https:\/\/www.europesays.com\/pl\/wp-content\/uploads\/2026\/08\/1788202032_295_app-store.png\" alt=\"AppStore\" width=\"169\" height=\"auto\"\/><br \/>\n            <\/a><br \/>\n            <a href=\"https:\/\/play.google.com\/store\/apps\/details?id=newsmax.poland\" rel=\"nofollow noopener\" target=\"_blank\"><br \/>\n                <img decoding=\"async\" src=\"https:\/\/www.europesays.com\/pl\/wp-content\/uploads\/2026\/08\/1788202033_495_google-play.png\" alt=\"GooglePlay\" width=\"169\" height=\"auto\"\/><br \/>\n            <\/a><\/p>\n<p>\n            Aplikacj\u0119 Newsmax Polska mo\u017cna pobra\u0107 z Google Play i App Store.        <\/p>\n","protected":false},"excerpt":{"rendered":"Orlen Synthos Green Energy to joint venture kontrolowanego przez pa\u0144stwo multienergetycznego koncernu Orlen oraz Synthos Green Energy, nale\u017c\u0105cego&hellip;\n","protected":false},"author":2,"featured_media":658389,"comment_status":"","ping_status":"","sticky":false,"template":"","format":"standard","meta":{"footnotes":"","_share_on_mastodon":"0"},"categories":[52097],"tags":[44787,16065,774,44785,42,38,40,39,41,44781,128214,3457],"class_list":["post-658388","post","type-post","status-publish","format-standard","has-post-thumbnail","category-orlen","tag-bwrx-300","tag-michal-solowow","tag-orlen","tag-orlen-synthos-green-energy","tag-pl","tag-poland","tag-polish","tag-polska","tag-polski","tag-smr","tag-synthos-green-energy","tag-wloclawek"],"share_on_mastodon":{"url":"https:\/\/pubeurope.com\/@pl\/117191617805303552","error":""},"_links":{"self":[{"href":"https:\/\/www.europesays.com\/pl\/wp-json\/wp\/v2\/posts\/658388","targetHints":{"allow":["GET"]}}],"collection":[{"href":"https:\/\/www.europesays.com\/pl\/wp-json\/wp\/v2\/posts"}],"about":[{"href":"https:\/\/www.europesays.com\/pl\/wp-json\/wp\/v2\/types\/post"}],"author":[{"embeddable":true,"href":"https:\/\/www.europesays.com\/pl\/wp-json\/wp\/v2\/users\/2"}],"replies":[{"embeddable":true,"href":"https:\/\/www.europesays.com\/pl\/wp-json\/wp\/v2\/comments?post=658388"}],"version-history":[{"count":0,"href":"https:\/\/www.europesays.com\/pl\/wp-json\/wp\/v2\/posts\/658388\/revisions"}],"wp:featuredmedia":[{"embeddable":true,"href":"https:\/\/www.europesays.com\/pl\/wp-json\/wp\/v2\/media\/658389"}],"wp:attachment":[{"href":"https:\/\/www.europesays.com\/pl\/wp-json\/wp\/v2\/media?parent=658388"}],"wp:term":[{"taxonomy":"category","embeddable":true,"href":"https:\/\/www.europesays.com\/pl\/wp-json\/wp\/v2\/categories?post=658388"},{"taxonomy":"post_tag","embeddable":true,"href":"https:\/\/www.europesays.com\/pl\/wp-json\/wp\/v2\/tags?post=658388"}],"curies":[{"name":"wp","href":"https:\/\/api.w.org\/{rel}","templated":true}]}}