{"id":658396,"date":"2026-08-31T18:51:19","date_gmt":"2026-08-31T18:51:19","guid":{"rendered":"https:\/\/www.europesays.com\/pl\/658396\/"},"modified":"2026-08-31T18:51:19","modified_gmt":"2026-08-31T18:51:19","slug":"pucio-kocha-zwierzaki-w-kepie-parnickiej-5","status":"publish","type":"post","link":"https:\/\/www.europesays.com\/pl\/658396\/","title":{"rendered":"Pucio kocha zwierzaki w K\u0119pie Parnickiej"},"content":{"rendered":"<p class=\"atomsHappeningContent__desc\">Opis: U Pucia jak zwykle du\u017co si\u0119 dzieje. Sp\u0119dza wakacje u dziadk\u00f3w na wsi i sadzi swoje pierwsze drzewo, a podczas spaceru w parku rusza z Misi\u0105 na misj\u0119 ratunkow\u0105, by odnale\u017a\u0107 psa s\u0105siada. Kiedy ich w\u0142asny, ukochany Funio gorzej si\u0119 czuje, rodze\u0144stwo robi, co w ich mocy, by poprawi\u0107 mu humor. Wygl\u0105da jednak na to, \u017ce czas odwiedzi\u0107 weterynarza! Emocji nie zabraknie r\u00f3wnie\u017c w przedszkolu: Pucio pomo\u017ce nowej kole\u017cance Malinie odnale\u017a\u0107 si\u0119 w grupie i razem z kolegami odkryje, \u017ce nie trzeba ta\u0144czy\u0107 idealnie \u2013 liczy si\u0119 wyobra\u017ania i rado\u015b\u0107 z bycia razem. <\/p>\n<p>\u201ePucio kocha zwierzaki\u201d to ekranizacja bestsellerowej serii ksi\u0105\u017cek dr Marty Galewskiej-Kustry z ilustracjami Joanny K\u0142os. Opowie\u015bci o Puciu, publikowane przez Wydawnictwo \u201eNasza Ksi\u0119garnia\u201d, w lekki, m\u0105dry i pe\u0142en humoru spos\u00f3b oswajaj\u0105 tematy bliskie wszystkim przedszkolakom. W animacji ponownie us\u0142yszymy gwiazdorsk\u0105 obsad\u0119 dubbingow\u0105: m.in. Joann\u0119 Pach-\u017bbikowsk\u0105, Ma\u0142gorzat\u0119 Soch\u0119 i Artura Barcisia, oraz wyj\u0105tkow\u0105 opraw\u0119 muzyczn\u0105 autorstwa Grzegorza Turnaua.<\/p>\n<p>Zobaczy\u0107 mo\u017cna nast\u0119puj\u0105ce odcinki:<br \/>&#8211; Pucio u weterynarza \u2013 re\u017c. Anna B\u0142aszczyk;<br \/>&#8211; Pucio i Malina w przedszkolu \u2013 re\u017c. Marta Str\u00f3\u017cycka;<br \/>&#8211; Pucio i pojazdy \u2013 re\u017c. Marta Str\u00f3\u017cycka;<br \/>&#8211; Pucio i ko\u0142ysanka dla samolotu \u2013 re\u017c. Marta Str\u00f3\u017cycka;<br \/>&#8211; Pucio ta\u0144czy \u2013 re\u017c. Anna B\u0142aszczyk;<br \/>&#8211; Pucio sadzi drzewo \u2013 re\u017c. Katarzyna Agopsowicz;<br \/>&#8211; Pucio i p\u00f3\u017any spacer \u2013 re\u017c. Dominik Litwiniak.<br \/>Tytu\u0142 oryginalny: Pucio kocha zwierzaki<br \/>Re\u017cyser: Marta Str\u00f3\u017cycka, Anna B\u0142aszczyk, Dominik Litwiniak, Katarzyna Agopsowicz<br \/>Scenariusz: Martyna Wojcieszek, Marta Galewska-Kustra, Rafa\u0142 Skar\u017cycki, Maciej Kur<br \/>Gatunek: animowany<br \/>Czas trwania: 45 minut<br \/>Kraj produkcji: Polska<br \/>Rok produkcji: 2026<br \/>Data premiery w Polsce: 2026-08-21<\/p>\n","protected":false},"excerpt":{"rendered":"Opis: U Pucia jak zwykle du\u017co si\u0119 dzieje. Sp\u0119dza wakacje u dziadk\u00f3w na wsi i sadzi swoje pierwsze&hellip;\n","protected":false},"author":2,"featured_media":658397,"comment_status":"","ping_status":"","sticky":false,"template":"","format":"standard","meta":{"footnotes":"","_share_on_mastodon":"0"},"categories":[51611],"tags":[6226,68212,10195,68268,42,38,40,39,41,2307,22920],"class_list":["post-658396","post","type-post","status-publish","format-standard","has-post-thumbnail","category-szczecin","tag-bilety","tag-film-i-kino","tag-impreza","tag-kepa-parnicka","tag-pl","tag-poland","tag-polish","tag-polska","tag-polski","tag-szczecin","tag-wydarzenie"],"share_on_mastodon":{"url":"https:\/\/pubeurope.com\/@pl\/117191631585389746","error":""},"_links":{"self":[{"href":"https:\/\/www.europesays.com\/pl\/wp-json\/wp\/v2\/posts\/658396","targetHints":{"allow":["GET"]}}],"collection":[{"href":"https:\/\/www.europesays.com\/pl\/wp-json\/wp\/v2\/posts"}],"about":[{"href":"https:\/\/www.europesays.com\/pl\/wp-json\/wp\/v2\/types\/post"}],"author":[{"embeddable":true,"href":"https:\/\/www.europesays.com\/pl\/wp-json\/wp\/v2\/users\/2"}],"replies":[{"embeddable":true,"href":"https:\/\/www.europesays.com\/pl\/wp-json\/wp\/v2\/comments?post=658396"}],"version-history":[{"count":0,"href":"https:\/\/www.europesays.com\/pl\/wp-json\/wp\/v2\/posts\/658396\/revisions"}],"wp:featuredmedia":[{"embeddable":true,"href":"https:\/\/www.europesays.com\/pl\/wp-json\/wp\/v2\/media\/658397"}],"wp:attachment":[{"href":"https:\/\/www.europesays.com\/pl\/wp-json\/wp\/v2\/media?parent=658396"}],"wp:term":[{"taxonomy":"category","embeddable":true,"href":"https:\/\/www.europesays.com\/pl\/wp-json\/wp\/v2\/categories?post=658396"},{"taxonomy":"post_tag","embeddable":true,"href":"https:\/\/www.europesays.com\/pl\/wp-json\/wp\/v2\/tags?post=658396"}],"curies":[{"name":"wp","href":"https:\/\/api.w.org\/{rel}","templated":true}]}}