{"id":658424,"date":"2026-08-31T19:06:13","date_gmt":"2026-08-31T19:06:13","guid":{"rendered":"https:\/\/www.europesays.com\/pl\/658424\/"},"modified":"2026-08-31T19:06:13","modified_gmt":"2026-08-31T19:06:13","slug":"trump-zapowiada-kolejny-cios-w-iran-uderzymy-ich-mocno","status":"publish","type":"post","link":"https:\/\/www.europesays.com\/pl\/658424\/","title":{"rendered":"Trump zapowiada kolejny cios w Iran. &#8222;Uderzymy ich mocno&#8221;"},"content":{"rendered":"<p>Trump stwierdzi\u0142, \u017ce wszystkie rakiety poza jedn\u0105 zosta\u0142y przechwycone. Wed\u0142ug jego relacji ameryka\u0144skie si\u0142y mia\u0142y pozwoli\u0107 tej ostatniej uderzy\u0107, poniewa\u017c nie stanowi\u0142a zagro\u017cenia.<\/p>\n<p>Mimo bezpo\u015bredniej wymiany cios\u00f3w Trump przekonywa\u0142, \u017ce w\u0142adze w\u00a0Teheranie chc\u0105 wr\u00f3ci\u0107 do rozm\u00f3w. &#8211; Bardzo chc\u0105 si\u0119 spotka\u0107. Po prostu nie wiem, czy mo\u017cna liczy\u0107 na porozumienie z\u00a0nimi &#8211; m\u00f3wi\u0142 prezydent.<\/p>\n<p>W\u00a0nocy Trump zamie\u015bci\u0142 na swojej platformie spo\u0142eczno\u015bciowej wygenerowane przez AI wideo, kt\u00f3re mia\u0142o przedstawia\u0107 &#8222;wysp\u0119 Chark rozwalan\u0105 na kawa\u0142ki&#8221;. PAP przypomina, \u017ce Chark to kluczowy o\u015brodek eksportu ropy i\u00a0gazu Iranu, a\u00a0Trump wielokrotnie grozi\u0142 zniszczeniem tamtejszych instalacji, cho\u0107 dot\u0105d do tego nie dosz\u0142o.<\/p>\n","protected":false},"excerpt":{"rendered":"Trump stwierdzi\u0142, \u017ce wszystkie rakiety poza jedn\u0105 zosta\u0142y przechwycone. Wed\u0142ug jego relacji ameryka\u0144skie si\u0142y mia\u0142y pozwoli\u0107 tej ostatniej&hellip;\n","protected":false},"author":2,"featured_media":658425,"comment_status":"","ping_status":"","sticky":false,"template":"","format":"standard","meta":{"footnotes":"","_share_on_mastodon":"0"},"categories":[14],"tags":[32,33,27,34,35,28,31,25,40,41,80,29,30,26,82,83,84],"class_list":["post-658424","post","type-post","status-publish","format-standard","has-post-thumbnail","category-swiat","tag-breaking-news","tag-breakingnews","tag-headlines","tag-latest-news","tag-latestnews","tag-naglowki","tag-najwazniejsze-artykuly","tag-news","tag-polish","tag-polski","tag-swiat","tag-top-stories","tag-topstories","tag-wiadomosci","tag-world","tag-world-news","tag-worldnews"],"share_on_mastodon":{"url":"https:\/\/pubeurope.com\/@pl\/117191690406733990","error":""},"_links":{"self":[{"href":"https:\/\/www.europesays.com\/pl\/wp-json\/wp\/v2\/posts\/658424","targetHints":{"allow":["GET"]}}],"collection":[{"href":"https:\/\/www.europesays.com\/pl\/wp-json\/wp\/v2\/posts"}],"about":[{"href":"https:\/\/www.europesays.com\/pl\/wp-json\/wp\/v2\/types\/post"}],"author":[{"embeddable":true,"href":"https:\/\/www.europesays.com\/pl\/wp-json\/wp\/v2\/users\/2"}],"replies":[{"embeddable":true,"href":"https:\/\/www.europesays.com\/pl\/wp-json\/wp\/v2\/comments?post=658424"}],"version-history":[{"count":0,"href":"https:\/\/www.europesays.com\/pl\/wp-json\/wp\/v2\/posts\/658424\/revisions"}],"wp:featuredmedia":[{"embeddable":true,"href":"https:\/\/www.europesays.com\/pl\/wp-json\/wp\/v2\/media\/658425"}],"wp:attachment":[{"href":"https:\/\/www.europesays.com\/pl\/wp-json\/wp\/v2\/media?parent=658424"}],"wp:term":[{"taxonomy":"category","embeddable":true,"href":"https:\/\/www.europesays.com\/pl\/wp-json\/wp\/v2\/categories?post=658424"},{"taxonomy":"post_tag","embeddable":true,"href":"https:\/\/www.europesays.com\/pl\/wp-json\/wp\/v2\/tags?post=658424"}],"curies":[{"name":"wp","href":"https:\/\/api.w.org\/{rel}","templated":true}]}}