{"id":658488,"date":"2026-08-31T19:48:15","date_gmt":"2026-08-31T19:48:15","guid":{"rendered":"https:\/\/www.europesays.com\/pl\/658488\/"},"modified":"2026-08-31T19:48:15","modified_gmt":"2026-08-31T19:48:15","slug":"pozar-hali-przy-ul-kasprowicza-w-lublinie-straty-siegaja-30-mln-zl-jest-sledztwo-prokuratury","status":"publish","type":"post","link":"https:\/\/www.europesays.com\/pl\/658488\/","title":{"rendered":"Po\u017car hali przy ul. Kasprowicza w Lublinie. Straty si\u0119gaj\u0105 30 mln z\u0142. Jest \u015bledztwo prokuratury"},"content":{"rendered":"<p>Stra\u017c po\u017carna podsumowa\u0142a dzia\u0142ania zwi\u0105zane z po\u017carem hali magazynowo-biurowej przy ul. Kasprowicza w Lublinie. Ogie\u0144 pojawi\u0142 si\u0119 w niedziel\u0119 po po\u0142udniu. W p\u0142omieniach stan\u0105\u0142 obiekt, w kt\u00f3rym znajdowa\u0142y si\u0119 m.in. kompozytowe cz\u0119\u015bci do samolot\u00f3w. Wysoka temperatura doprowadzi\u0142a do zawalenia si\u0119 stalowego dachu. Wst\u0119pnie straty oszacowano na oko\u0142o 30 mln z\u0142.<\/p>\n<p>Zg\u0142oszenie dotycz\u0105ce po\u017caru wp\u0142yn\u0119\u0142o do s\u0142u\u017cb o godz. 14:35. Jak przekaza\u0142 m\u0142. kpt. Bart\u0142omiej Pytka z Komendy Miejskiej PSP w Lublinie, ogniem obj\u0119ta zosta\u0142a hala o wymiarach 25 na 83 metry i wysoko\u015bci oko\u0142o 10 metr\u00f3w. Budynek mia\u0142 konstrukcj\u0119 murowan\u0105 oraz stalowy dach.<\/p>\n<p>Dach hali zawali\u0142 si\u0119 do \u015brodka<\/p>\n<p>Po\u017car szybko doprowadzi\u0142 do powa\u017cnego uszkodzenia konstrukcji obiektu. Pod wp\u0142ywem wysokiej temperatury stalowy dach hali zawali\u0142 si\u0119 do jej wn\u0119trza. Najwi\u0119ksze zniszczenia odnotowano w cz\u0119\u015bci magazynowej, gdzie znajdowa\u0142y si\u0119 materia\u0142y i elementy produkcyjne.<\/p>\n<p>W akcji ga\u015bniczej uczestniczy\u0142o \u0142\u0105cznie 20 zast\u0119p\u00f3w stra\u017cy po\u017carnej. Na miejscu pracowali stra\u017cacy z lubelskich jednostek ratowniczo-ga\u015bniczych oraz druhowie z jednostek OSP z terenu powiatu lubelskiego. Dzia\u0142ania by\u0142y prowadzone przez niemal siedem godzin. Stra\u017cacy zako\u0144czyli akcj\u0119 oko\u0142o godz. 21:15.<\/p>\n<p>Stra\u017cacy wykorzystali drony z kamer\u0105 termowizyjn\u0105<\/p>\n<p>Podczas akcji ratowniczej stra\u017cacy wykorzystali r\u00f3wnie\u017c drony wyposa\u017cone w kamery termowizyjne. Urz\u0105dzenia pozwala\u0142y na bie\u017c\u0105co monitorowa\u0107 pogorzelisko i lokalizowa\u0107 miejsca, w kt\u00f3rych wci\u0105\u017c utrzymywa\u0142a si\u0119 podwy\u017cszona temperatura.<\/p>\n<p>Dzi\u0119ki temu stra\u017cacy mogli wykrywa\u0107 zarzewia ognia, tak\u017ce w trudno dost\u0119pnych miejscach, a nast\u0119pnie kierowa\u0107 w ich stron\u0119 \u015brodki ga\u015bnicze. Mia\u0142o to szczeg\u00f3lne znaczenie po zawaleniu si\u0119 dachu, gdy dost\u0119p do cz\u0119\u015bci hali by\u0142 utrudniony.<\/p>\n<p>Po zako\u0144czeniu dzia\u0142a\u0144 stra\u017cackich wst\u0119pnie oszacowano straty na oko\u0142o 30 mln z\u0142.<\/p>\n<p>Jest \u015bledztwo prokuratury<\/p>\n<p>Teraz przyczyny i okoliczno\u015bci po\u017caru wyja\u015bniaj\u0105 policjanci oraz prokuratura. Prokuratura Rejonowa w Lublinie wszcz\u0119\u0142a \u015bledztwo dotycz\u0105ce po\u017caru hali magazynowo-biurowej przy ul. Kasprowicza.<\/p>\n<p>\u015aledztwo prowadzone jest w kierunku sprowadzenia zagro\u017cenia dla \u017cycia lub zdrowia wielu os\u00f3b albo mienia wielkich rozmiar\u00f3w poprzez spowodowanie po\u017caru. Oznacza to, \u017ce \u015bledczy b\u0119d\u0105 ustala\u0107 nie tylko, co by\u0142o bezpo\u015bredni\u0105 przyczyn\u0105 pojawienia si\u0119 ognia, ale r\u00f3wnie\u017c czy dosz\u0142o do ewentualnych zaniedba\u0144 i czy po\u017car m\u00f3g\u0142 zosta\u0107 spowodowany umy\u015blnie.<\/p>\n<p>W poniedzia\u0142ek w po\u0142udnie na miejscu rozpocz\u0119\u0142y si\u0119 ogl\u0119dziny. W czynno\u015bciach uczestniczy\u0142 m.in. bieg\u0142y z zakresu po\u017carnictwa. Ze wzgl\u0119du na skal\u0119 zniszcze\u0144 ustalenie miejsca powstania oraz przyczyny po\u017caru mo\u017ce wymaga\u0107 szczeg\u00f3\u0142owej analizy pogorzeliska.<\/p>\n<p>Ogie\u0144 mia\u0142 pojawi\u0107 si\u0119 w cz\u0119\u015bci magazynowej<\/p>\n<p>Nieoficjalnie uda\u0142o nam si\u0119 ustali\u0107, \u017ce ogie\u0144 pojawi\u0142 si\u0119 w cz\u0119\u015bci magazynowej hali. To w\u0142a\u015bnie w tej cz\u0119\u015bci obiektu wyst\u0105pi\u0142y najwi\u0119ksze zniszczenia spowodowane przez po\u017car. Znacznie lepiej mia\u0142a zachowa\u0107 si\u0119 cz\u0119\u015b\u0107 biurowa. Wed\u0142ug naszych nieoficjalnych informacji nie zosta\u0142a ona w takim stopniu zniszczona jak cz\u0119\u015b\u0107 magazynowa.<\/p>\n<p>Na tym etapie nie wiadomo jednak, co dok\u0142adnie by\u0142o \u017ar\u00f3d\u0142em ognia. Ostateczne ustalenia w tej sprawie maj\u0105 przynie\u015b\u0107 prowadzone przez \u015bledczych ogl\u0119dziny oraz opinia bieg\u0142ego.<\/p>\n<p>Firma produkuje elementy lotnicze<\/p>\n<p>Hala, kt\u00f3ra uleg\u0142a zniszczeniu, nale\u017ca\u0142a do sp\u00f3\u0142ki powi\u0105zanej z w\u0142oskimi podmiotami. Firma zajmowa\u0142a si\u0119 produkcj\u0105 element\u00f3w wykorzystywanych w bran\u017cy lotniczej. W\u015br\u00f3d znajduj\u0105cych si\u0119 w obiekcie materia\u0142\u00f3w by\u0142y m.in. kompozytowe cz\u0119\u015bci do samolot\u00f3w.<\/p>\n<p>Sp\u00f3\u0142ka dostarcza\u0142a swoje elementy m.in. do PZL-\u015awidnik. Nieoficjalnie wiadomo r\u00f3wnie\u017c, \u017ce zak\u0142ad mia\u0142 produkowa\u0107 elementy wykorzystywane przy budowie dron\u00f3w, kt\u00f3re trafia\u0142y na Ukrain\u0119.\u00a0 Przyczyna pojawienia si\u0119 ognia pozostaje przedmiotem post\u0119powania.<\/p>\n<p>Teraz kluczowe dla \u015bledczych b\u0119dzie ustalenie, gdzie dok\u0142adnie rozpocz\u0105\u0142 si\u0119 po\u017car, co by\u0142o jego przyczyn\u0105 oraz czy mo\u017cna m\u00f3wi\u0107 o dzia\u0142aniu os\u00f3b trzecich lub ewentualnych zaniedbaniach.<\/p>\n<p>Post\u0119powanie prowadzone przez Prokuratur\u0119 Rejonow\u0105 w Lublinie ma wyja\u015bni\u0107 wszystkie okoliczno\u015bci zdarzenia. Na wyniki ogl\u0119dzin i opini\u0119 bieg\u0142ego trzeba b\u0119dzie jeszcze poczeka\u0107.<\/p>\n<p>\n                                    <a href=\"https:\/\/www.google.com\/preferences\/source?q=lublin112.pl\" target=\"_blank\" rel=\"noopener noreferrer nofollow\" onclick=\"if (!window.__cfRLUnblockHandlers) return false; gtag(&#039;event&#039;, &#039;google_preferred_source_click&#039;, {&#010;                                           &#039;link_url&#039;: this.href,&#010;                                           &#039;link_text&#039;: &#039;Ustaw lublin112.pl jako preferowane \u017ar\u00f3d\u0142o&#039;&#010;                                       });\" style=\"text-align:center;display:block;\" data-cf-modified-be72b0eddf440ff0d2292993-=\"\"><br \/>\n                                        <img decoding=\"async\" src=\"https:\/\/www.europesays.com\/pl\/wp-content\/uploads\/2026\/08\/1788205695_193_lublin112-google-source.webp\" alt=\"Ustaw lublin112.pl jako preferowane \u017ar\u00f3d\u0142o w Google\" style=\"max-width: 70%;\"\/><br \/>\n                                    <\/a><br \/>\n                                    <\/p>\n","protected":false},"excerpt":{"rendered":"Stra\u017c po\u017carna podsumowa\u0142a dzia\u0142ania zwi\u0105zane z po\u017carem hali magazynowo-biurowej przy ul. Kasprowicza w Lublinie. Ogie\u0144 pojawi\u0142 si\u0119 w&hellip;\n","protected":false},"author":2,"featured_media":658489,"comment_status":"","ping_status":"","sticky":false,"template":"","format":"standard","meta":{"footnotes":"","_share_on_mastodon":"0"},"categories":[51612],"tags":[74596,144,20195,94206,1081,42,38,40,39,41,2148,127958,98768,1627,128229,1389,10392],"class_list":["post-658488","post","type-post","status-publish","format-standard","has-post-thumbnail","category-lublin","tag-akcja-gasnicza","tag-drony","tag-hala","tag-kasprowicza","tag-lublin","tag-pl","tag-poland","tag-polish","tag-polska","tag-polski","tag-pozar","tag-pozar-hali","tag-pozar-w-lublinie","tag-prokuratura","tag-przemysl-lotniczy","tag-sledztwo","tag-straty"],"share_on_mastodon":{"url":"https:\/\/pubeurope.com\/@pl\/117191856569865288","error":""},"_links":{"self":[{"href":"https:\/\/www.europesays.com\/pl\/wp-json\/wp\/v2\/posts\/658488","targetHints":{"allow":["GET"]}}],"collection":[{"href":"https:\/\/www.europesays.com\/pl\/wp-json\/wp\/v2\/posts"}],"about":[{"href":"https:\/\/www.europesays.com\/pl\/wp-json\/wp\/v2\/types\/post"}],"author":[{"embeddable":true,"href":"https:\/\/www.europesays.com\/pl\/wp-json\/wp\/v2\/users\/2"}],"replies":[{"embeddable":true,"href":"https:\/\/www.europesays.com\/pl\/wp-json\/wp\/v2\/comments?post=658488"}],"version-history":[{"count":0,"href":"https:\/\/www.europesays.com\/pl\/wp-json\/wp\/v2\/posts\/658488\/revisions"}],"wp:featuredmedia":[{"embeddable":true,"href":"https:\/\/www.europesays.com\/pl\/wp-json\/wp\/v2\/media\/658489"}],"wp:attachment":[{"href":"https:\/\/www.europesays.com\/pl\/wp-json\/wp\/v2\/media?parent=658488"}],"wp:term":[{"taxonomy":"category","embeddable":true,"href":"https:\/\/www.europesays.com\/pl\/wp-json\/wp\/v2\/categories?post=658488"},{"taxonomy":"post_tag","embeddable":true,"href":"https:\/\/www.europesays.com\/pl\/wp-json\/wp\/v2\/tags?post=658488"}],"curies":[{"name":"wp","href":"https:\/\/api.w.org\/{rel}","templated":true}]}}