{"id":658518,"date":"2026-08-31T20:07:18","date_gmt":"2026-08-31T20:07:18","guid":{"rendered":"https:\/\/www.europesays.com\/pl\/658518\/"},"modified":"2026-08-31T20:07:18","modified_gmt":"2026-08-31T20:07:18","slug":"tajemnicza-zapowiedz-zelenskiego-wrzesien-moze-wiele-zmienic","status":"publish","type":"post","link":"https:\/\/www.europesays.com\/pl\/658518\/","title":{"rendered":"Tajemnicza zapowied\u017a Ze\u0142enskiego. &#8222;Wrzesie\u0144 mo\u017ce wiele zmieni\u0107&#8221;"},"content":{"rendered":"<p><a href=\"https:\/\/www.google.com\/preferences\/source?q=wiadomosci.wp.pl\" target=\"_blank\" rel=\"nofollow noopener\" class=\"preferred-source-banner\" id=\"preferred-source-banner\" data-vab-box=\"preferred_source_banner\"><\/p>\n<p class=\"preferred-source-banner-title\">Dodaj WP Wiadomo\u015bci jako preferowane \u017ar\u00f3d\u0142o w Google<\/p>\n<p class=\"preferred-source-banner-subtitle\">Nasze tre\u015bci b\u0119d\u0105 cz\u0119\u015bciej wy\u015bwietla\u0107 si\u0119 w Twoich wynikach Google<\/p>\n<p><\/a> <\/p>\n<p>Prezydent Ukrainy Wo\u0142odymyr Ze\u0142enski poinformowa\u0142 w\u00a0poniedzia\u0142ek w\u00a0nowym nagraniu, \u017ce <a href=\"https:\/\/www.o2.pl\/informacje\/putin-znow-wykorzysta-teren-bialorusi-niepokojaca-analiza-7324290432837696a\" rel=\"noopener noreferrer nofollow\" target=\"_blank\">Kij\u00f3w przygotowuje kolejne dzia\u0142ania w\u00a0odpowiedzi na rosyjskie ataki<\/a>. Jak przekaza\u0142, podczas narady z\u00a0udzia\u0142em naczelnego dow\u00f3dcy Si\u0142 Zbrojnych Ukrainy oraz S\u0142u\u017cby Bezpiecze\u0144stwa Ukrainy omawiano ukrai\u0144skie uderzenia dalekiego zasi\u0119gu b\u0119d\u0105ce odpowiedzi\u0105 na rosyjskie ostrza\u0142y.<\/p>\n<p>Prezydent przekaza\u0142, \u017ce Ukraina przygotowuje kolejne kroki i\u00a0dzia\u0142ania, kt\u00f3re maj\u0105 zosta\u0107 podj\u0119te we wrze\u015bniu. W\u00a0tej sprawie rozmawia\u0142 z\u00a0premierem Ukrainy oraz zespo\u0142em dyplomatycznym.<\/p>\n<p>Ze\u0142enski o tym, co w\u0142adze Ukrainy maj\u0105 w planach<\/p>\n<p>&#8211; Przygotowujemy nowe kroki. Rozmawiali\u015bmy z\u00a0premierem Ukrainy i\u00a0zespo\u0142em dyplomatycznym o\u00a0dzia\u0142aniach we wrze\u015bniu &#8211; poinformowa\u0142.<\/p>\n<p> <img role=\"presentation\" class=\"absolute left-1\/2 top-1\/2 max-h-[80%] max-w-[100px] -translate-x-1\/2 -translate-y-1\/2\" src=\"https:\/\/v.wpimg.pl\/ZXJfd3AudTkrBBIAbg54LGhcRlAxHQUrPgJGH2MAeGJoSQ1eIBI_K2UHAEVuBTY5KQMMXC0RPyoVERQdMgM9ejc\" loading=\"lazy\" decoding=\"async\"\/> <\/p>\n<p>Jak zaznaczy\u0142 Ze\u0142enski, prowadzone przez Ukrain\u0119 rozmowy z\u00a0partnerami powinny przynie\u015b\u0107 konkretne efekty w\u00a0kraju, m.in. w\u00a0zakresie zdolno\u015bci obronnych i\u00a0wsparcia energetycznego.<\/p>\n<p>&#8211; Wszystkie nasze spotkania, wszystkie nasze negocjacje musz\u0105 by\u0107 odczuwalne tutaj, w\u00a0Ukrainie, zar\u00f3wno w\u00a0naszych zdolno\u015bciach obronnych, jak i\u00a0poprzez dodatkowe pakiety energetyczne dla Ukrainy &#8211; powiedzia\u0142.<\/p>\n<p>Ze\u0142enski podkre\u015bli\u0142, \u017ce na szczeblu politycznym Ukraina ma ju\u017c konkretne ustalenia z\u00a0najwa\u017cniejszymi partnerami. Wymieni\u0142 m.in. Kanad\u0119, Uni\u0119 Europejsk\u0105, Wielk\u0105 Brytani\u0119 i\u00a0Stany Zjednoczone.<\/p>\n<p> <img role=\"presentation\" class=\"absolute left-1\/2 top-1\/2 max-h-[80%] max-w-[100px] -translate-x-1\/2 -translate-y-1\/2\" src=\"https:\/\/v.wpimg.pl\/ZXJfd3AudTkrBBIAbg54LGhcRlAxHQUrPgJGH2MAeGJoSQ1eIBI_K2UHAEVuBTY5KQMMXC0RPyoVERQdMgM9ejc\" loading=\"lazy\" decoding=\"async\"\/><\/p>\n<p>Rozmowa z przedstawicielami USA<\/p>\n<p>Ze\u0142enski poinformowa\u0142 r\u00f3wnie\u017c o\u00a0rozmowie z\u00a0przedstawicielami prezydenta USA. Jak przekaza\u0142, rozmawia\u0142 ze Steve&#8217;em Witkoffem i\u00a0Jaredem Kushnerem, kt\u00f3rzy przygotowuj\u0105 si\u0119 do spotkania i\u00a0kontakt\u00f3w ze stron\u0105 rosyjsk\u0105 oraz do wizyty w\u00a0Ukrainie. &#8211; Poinformowa\u0142em Steve&#8217;a i\u00a0Jareda o\u00a0zmianie sytuacji tutaj, w\u00a0Ukrainie, na froncie oraz w\u00a0zwi\u0105zku z\u00a0rosyjskimi atakami &#8211; wskaza\u0142 Ze\u0142enski.<\/p>\n<p> <a href=\"https:\/\/wiadomosci.wp.pl\/nocny-dramat-pod-kijowem-zelenski-ostro-o-zaniedbaniach-lokalnej-wladzy-7323693003176000a\" class=\"teaser-inline\" rel=\"nofollow noopener\" target=\"_blank\">  <img decoding=\"async\" src=\"https:\/\/www.europesays.com\/pl\/wp-content\/uploads\/2026\/08\/1788206837_718_NzczZTVkYRsCGCxneRBsDkFAeD0_SWJYFlhgdnlafEJTAnUyPwcrCAYKNXoxGTsKAg0qeiYHYRsTE3UiZ0QqExAKNjUvRCsXAR8-.jpeg\" loading=\"lazy\" class=\"wp-media-image cropped\" alt=\"Nocny dramat pod Kijowem. Ze\u0142enski ostro o zaniedbaniach lokalnej w\u0142adzy\"\/><\/p>\n<p>Nocny dramat pod Kijowem. Ze\u0142enski ostro o zaniedbaniach lokalnej w\u0142adzy<\/p>\n<p><\/a> <\/p>\n<p>Rozmowa dotyczy\u0142a tak\u017ce mo\u017cliwo\u015bci sk\u0142onienia Rosji do podj\u0119cia dzia\u0142a\u0144 prowadz\u0105cych do zako\u0144czenia wojny. Ze\u0142enski oceni\u0142, \u017ce dotychczasowe sygna\u0142y p\u0142yn\u0105ce z\u00a0Rosji wskazuj\u0105 na to, \u017ce W\u0142adimir Putin nadal chce prowadzi\u0107 wojn\u0119.<\/p>\n<p> <img role=\"presentation\" class=\"absolute left-1\/2 top-1\/2 max-h-[80%] max-w-[100px] -translate-x-1\/2 -translate-y-1\/2\" src=\"https:\/\/v.wpimg.pl\/ZXJfd3AudTkrBBIAbg54LGhcRlAxHQUrPgJGH2MAeGJoSQ1eIBI_K2UHAEVuBTY5KQMMXC0RPyoVERQdMgM9ejc\" loading=\"lazy\" decoding=\"async\"\/> <a href=\"https:\/\/wiadomosci.wp.pl\/putin-spotka-sie-z-trumpem-i-zelenskim-kreml-stawia-sprawe-jasno-7324120876869664a\" class=\"teaser-inline\" rel=\"nofollow noopener\" target=\"_blank\">  <img decoding=\"async\" src=\"https:\/\/www.europesays.com\/pl\/wp-content\/uploads\/2026\/08\/YTU4ZTMzdjU0VixnYgF7IHcOeD0kWHV2IBZgdmJLa2xlTHUyJBY8JjBENXoqCCwkNEMqej0WdjUlXXUifFU9PSZENjU0VTw5N1E-.jpeg\" loading=\"lazy\" class=\"wp-media-image cropped\" alt=\"Putin spotka si\u0119 z Trumpem i Ze\u0142enskim? Kreml stawia spraw\u0119 jasno\"\/><\/p>\n<p>Putin spotka si\u0119 z Trumpem i Ze\u0142enskim? Kreml stawia spraw\u0119 jasno<\/p>\n<p><\/a> <\/p>\n<p>&#8211; Na razie niestety wszystkie dane wywiadowcze &#8211; zar\u00f3wno nasze, jak i\u00a0naszych partner\u00f3w &#8211; oraz wszystkie sygna\u0142y p\u0142yn\u0105ce z\u00a0Rosji wskazuj\u0105, \u017ce rosyjski przyw\u00f3dca osobi\u015bcie d\u0105\u017cy do eskalacji wojny &#8211; o\u015bwiadczy\u0142.<\/p>\n<p>Na koniec ukrai\u0144ski prezydent podkre\u015bli\u0142 znaczenie nadchodz\u0105cego miesi\u0105ca. &#8211; Wrzesie\u0144 mo\u017ce wiele zmieni\u0107 i\u00a0trzeba, \u017ceby\u015bmy razem z\u00a0partnerami zrobili wszystko dla ochrony ludzi, ochrony \u017cycia i\u00a0dla pokoju &#8211; pad\u0142o.<\/p>\n","protected":false},"excerpt":{"rendered":"Dodaj WP Wiadomo\u015bci jako preferowane \u017ar\u00f3d\u0142o w Google Nasze tre\u015bci b\u0119d\u0105 cz\u0119\u015bciej wy\u015bwietla\u0107 si\u0119 w Twoich wynikach Google&hellip;\n","protected":false},"author":2,"featured_media":658519,"comment_status":"","ping_status":"","sticky":false,"template":"","format":"standard","meta":{"footnotes":"","_share_on_mastodon":"0"},"categories":[14],"tags":[32,33,27,34,35,28,31,25,40,41,80,29,30,26,82,83,84],"class_list":["post-658518","post","type-post","status-publish","format-standard","has-post-thumbnail","category-swiat","tag-breaking-news","tag-breakingnews","tag-headlines","tag-latest-news","tag-latestnews","tag-naglowki","tag-najwazniejsze-artykuly","tag-news","tag-polish","tag-polski","tag-swiat","tag-top-stories","tag-topstories","tag-wiadomosci","tag-world","tag-world-news","tag-worldnews"],"share_on_mastodon":{"url":"https:\/\/pubeurope.com\/@pl\/117191930437618605","error":""},"_links":{"self":[{"href":"https:\/\/www.europesays.com\/pl\/wp-json\/wp\/v2\/posts\/658518","targetHints":{"allow":["GET"]}}],"collection":[{"href":"https:\/\/www.europesays.com\/pl\/wp-json\/wp\/v2\/posts"}],"about":[{"href":"https:\/\/www.europesays.com\/pl\/wp-json\/wp\/v2\/types\/post"}],"author":[{"embeddable":true,"href":"https:\/\/www.europesays.com\/pl\/wp-json\/wp\/v2\/users\/2"}],"replies":[{"embeddable":true,"href":"https:\/\/www.europesays.com\/pl\/wp-json\/wp\/v2\/comments?post=658518"}],"version-history":[{"count":0,"href":"https:\/\/www.europesays.com\/pl\/wp-json\/wp\/v2\/posts\/658518\/revisions"}],"wp:featuredmedia":[{"embeddable":true,"href":"https:\/\/www.europesays.com\/pl\/wp-json\/wp\/v2\/media\/658519"}],"wp:attachment":[{"href":"https:\/\/www.europesays.com\/pl\/wp-json\/wp\/v2\/media?parent=658518"}],"wp:term":[{"taxonomy":"category","embeddable":true,"href":"https:\/\/www.europesays.com\/pl\/wp-json\/wp\/v2\/categories?post=658518"},{"taxonomy":"post_tag","embeddable":true,"href":"https:\/\/www.europesays.com\/pl\/wp-json\/wp\/v2\/tags?post=658518"}],"curies":[{"name":"wp","href":"https:\/\/api.w.org\/{rel}","templated":true}]}}